{"id":83240,"date":"2022-07-30T13:18:46","date_gmt":"2022-07-30T18:18:46","guid":{"rendered":"https:\/\/futbolhoy.co\/?p=83240"},"modified":"2022-07-30T20:52:48","modified_gmt":"2022-07-31T01:52:48","slug":"primer-titulo-de-la-temporada-para-luis-diaz","status":"publish","type":"post","link":"https:\/\/futbolhoy.co\/index.php\/2022\/07\/30\/primer-titulo-de-la-temporada-para-luis-diaz\/","title":{"rendered":"Primer t\u00edtulo de la temporada para Luis D\u00edaz"},"content":{"rendered":"<p style=\"text-align: justify;\"><span style=\"font-family: helvetica, arial, sans-serif;\"><strong>Liverpool,<\/strong> con el colombiano <strong>Luis D\u00edaz<\/strong>, conquist\u00f3 su primer t\u00edtulo de la temporada, luego de vencer 3-1 al <strong>Manchester City<\/strong> en la <strong>Community Shield<\/strong>, celebrada en el <strong>King Power Stadium<\/strong> de Leicester.<\/span><\/p>\n<p style=\"text-align: justify;\"><span style=\"font-family: helvetica, arial, sans-serif;\">Los goles del triunfo fueron anotados por <strong>Trent Alexander Arnold<\/strong> (21\u2019) con asistencia de <strong>Mohamed Salah<\/strong>, luego de una gran jugada en la que particip\u00f3 el guajiro; <strong>Salah<\/strong> (83\u2019) \u00b4de penalti tras consultar al VAR, y <strong>Darwin N\u00fa\u00f1ez<\/strong> de cabeza.<\/span><\/p>\n<p style=\"text-align: justify;\"><span style=\"font-family: helvetica, arial, sans-serif;\">La decisi\u00f3n en el penalti se tom\u00f3 unos minutos, luego que el \u00e1rbitro recurri\u00f3 a la ayuda tecnol\u00f3gica para confirmar una mano del portugu\u00e9s <strong>Rub\u00e9n Dias.<\/strong><\/span><\/p>\n<p style=\"text-align: justify;\"><span style=\"font-family: helvetica, arial, sans-serif;\">El descuento, del equipo que dirige <strong>Pep Guardiola<\/strong>, fue marcado por <strong>Juli\u00e1n \u00c1lvarez<\/strong> (70\u2019).<\/span><\/p>\n<p style=\"text-align: justify;\"><span style=\"font-family: helvetica, arial, sans-serif;\"><strong>D\u00edaz,<\/strong> quien fue sustituido a los 89 minutos, se convirti\u00f3 en el segundo colombiano en ganar el torneo ingl\u00e9s, despu\u00e9s de <strong>David Ospina<\/strong> que lo alcanz\u00f3 con <strong>Arsenal<\/strong> en tres oportunidades en 2014, 2015 (no fue convocado) y 2017 (suplente de Petr Cech).<\/span><\/p>\n<p style=\"text-align: justify;\"><span style=\"font-family: helvetica, arial, sans-serif;\">En finales tambi\u00e9n estuvieron Faustino Asprilla (Newcatle), Falcao Garc\u00eda y Juan Guillermo Cuadrado (Chelsea).<\/span><\/p>\n","protected":false},"excerpt":{"rendered":"<p>Liverpool, con el colombiano Luis D\u00edaz, conquist\u00f3 su primer t\u00edtulo de la temporada, luego de vencer 3-1 al Manchester City en la Community Shield, celebrada en el King Power Stadium de Leicester. Los goles del triunfo fueron anotados por Trent Alexander Arnold (21\u2019) con asistencia de Mohamed Salah, luego de una gran jugada en la [&hellip;]<\/p>\n","protected":false},"author":5,"featured_media":83241,"comment_status":"open","ping_status":"open","sticky":false,"template":"","format":"standard","meta":{"_acf_changed":false,"footnotes":""},"categories":[418],"tags":[],"class_list":{"0":"post-83240","1":"post","2":"type-post","3":"status-publish","4":"format-standard","5":"has-post-thumbnail","7":"category-colombia"},"acf":[],"yoast_head":"<!-- This site is optimized with the Yoast SEO plugin v26.8 - https:\/\/yoast.com\/product\/yoast-seo-wordpress\/ -->\n<title>Primer t\u00edtulo de la temporada para Luis D\u00edaz -<\/title>\n<meta name=\"robots\" content=\"index, follow, max-snippet:-1, max-image-preview:large, max-video-preview:-1\" \/>\n<link rel=\"canonical\" href=\"https:\/\/futbolhoy.co\/index.php\/2022\/07\/30\/primer-titulo-de-la-temporada-para-luis-diaz\/\" \/>\n<meta property=\"og:locale\" content=\"es_ES\" \/>\n<meta property=\"og:type\" content=\"article\" \/>\n<meta property=\"og:title\" content=\"Primer t\u00edtulo de la temporada para Luis D\u00edaz -\" \/>\n<meta property=\"og:description\" content=\"Liverpool, con el colombiano Luis D\u00edaz, conquist\u00f3 su primer t\u00edtulo de la temporada, luego de vencer 3-1 al Manchester City en la Community Shield, celebrada en el King Power Stadium de Leicester. Los goles del triunfo fueron anotados por Trent Alexander Arnold (21\u2019) con asistencia de Mohamed Salah, luego de una gran jugada en la [&hellip;]\" \/>\n<meta property=\"og:url\" content=\"https:\/\/futbolhoy.co\/index.php\/2022\/07\/30\/primer-titulo-de-la-temporada-para-luis-diaz\/\" \/>\n<meta property=\"article:publisher\" content=\"https:\/\/www.facebook.com\/FutbolHoyCol\/\" \/>\n<meta property=\"article:published_time\" content=\"2022-07-30T18:18:46+00:00\" \/>\n<meta property=\"article:modified_time\" content=\"2022-07-31T01:52:48+00:00\" \/>\n<meta property=\"og:image\" content=\"https:\/\/futbolhoy.co\/wp-content\/uploads\/2022\/07\/20220730_131626-scaled.jpg\" \/>\n\t<meta property=\"og:image:width\" content=\"2560\" \/>\n\t<meta property=\"og:image:height\" content=\"1706\" \/>\n\t<meta property=\"og:image:type\" content=\"image\/jpeg\" \/>\n<meta name=\"author\" content=\"Laura Hern\u00e1ndez\" \/>\n<meta name=\"twitter:card\" content=\"summary_large_image\" \/>\n<meta name=\"twitter:creator\" content=\"@FutbolHoyCol\" \/>\n<meta name=\"twitter:site\" content=\"@FutbolHoyCol\" \/>\n<meta name=\"twitter:label1\" content=\"Escrito por\" \/>\n\t<meta name=\"twitter:data1\" content=\"Laura Hern\u00e1ndez\" \/>\n\t<meta name=\"twitter:label2\" content=\"Tiempo de lectura\" \/>\n\t<meta name=\"twitter:data2\" content=\"1 minuto\" \/>\n<script type=\"application\/ld+json\" class=\"yoast-schema-graph\">{\"@context\":\"https:\/\/schema.org\",\"@graph\":[{\"@type\":\"Article\",\"@id\":\"https:\/\/futbolhoy.co\/index.php\/2022\/07\/30\/primer-titulo-de-la-temporada-para-luis-diaz\/#article\",\"isPartOf\":{\"@id\":\"https:\/\/futbolhoy.co\/index.php\/2022\/07\/30\/primer-titulo-de-la-temporada-para-luis-diaz\/\"},\"author\":{\"name\":\"Laura Hern\u00e1ndez\",\"@id\":\"https:\/\/futbolhoy.co\/#\/schema\/person\/c4a353a512b127643723a34bb1812f7d\"},\"headline\":\"Primer t\u00edtulo de la temporada para Luis D\u00edaz\",\"datePublished\":\"2022-07-30T18:18:46+00:00\",\"dateModified\":\"2022-07-31T01:52:48+00:00\",\"mainEntityOfPage\":{\"@id\":\"https:\/\/futbolhoy.co\/index.php\/2022\/07\/30\/primer-titulo-de-la-temporada-para-luis-diaz\/\"},\"wordCount\":185,\"commentCount\":0,\"publisher\":{\"@id\":\"https:\/\/futbolhoy.co\/#organization\"},\"image\":{\"@id\":\"https:\/\/futbolhoy.co\/index.php\/2022\/07\/30\/primer-titulo-de-la-temporada-para-luis-diaz\/#primaryimage\"},\"thumbnailUrl\":\"https:\/\/futbolhoy.co\/wp-content\/uploads\/2022\/07\/20220730_131626-scaled.jpg\",\"articleSection\":[\"Colombia\"],\"inLanguage\":\"es\",\"potentialAction\":[{\"@type\":\"CommentAction\",\"name\":\"Comment\",\"target\":[\"https:\/\/futbolhoy.co\/index.php\/2022\/07\/30\/primer-titulo-de-la-temporada-para-luis-diaz\/#respond\"]}]},{\"@type\":\"WebPage\",\"@id\":\"https:\/\/futbolhoy.co\/index.php\/2022\/07\/30\/primer-titulo-de-la-temporada-para-luis-diaz\/\",\"url\":\"https:\/\/futbolhoy.co\/index.php\/2022\/07\/30\/primer-titulo-de-la-temporada-para-luis-diaz\/\",\"name\":\"Primer t\u00edtulo de la temporada para Luis D\u00edaz -\",\"isPartOf\":{\"@id\":\"https:\/\/futbolhoy.co\/#website\"},\"primaryImageOfPage\":{\"@id\":\"https:\/\/futbolhoy.co\/index.php\/2022\/07\/30\/primer-titulo-de-la-temporada-para-luis-diaz\/#primaryimage\"},\"image\":{\"@id\":\"https:\/\/futbolhoy.co\/index.php\/2022\/07\/30\/primer-titulo-de-la-temporada-para-luis-diaz\/#primaryimage\"},\"thumbnailUrl\":\"https:\/\/futbolhoy.co\/wp-content\/uploads\/2022\/07\/20220730_131626-scaled.jpg\",\"datePublished\":\"2022-07-30T18:18:46+00:00\",\"dateModified\":\"2022-07-31T01:52:48+00:00\",\"breadcrumb\":{\"@id\":\"https:\/\/futbolhoy.co\/index.php\/2022\/07\/30\/primer-titulo-de-la-temporada-para-luis-diaz\/#breadcrumb\"},\"inLanguage\":\"es\",\"potentialAction\":[{\"@type\":\"ReadAction\",\"target\":[\"https:\/\/futbolhoy.co\/index.php\/2022\/07\/30\/primer-titulo-de-la-temporada-para-luis-diaz\/\"]}]},{\"@type\":\"ImageObject\",\"inLanguage\":\"es\",\"@id\":\"https:\/\/futbolhoy.co\/index.php\/2022\/07\/30\/primer-titulo-de-la-temporada-para-luis-diaz\/#primaryimage\",\"url\":\"https:\/\/futbolhoy.co\/wp-content\/uploads\/2022\/07\/20220730_131626-scaled.jpg\",\"contentUrl\":\"https:\/\/futbolhoy.co\/wp-content\/uploads\/2022\/07\/20220730_131626-scaled.jpg\",\"width\":2560,\"height\":1706},{\"@type\":\"BreadcrumbList\",\"@id\":\"https:\/\/futbolhoy.co\/index.php\/2022\/07\/30\/primer-titulo-de-la-temporada-para-luis-diaz\/#breadcrumb\",\"itemListElement\":[{\"@type\":\"ListItem\",\"position\":1,\"name\":\"Portada\",\"item\":\"https:\/\/futbolhoy.co\/\"},{\"@type\":\"ListItem\",\"position\":2,\"name\":\"Primer t\u00edtulo de la temporada para Luis D\u00edaz\"}]},{\"@type\":\"WebSite\",\"@id\":\"https:\/\/futbolhoy.co\/#website\",\"url\":\"https:\/\/futbolhoy.co\/\",\"name\":\"FutbolHoy\",\"description\":\"\",\"publisher\":{\"@id\":\"https:\/\/futbolhoy.co\/#organization\"},\"potentialAction\":[{\"@type\":\"SearchAction\",\"target\":{\"@type\":\"EntryPoint\",\"urlTemplate\":\"https:\/\/futbolhoy.co\/?s={search_term_string}\"},\"query-input\":{\"@type\":\"PropertyValueSpecification\",\"valueRequired\":true,\"valueName\":\"search_term_string\"}}],\"inLanguage\":\"es\"},{\"@type\":\"Organization\",\"@id\":\"https:\/\/futbolhoy.co\/#organization\",\"name\":\"Futbolhoy.co\",\"url\":\"https:\/\/futbolhoy.co\/\",\"logo\":{\"@type\":\"ImageObject\",\"inLanguage\":\"es\",\"@id\":\"https:\/\/futbolhoy.co\/#\/schema\/logo\/image\/\",\"url\":\"https:\/\/futbolhoy.co\/wp-content\/uploads\/2018\/08\/17426380_1906371736249227_6326180412931521141_n.jpg\",\"contentUrl\":\"https:\/\/futbolhoy.co\/wp-content\/uploads\/2018\/08\/17426380_1906371736249227_6326180412931521141_n.jpg\",\"width\":960,\"height\":960,\"caption\":\"Futbolhoy.co\"},\"image\":{\"@id\":\"https:\/\/futbolhoy.co\/#\/schema\/logo\/image\/\"},\"sameAs\":[\"https:\/\/www.facebook.com\/FutbolHoyCol\/\",\"https:\/\/x.com\/FutbolHoyCol\",\"https:\/\/www.instagram.com\/futbolhoycol\/\"]},{\"@type\":\"Person\",\"@id\":\"https:\/\/futbolhoy.co\/#\/schema\/person\/c4a353a512b127643723a34bb1812f7d\",\"name\":\"Laura Hern\u00e1ndez\",\"image\":{\"@type\":\"ImageObject\",\"inLanguage\":\"es\",\"@id\":\"https:\/\/futbolhoy.co\/#\/schema\/person\/image\/\",\"url\":\"https:\/\/secure.gravatar.com\/avatar\/d25959a15b9b293a743f99181c7cfd01?s=96&d=mm&r=g\",\"contentUrl\":\"https:\/\/secure.gravatar.com\/avatar\/d25959a15b9b293a743f99181c7cfd01?s=96&d=mm&r=g\",\"caption\":\"Laura Hern\u00e1ndez\"}}]}<\/script>\n<!-- \/ Yoast SEO plugin. -->","yoast_head_json":{"title":"Primer t\u00edtulo de la temporada para Luis D\u00edaz -","robots":{"index":"index","follow":"follow","max-snippet":"max-snippet:-1","max-image-preview":"max-image-preview:large","max-video-preview":"max-video-preview:-1"},"canonical":"https:\/\/futbolhoy.co\/index.php\/2022\/07\/30\/primer-titulo-de-la-temporada-para-luis-diaz\/","og_locale":"es_ES","og_type":"article","og_title":"Primer t\u00edtulo de la temporada para Luis D\u00edaz -","og_description":"Liverpool, con el colombiano Luis D\u00edaz, conquist\u00f3 su primer t\u00edtulo de la temporada, luego de vencer 3-1 al Manchester City en la Community Shield, celebrada en el King Power Stadium de Leicester. Los goles del triunfo fueron anotados por Trent Alexander Arnold (21\u2019) con asistencia de Mohamed Salah, luego de una gran jugada en la [&hellip;]","og_url":"https:\/\/futbolhoy.co\/index.php\/2022\/07\/30\/primer-titulo-de-la-temporada-para-luis-diaz\/","article_publisher":"https:\/\/www.facebook.com\/FutbolHoyCol\/","article_published_time":"2022-07-30T18:18:46+00:00","article_modified_time":"2022-07-31T01:52:48+00:00","og_image":[{"width":2560,"height":1706,"url":"https:\/\/futbolhoy.co\/wp-content\/uploads\/2022\/07\/20220730_131626-scaled.jpg","type":"image\/jpeg"}],"author":"Laura Hern\u00e1ndez","twitter_card":"summary_large_image","twitter_creator":"@FutbolHoyCol","twitter_site":"@FutbolHoyCol","twitter_misc":{"Escrito por":"Laura Hern\u00e1ndez","Tiempo de lectura":"1 minuto"},"schema":{"@context":"https:\/\/schema.org","@graph":[{"@type":"Article","@id":"https:\/\/futbolhoy.co\/index.php\/2022\/07\/30\/primer-titulo-de-la-temporada-para-luis-diaz\/#article","isPartOf":{"@id":"https:\/\/futbolhoy.co\/index.php\/2022\/07\/30\/primer-titulo-de-la-temporada-para-luis-diaz\/"},"author":{"name":"Laura Hern\u00e1ndez","@id":"https:\/\/futbolhoy.co\/#\/schema\/person\/c4a353a512b127643723a34bb1812f7d"},"headline":"Primer t\u00edtulo de la temporada para Luis D\u00edaz","datePublished":"2022-07-30T18:18:46+00:00","dateModified":"2022-07-31T01:52:48+00:00","mainEntityOfPage":{"@id":"https:\/\/futbolhoy.co\/index.php\/2022\/07\/30\/primer-titulo-de-la-temporada-para-luis-diaz\/"},"wordCount":185,"commentCount":0,"publisher":{"@id":"https:\/\/futbolhoy.co\/#organization"},"image":{"@id":"https:\/\/futbolhoy.co\/index.php\/2022\/07\/30\/primer-titulo-de-la-temporada-para-luis-diaz\/#primaryimage"},"thumbnailUrl":"https:\/\/futbolhoy.co\/wp-content\/uploads\/2022\/07\/20220730_131626-scaled.jpg","articleSection":["Colombia"],"inLanguage":"es","potentialAction":[{"@type":"CommentAction","name":"Comment","target":["https:\/\/futbolhoy.co\/index.php\/2022\/07\/30\/primer-titulo-de-la-temporada-para-luis-diaz\/#respond"]}]},{"@type":"WebPage","@id":"https:\/\/futbolhoy.co\/index.php\/2022\/07\/30\/primer-titulo-de-la-temporada-para-luis-diaz\/","url":"https:\/\/futbolhoy.co\/index.php\/2022\/07\/30\/primer-titulo-de-la-temporada-para-luis-diaz\/","name":"Primer t\u00edtulo de la temporada para Luis D\u00edaz -","isPartOf":{"@id":"https:\/\/futbolhoy.co\/#website"},"primaryImageOfPage":{"@id":"https:\/\/futbolhoy.co\/index.php\/2022\/07\/30\/primer-titulo-de-la-temporada-para-luis-diaz\/#primaryimage"},"image":{"@id":"https:\/\/futbolhoy.co\/index.php\/2022\/07\/30\/primer-titulo-de-la-temporada-para-luis-diaz\/#primaryimage"},"thumbnailUrl":"https:\/\/futbolhoy.co\/wp-content\/uploads\/2022\/07\/20220730_131626-scaled.jpg","datePublished":"2022-07-30T18:18:46+00:00","dateModified":"2022-07-31T01:52:48+00:00","breadcrumb":{"@id":"https:\/\/futbolhoy.co\/index.php\/2022\/07\/30\/primer-titulo-de-la-temporada-para-luis-diaz\/#breadcrumb"},"inLanguage":"es","potentialAction":[{"@type":"ReadAction","target":["https:\/\/futbolhoy.co\/index.php\/2022\/07\/30\/primer-titulo-de-la-temporada-para-luis-diaz\/"]}]},{"@type":"ImageObject","inLanguage":"es","@id":"https:\/\/futbolhoy.co\/index.php\/2022\/07\/30\/primer-titulo-de-la-temporada-para-luis-diaz\/#primaryimage","url":"https:\/\/futbolhoy.co\/wp-content\/uploads\/2022\/07\/20220730_131626-scaled.jpg","contentUrl":"https:\/\/futbolhoy.co\/wp-content\/uploads\/2022\/07\/20220730_131626-scaled.jpg","width":2560,"height":1706},{"@type":"BreadcrumbList","@id":"https:\/\/futbolhoy.co\/index.php\/2022\/07\/30\/primer-titulo-de-la-temporada-para-luis-diaz\/#breadcrumb","itemListElement":[{"@type":"ListItem","position":1,"name":"Portada","item":"https:\/\/futbolhoy.co\/"},{"@type":"ListItem","position":2,"name":"Primer t\u00edtulo de la temporada para Luis D\u00edaz"}]},{"@type":"WebSite","@id":"https:\/\/futbolhoy.co\/#website","url":"https:\/\/futbolhoy.co\/","name":"FutbolHoy","description":"","publisher":{"@id":"https:\/\/futbolhoy.co\/#organization"},"potentialAction":[{"@type":"SearchAction","target":{"@type":"EntryPoint","urlTemplate":"https:\/\/futbolhoy.co\/?s={search_term_string}"},"query-input":{"@type":"PropertyValueSpecification","valueRequired":true,"valueName":"search_term_string"}}],"inLanguage":"es"},{"@type":"Organization","@id":"https:\/\/futbolhoy.co\/#organization","name":"Futbolhoy.co","url":"https:\/\/futbolhoy.co\/","logo":{"@type":"ImageObject","inLanguage":"es","@id":"https:\/\/futbolhoy.co\/#\/schema\/logo\/image\/","url":"https:\/\/futbolhoy.co\/wp-content\/uploads\/2018\/08\/17426380_1906371736249227_6326180412931521141_n.jpg","contentUrl":"https:\/\/futbolhoy.co\/wp-content\/uploads\/2018\/08\/17426380_1906371736249227_6326180412931521141_n.jpg","width":960,"height":960,"caption":"Futbolhoy.co"},"image":{"@id":"https:\/\/futbolhoy.co\/#\/schema\/logo\/image\/"},"sameAs":["https:\/\/www.facebook.com\/FutbolHoyCol\/","https:\/\/x.com\/FutbolHoyCol","https:\/\/www.instagram.com\/futbolhoycol\/"]},{"@type":"Person","@id":"https:\/\/futbolhoy.co\/#\/schema\/person\/c4a353a512b127643723a34bb1812f7d","name":"Laura Hern\u00e1ndez","image":{"@type":"ImageObject","inLanguage":"es","@id":"https:\/\/futbolhoy.co\/#\/schema\/person\/image\/","url":"https:\/\/secure.gravatar.com\/avatar\/d25959a15b9b293a743f99181c7cfd01?s=96&d=mm&r=g","contentUrl":"https:\/\/secure.gravatar.com\/avatar\/d25959a15b9b293a743f99181c7cfd01?s=96&d=mm&r=g","caption":"Laura Hern\u00e1ndez"}}]}},"publishpress_future_action":{"enabled":false,"date":"2026-05-02 04:05:35","action":"change-status","newStatus":"draft","terms":[],"taxonomy":"category","extraData":[]},"publishpress_future_workflow_manual_trigger":{"enabledWorkflows":[]},"_links":{"self":[{"href":"https:\/\/futbolhoy.co\/index.php\/wp-json\/wp\/v2\/posts\/83240","targetHints":{"allow":["GET"]}}],"collection":[{"href":"https:\/\/futbolhoy.co\/index.php\/wp-json\/wp\/v2\/posts"}],"about":[{"href":"https:\/\/futbolhoy.co\/index.php\/wp-json\/wp\/v2\/types\/post"}],"author":[{"embeddable":true,"href":"https:\/\/futbolhoy.co\/index.php\/wp-json\/wp\/v2\/users\/5"}],"replies":[{"embeddable":true,"href":"https:\/\/futbolhoy.co\/index.php\/wp-json\/wp\/v2\/comments?post=83240"}],"version-history":[{"count":1,"href":"https:\/\/futbolhoy.co\/index.php\/wp-json\/wp\/v2\/posts\/83240\/revisions"}],"predecessor-version":[{"id":83242,"href":"https:\/\/futbolhoy.co\/index.php\/wp-json\/wp\/v2\/posts\/83240\/revisions\/83242"}],"wp:featuredmedia":[{"embeddable":true,"href":"https:\/\/futbolhoy.co\/index.php\/wp-json\/wp\/v2\/media\/83241"}],"wp:attachment":[{"href":"https:\/\/futbolhoy.co\/index.php\/wp-json\/wp\/v2\/media?parent=83240"}],"wp:term":[{"taxonomy":"category","embeddable":true,"href":"https:\/\/futbolhoy.co\/index.php\/wp-json\/wp\/v2\/categories?post=83240"},{"taxonomy":"post_tag","embeddable":true,"href":"https:\/\/futbolhoy.co\/index.php\/wp-json\/wp\/v2\/tags?post=83240"}],"curies":[{"name":"wp","href":"https:\/\/api.w.org\/{rel}","templated":true}]}}