{"id":83255,"date":"2022-07-30T20:52:38","date_gmt":"2022-07-31T01:52:38","guid":{"rendered":"https:\/\/futbolhoy.co\/?p=83255"},"modified":"2022-07-31T12:31:53","modified_gmt":"2022-07-31T17:31:53","slug":"en-imagenes-la-gran-final-de-la-copa-america","status":"publish","type":"post","link":"https:\/\/futbolhoy.co\/index.php\/2022\/07\/30\/en-imagenes-la-gran-final-de-la-copa-america\/","title":{"rendered":"En im\u00e1genes: La gran final de la Copa Am\u00e9rica"},"content":{"rendered":"\r\n                <style type=\"text\/css\">\r\n                    \r\n                    #tdi_1  .td-doubleSlider-2 .td-item1 {\r\n                        background: url(https:\/\/futbolhoy.co\/wp-content\/uploads\/2022\/07\/DSC_0217-80x60.jpg) 0 0 no-repeat;\r\n                    }\r\n                    #tdi_1  .td-doubleSlider-2 .td-item2 {\r\n                        background: url(https:\/\/futbolhoy.co\/wp-content\/uploads\/2022\/07\/DSC_0208-80x60.jpg) 0 0 no-repeat;\r\n                    }\r\n                    #tdi_1  .td-doubleSlider-2 .td-item3 {\r\n                        background: url(https:\/\/futbolhoy.co\/wp-content\/uploads\/2022\/07\/DSC_0204-80x60.jpg) 0 0 no-repeat;\r\n                    }\r\n                    #tdi_1  .td-doubleSlider-2 .td-item4 {\r\n                        background: url(https:\/\/futbolhoy.co\/wp-content\/uploads\/2022\/07\/DSC_0200-80x60.jpg) 0 0 no-repeat;\r\n                    }\r\n                    #tdi_1  .td-doubleSlider-2 .td-item5 {\r\n                        background: url(https:\/\/futbolhoy.co\/wp-content\/uploads\/2022\/07\/DSC_0196-80x60.jpg) 0 0 no-repeat;\r\n                    }\r\n                    #tdi_1  .td-doubleSlider-2 .td-item6 {\r\n                        background: url(https:\/\/futbolhoy.co\/wp-content\/uploads\/2022\/07\/DSC_0193-80x60.jpg) 0 0 no-repeat;\r\n                    }\r\n                    #tdi_1  .td-doubleSlider-2 .td-item7 {\r\n                        background: url(https:\/\/futbolhoy.co\/wp-content\/uploads\/2022\/07\/DSC_0189-80x60.jpg) 0 0 no-repeat;\r\n                    }\r\n                    #tdi_1  .td-doubleSlider-2 .td-item8 {\r\n                        background: url(https:\/\/futbolhoy.co\/wp-content\/uploads\/2022\/07\/DSC_0187-80x60.jpg) 0 0 no-repeat;\r\n                    }\r\n                    #tdi_1  .td-doubleSlider-2 .td-item9 {\r\n                        background: url(https:\/\/futbolhoy.co\/wp-content\/uploads\/2022\/07\/DSC_0185-80x60.jpg) 0 0 no-repeat;\r\n                    }\r\n                    #tdi_1  .td-doubleSlider-2 .td-item10 {\r\n                        background: url(https:\/\/futbolhoy.co\/wp-content\/uploads\/2022\/07\/DSC_0143-80x60.jpg) 0 0 no-repeat;\r\n                    }\r\n                    #tdi_1  .td-doubleSlider-2 .td-item11 {\r\n                        background: url(https:\/\/futbolhoy.co\/wp-content\/uploads\/2022\/07\/C14-80x60.jpg) 0 0 no-repeat;\r\n                    }\r\n                    #tdi_1  .td-doubleSlider-2 .td-item12 {\r\n                        background: url(https:\/\/futbolhoy.co\/wp-content\/uploads\/2022\/07\/FY9LSE3X0AAVoLR-80x60.jpg) 0 0 no-repeat;\r\n                    }\r\n                    #tdi_1  .td-doubleSlider-2 .td-item13 {\r\n                        background: url(https:\/\/futbolhoy.co\/wp-content\/uploads\/2022\/07\/FY9KpGZXEAQ-eW--80x60.jpg) 0 0 no-repeat;\r\n                    }\r\n                    #tdi_1  .td-doubleSlider-2 .td-item14 {\r\n                        background: url(https:\/\/futbolhoy.co\/wp-content\/uploads\/2022\/07\/FY9KC7fWIAA73NH-80x60.jpg) 0 0 no-repeat;\r\n                    }\r\n                    #tdi_1  .td-doubleSlider-2 .td-item15 {\r\n                        background: url(https:\/\/futbolhoy.co\/wp-content\/uploads\/2022\/07\/FY9J6WJXkAMND9E-80x60.jpg) 0 0 no-repeat;\r\n                    }\r\n                    #tdi_1  .td-doubleSlider-2 .td-item16 {\r\n                        background: url(https:\/\/futbolhoy.co\/wp-content\/uploads\/2022\/07\/FY9GTMgX0AE_mU2-80x60.jpg) 0 0 no-repeat;\r\n                    }\r\n                    #tdi_1  .td-doubleSlider-2 .td-item17 {\r\n                        background: url(https:\/\/futbolhoy.co\/wp-content\/uploads\/2022\/07\/FY9DdyEWIB46HSu-80x60.jpg) 0 0 no-repeat;\r\n                    }\r\n                <\/style>\r\n\r\n                <div id=\"tdi_1\" class=\"td-gallery td-slide-on-2-columns\">\r\n                    <div class=\"post_td_gallery\">\r\n                        <div class=\"td-gallery-slide-top\">\r\n                           <div class=\"td-gallery-title\"><\/div>\r\n\r\n                            <div class=\"td-gallery-controls-wrapper\">\r\n                                <div class=\"td-gallery-slide-count\"><span class=\"td-gallery-slide-item-focus\">1<\/span> de 17<\/div>\r\n                                <div class=\"td-gallery-slide-prev-next-but\">\r\n                                    <i class = \"td-icon-left doubleSliderPrevButton\"><\/i>\r\n                                    <i class = \"td-icon-right doubleSliderNextButton\"><\/i>\r\n                                <\/div>\r\n                            <\/div>\r\n                        <\/div>\r\n\r\n                        <div class = \"td-doubleSlider-1 \">\r\n                            <div class = \"td-slider\">\r\n                                \r\n                    <div class = \"td-slide-item td-item1\">\r\n                        <figure class=\"td-slide-galery-figure td-slide-popup-gallery\">\r\n                            <a class=\"slide-gallery-image-link\" href=\"https:\/\/futbolhoy.co\/wp-content\/uploads\/2022\/07\/DSC_0217-scaled.jpg\" title=\"DSC_0217\"  data-caption=\"Cortes\u00eda Federaci\u00f3n Colombiana de F\u00fatbol\"  data-description=\"\">\r\n                                <img decoding=\"async\" src=\"https:\/\/futbolhoy.co\/wp-content\/uploads\/2022\/07\/DSC_0217-629x420.jpg\" srcset=\"https:\/\/futbolhoy.co\/wp-content\/uploads\/2022\/07\/DSC_0217-629x420.jpg 629w, https:\/\/futbolhoy.co\/wp-content\/uploads\/2022\/07\/DSC_0217-300x200.jpg 300w, https:\/\/futbolhoy.co\/wp-content\/uploads\/2022\/07\/DSC_0217-1024x684.jpg 1024w, https:\/\/futbolhoy.co\/wp-content\/uploads\/2022\/07\/DSC_0217-768x513.jpg 768w, https:\/\/futbolhoy.co\/wp-content\/uploads\/2022\/07\/DSC_0217-1536x1025.jpg 1536w, https:\/\/futbolhoy.co\/wp-content\/uploads\/2022\/07\/DSC_0217-2048x1367.jpg 2048w, https:\/\/futbolhoy.co\/wp-content\/uploads\/2022\/07\/DSC_0217-696x465.jpg 696w, https:\/\/futbolhoy.co\/wp-content\/uploads\/2022\/07\/DSC_0217-1068x713.jpg 1068w, https:\/\/futbolhoy.co\/wp-content\/uploads\/2022\/07\/DSC_0217-1920x1282.jpg 1920w, https:\/\/futbolhoy.co\/wp-content\/uploads\/2022\/07\/DSC_0217-128x85.jpg 128w, https:\/\/futbolhoy.co\/wp-content\/uploads\/2022\/07\/DSC_0217-32x21.jpg 32w\" sizes=\"(max-width: 629px) 100vw, 629px\" alt=\"\">\r\n                            <\/a>\r\n                            <figcaption class = \"td-slide-caption td-gallery-slide-content\"><div class = \"td-gallery-slide-copywrite\">Cortes\u00eda Federaci\u00f3n Colombiana de F\u00fatbol<\/div><\/figcaption>\r\n                        <\/figure>\r\n                    <\/div>\r\n                    <div class = \"td-slide-item td-item2\">\r\n                        <figure class=\"td-slide-galery-figure td-slide-popup-gallery\">\r\n                            <a class=\"slide-gallery-image-link\" href=\"https:\/\/futbolhoy.co\/wp-content\/uploads\/2022\/07\/DSC_0208-scaled.jpg\" title=\"DSC_0208\"  data-caption=\"Cortes\u00eda Federaci\u00f3n Colombiana de F\u00fatbol\"  data-description=\"\">\r\n                                <img decoding=\"async\" src=\"https:\/\/futbolhoy.co\/wp-content\/uploads\/2022\/07\/DSC_0208-629x420.jpg\" srcset=\"https:\/\/futbolhoy.co\/wp-content\/uploads\/2022\/07\/DSC_0208-629x420.jpg 629w, https:\/\/futbolhoy.co\/wp-content\/uploads\/2022\/07\/DSC_0208-300x200.jpg 300w, https:\/\/futbolhoy.co\/wp-content\/uploads\/2022\/07\/DSC_0208-1024x684.jpg 1024w, https:\/\/futbolhoy.co\/wp-content\/uploads\/2022\/07\/DSC_0208-768x513.jpg 768w, https:\/\/futbolhoy.co\/wp-content\/uploads\/2022\/07\/DSC_0208-1536x1025.jpg 1536w, https:\/\/futbolhoy.co\/wp-content\/uploads\/2022\/07\/DSC_0208-2048x1367.jpg 2048w, https:\/\/futbolhoy.co\/wp-content\/uploads\/2022\/07\/DSC_0208-696x465.jpg 696w, https:\/\/futbolhoy.co\/wp-content\/uploads\/2022\/07\/DSC_0208-1068x713.jpg 1068w, https:\/\/futbolhoy.co\/wp-content\/uploads\/2022\/07\/DSC_0208-1920x1282.jpg 1920w, https:\/\/futbolhoy.co\/wp-content\/uploads\/2022\/07\/DSC_0208-128x85.jpg 128w, https:\/\/futbolhoy.co\/wp-content\/uploads\/2022\/07\/DSC_0208-32x21.jpg 32w\" sizes=\"(max-width: 629px) 100vw, 629px\" alt=\"\">\r\n                            <\/a>\r\n                            <figcaption class = \"td-slide-caption td-gallery-slide-content\"><div class = \"td-gallery-slide-copywrite\">Cortes\u00eda Federaci\u00f3n Colombiana de F\u00fatbol<\/div><\/figcaption>\r\n                        <\/figure>\r\n                    <\/div>\r\n                    <div class = \"td-slide-item td-item3\">\r\n                        <figure class=\"td-slide-galery-figure td-slide-popup-gallery\">\r\n                            <a class=\"slide-gallery-image-link\" href=\"https:\/\/futbolhoy.co\/wp-content\/uploads\/2022\/07\/DSC_0204-scaled.jpg\" title=\"DSC_0204\"  data-caption=\"Cortes\u00eda Federaci\u00f3n Colombiana de F\u00fatbol\"  data-description=\"\">\r\n                                <img decoding=\"async\" src=\"https:\/\/futbolhoy.co\/wp-content\/uploads\/2022\/07\/DSC_0204-629x420.jpg\" srcset=\"https:\/\/futbolhoy.co\/wp-content\/uploads\/2022\/07\/DSC_0204-629x420.jpg 629w, https:\/\/futbolhoy.co\/wp-content\/uploads\/2022\/07\/DSC_0204-300x200.jpg 300w, https:\/\/futbolhoy.co\/wp-content\/uploads\/2022\/07\/DSC_0204-1024x684.jpg 1024w, https:\/\/futbolhoy.co\/wp-content\/uploads\/2022\/07\/DSC_0204-768x513.jpg 768w, https:\/\/futbolhoy.co\/wp-content\/uploads\/2022\/07\/DSC_0204-1536x1025.jpg 1536w, https:\/\/futbolhoy.co\/wp-content\/uploads\/2022\/07\/DSC_0204-2048x1367.jpg 2048w, https:\/\/futbolhoy.co\/wp-content\/uploads\/2022\/07\/DSC_0204-696x465.jpg 696w, https:\/\/futbolhoy.co\/wp-content\/uploads\/2022\/07\/DSC_0204-1068x713.jpg 1068w, https:\/\/futbolhoy.co\/wp-content\/uploads\/2022\/07\/DSC_0204-1920x1282.jpg 1920w, https:\/\/futbolhoy.co\/wp-content\/uploads\/2022\/07\/DSC_0204-128x85.jpg 128w, https:\/\/futbolhoy.co\/wp-content\/uploads\/2022\/07\/DSC_0204-32x21.jpg 32w\" sizes=\"(max-width: 629px) 100vw, 629px\" alt=\"\">\r\n                            <\/a>\r\n                            <figcaption class = \"td-slide-caption td-gallery-slide-content\"><div class = \"td-gallery-slide-copywrite\">Cortes\u00eda Federaci\u00f3n Colombiana de F\u00fatbol<\/div><\/figcaption>\r\n                        <\/figure>\r\n                    <\/div>\r\n                    <div class = \"td-slide-item td-item4\">\r\n                        <figure class=\"td-slide-galery-figure td-slide-popup-gallery\">\r\n                            <a class=\"slide-gallery-image-link\" href=\"https:\/\/futbolhoy.co\/wp-content\/uploads\/2022\/07\/DSC_0200-scaled.jpg\" title=\"DSC_0200\"  data-caption=\"Cortes\u00eda Federaci\u00f3n Colombiana de F\u00fatbol\"  data-description=\"\">\r\n                                <img decoding=\"async\" src=\"https:\/\/futbolhoy.co\/wp-content\/uploads\/2022\/07\/DSC_0200-629x420.jpg\" srcset=\"https:\/\/futbolhoy.co\/wp-content\/uploads\/2022\/07\/DSC_0200-629x420.jpg 629w, https:\/\/futbolhoy.co\/wp-content\/uploads\/2022\/07\/DSC_0200-300x200.jpg 300w, https:\/\/futbolhoy.co\/wp-content\/uploads\/2022\/07\/DSC_0200-1024x684.jpg 1024w, https:\/\/futbolhoy.co\/wp-content\/uploads\/2022\/07\/DSC_0200-768x513.jpg 768w, https:\/\/futbolhoy.co\/wp-content\/uploads\/2022\/07\/DSC_0200-1536x1025.jpg 1536w, https:\/\/futbolhoy.co\/wp-content\/uploads\/2022\/07\/DSC_0200-2048x1367.jpg 2048w, https:\/\/futbolhoy.co\/wp-content\/uploads\/2022\/07\/DSC_0200-696x465.jpg 696w, https:\/\/futbolhoy.co\/wp-content\/uploads\/2022\/07\/DSC_0200-1068x713.jpg 1068w, https:\/\/futbolhoy.co\/wp-content\/uploads\/2022\/07\/DSC_0200-1920x1282.jpg 1920w, https:\/\/futbolhoy.co\/wp-content\/uploads\/2022\/07\/DSC_0200-128x85.jpg 128w, https:\/\/futbolhoy.co\/wp-content\/uploads\/2022\/07\/DSC_0200-32x21.jpg 32w\" sizes=\"(max-width: 629px) 100vw, 629px\" alt=\"\">\r\n                            <\/a>\r\n                            <figcaption class = \"td-slide-caption td-gallery-slide-content\"><div class = \"td-gallery-slide-copywrite\">Cortes\u00eda Federaci\u00f3n Colombiana de F\u00fatbol<\/div><\/figcaption>\r\n                        <\/figure>\r\n                    <\/div>\r\n                    <div class = \"td-slide-item td-item5\">\r\n                        <figure class=\"td-slide-galery-figure td-slide-popup-gallery\">\r\n                            <a class=\"slide-gallery-image-link\" href=\"https:\/\/futbolhoy.co\/wp-content\/uploads\/2022\/07\/DSC_0196-scaled.jpg\" title=\"DSC_0196\"  data-caption=\"Cortes\u00eda Federaci\u00f3n Colombiana de F\u00fatbol\"  data-description=\"\">\r\n                                <img decoding=\"async\" src=\"https:\/\/futbolhoy.co\/wp-content\/uploads\/2022\/07\/DSC_0196-629x420.jpg\" srcset=\"https:\/\/futbolhoy.co\/wp-content\/uploads\/2022\/07\/DSC_0196-629x420.jpg 629w, https:\/\/futbolhoy.co\/wp-content\/uploads\/2022\/07\/DSC_0196-300x200.jpg 300w, https:\/\/futbolhoy.co\/wp-content\/uploads\/2022\/07\/DSC_0196-1024x684.jpg 1024w, https:\/\/futbolhoy.co\/wp-content\/uploads\/2022\/07\/DSC_0196-768x513.jpg 768w, https:\/\/futbolhoy.co\/wp-content\/uploads\/2022\/07\/DSC_0196-1536x1025.jpg 1536w, https:\/\/futbolhoy.co\/wp-content\/uploads\/2022\/07\/DSC_0196-2048x1367.jpg 2048w, https:\/\/futbolhoy.co\/wp-content\/uploads\/2022\/07\/DSC_0196-696x465.jpg 696w, https:\/\/futbolhoy.co\/wp-content\/uploads\/2022\/07\/DSC_0196-1068x713.jpg 1068w, https:\/\/futbolhoy.co\/wp-content\/uploads\/2022\/07\/DSC_0196-1920x1282.jpg 1920w, https:\/\/futbolhoy.co\/wp-content\/uploads\/2022\/07\/DSC_0196-128x85.jpg 128w, https:\/\/futbolhoy.co\/wp-content\/uploads\/2022\/07\/DSC_0196-32x21.jpg 32w\" sizes=\"(max-width: 629px) 100vw, 629px\" alt=\"\">\r\n                            <\/a>\r\n                            <figcaption class = \"td-slide-caption td-gallery-slide-content\"><div class = \"td-gallery-slide-copywrite\">Cortes\u00eda Federaci\u00f3n Colombiana de F\u00fatbol<\/div><\/figcaption>\r\n                        <\/figure>\r\n                    <\/div>\r\n                    <div class = \"td-slide-item td-item6\">\r\n                        <figure class=\"td-slide-galery-figure td-slide-popup-gallery\">\r\n                            <a class=\"slide-gallery-image-link\" href=\"https:\/\/futbolhoy.co\/wp-content\/uploads\/2022\/07\/DSC_0193-scaled.jpg\" title=\"DSC_0193\"  data-caption=\"Cortes\u00eda Federaci\u00f3n Colombiana de F\u00fatbol\"  data-description=\"\">\r\n                                <img decoding=\"async\" src=\"https:\/\/futbolhoy.co\/wp-content\/uploads\/2022\/07\/DSC_0193-629x420.jpg\" srcset=\"https:\/\/futbolhoy.co\/wp-content\/uploads\/2022\/07\/DSC_0193-629x420.jpg 629w, https:\/\/futbolhoy.co\/wp-content\/uploads\/2022\/07\/DSC_0193-300x200.jpg 300w, https:\/\/futbolhoy.co\/wp-content\/uploads\/2022\/07\/DSC_0193-1024x684.jpg 1024w, https:\/\/futbolhoy.co\/wp-content\/uploads\/2022\/07\/DSC_0193-768x513.jpg 768w, https:\/\/futbolhoy.co\/wp-content\/uploads\/2022\/07\/DSC_0193-1536x1025.jpg 1536w, https:\/\/futbolhoy.co\/wp-content\/uploads\/2022\/07\/DSC_0193-2048x1367.jpg 2048w, https:\/\/futbolhoy.co\/wp-content\/uploads\/2022\/07\/DSC_0193-696x465.jpg 696w, https:\/\/futbolhoy.co\/wp-content\/uploads\/2022\/07\/DSC_0193-1068x713.jpg 1068w, https:\/\/futbolhoy.co\/wp-content\/uploads\/2022\/07\/DSC_0193-1920x1282.jpg 1920w, https:\/\/futbolhoy.co\/wp-content\/uploads\/2022\/07\/DSC_0193-128x85.jpg 128w, https:\/\/futbolhoy.co\/wp-content\/uploads\/2022\/07\/DSC_0193-32x21.jpg 32w\" sizes=\"(max-width: 629px) 100vw, 629px\" alt=\"\">\r\n                            <\/a>\r\n                            <figcaption class = \"td-slide-caption td-gallery-slide-content\"><div class = \"td-gallery-slide-copywrite\">Cortes\u00eda Federaci\u00f3n Colombiana de F\u00fatbol<\/div><\/figcaption>\r\n                        <\/figure>\r\n                    <\/div>\r\n                    <div class = \"td-slide-item td-item7\">\r\n                        <figure class=\"td-slide-galery-figure td-slide-popup-gallery\">\r\n                            <a class=\"slide-gallery-image-link\" href=\"https:\/\/futbolhoy.co\/wp-content\/uploads\/2022\/07\/DSC_0189-scaled.jpg\" title=\"DSC_0189\"  data-caption=\"Cortes\u00eda Federaci\u00f3n Colombiana de F\u00fatbol\"  data-description=\"\">\r\n                                <img decoding=\"async\" src=\"https:\/\/futbolhoy.co\/wp-content\/uploads\/2022\/07\/DSC_0189-629x420.jpg\" srcset=\"https:\/\/futbolhoy.co\/wp-content\/uploads\/2022\/07\/DSC_0189-629x420.jpg 629w, https:\/\/futbolhoy.co\/wp-content\/uploads\/2022\/07\/DSC_0189-300x200.jpg 300w, https:\/\/futbolhoy.co\/wp-content\/uploads\/2022\/07\/DSC_0189-1024x684.jpg 1024w, https:\/\/futbolhoy.co\/wp-content\/uploads\/2022\/07\/DSC_0189-768x513.jpg 768w, https:\/\/futbolhoy.co\/wp-content\/uploads\/2022\/07\/DSC_0189-1536x1025.jpg 1536w, https:\/\/futbolhoy.co\/wp-content\/uploads\/2022\/07\/DSC_0189-2048x1367.jpg 2048w, https:\/\/futbolhoy.co\/wp-content\/uploads\/2022\/07\/DSC_0189-696x465.jpg 696w, https:\/\/futbolhoy.co\/wp-content\/uploads\/2022\/07\/DSC_0189-1068x713.jpg 1068w, https:\/\/futbolhoy.co\/wp-content\/uploads\/2022\/07\/DSC_0189-1920x1282.jpg 1920w, https:\/\/futbolhoy.co\/wp-content\/uploads\/2022\/07\/DSC_0189-128x85.jpg 128w, https:\/\/futbolhoy.co\/wp-content\/uploads\/2022\/07\/DSC_0189-32x21.jpg 32w\" sizes=\"(max-width: 629px) 100vw, 629px\" alt=\"\">\r\n                            <\/a>\r\n                            <figcaption class = \"td-slide-caption td-gallery-slide-content\"><div class = \"td-gallery-slide-copywrite\">Cortes\u00eda Federaci\u00f3n Colombiana de F\u00fatbol<\/div><\/figcaption>\r\n                        <\/figure>\r\n                    <\/div>\r\n                    <div class = \"td-slide-item td-item8\">\r\n                        <figure class=\"td-slide-galery-figure td-slide-popup-gallery\">\r\n                            <a class=\"slide-gallery-image-link\" href=\"https:\/\/futbolhoy.co\/wp-content\/uploads\/2022\/07\/DSC_0187-scaled.jpg\" title=\"DSC_0187\"  data-caption=\"Cortes\u00eda Federaci\u00f3n Colombiana de F\u00fatbol\"  data-description=\"\">\r\n                                <img decoding=\"async\" src=\"https:\/\/futbolhoy.co\/wp-content\/uploads\/2022\/07\/DSC_0187-629x420.jpg\" srcset=\"https:\/\/futbolhoy.co\/wp-content\/uploads\/2022\/07\/DSC_0187-629x420.jpg 629w, https:\/\/futbolhoy.co\/wp-content\/uploads\/2022\/07\/DSC_0187-300x200.jpg 300w, https:\/\/futbolhoy.co\/wp-content\/uploads\/2022\/07\/DSC_0187-1024x684.jpg 1024w, https:\/\/futbolhoy.co\/wp-content\/uploads\/2022\/07\/DSC_0187-768x513.jpg 768w, https:\/\/futbolhoy.co\/wp-content\/uploads\/2022\/07\/DSC_0187-1536x1025.jpg 1536w, https:\/\/futbolhoy.co\/wp-content\/uploads\/2022\/07\/DSC_0187-2048x1367.jpg 2048w, https:\/\/futbolhoy.co\/wp-content\/uploads\/2022\/07\/DSC_0187-696x465.jpg 696w, https:\/\/futbolhoy.co\/wp-content\/uploads\/2022\/07\/DSC_0187-1068x713.jpg 1068w, https:\/\/futbolhoy.co\/wp-content\/uploads\/2022\/07\/DSC_0187-1920x1282.jpg 1920w, https:\/\/futbolhoy.co\/wp-content\/uploads\/2022\/07\/DSC_0187-128x85.jpg 128w, https:\/\/futbolhoy.co\/wp-content\/uploads\/2022\/07\/DSC_0187-32x21.jpg 32w\" sizes=\"(max-width: 629px) 100vw, 629px\" alt=\"\">\r\n                            <\/a>\r\n                            <figcaption class = \"td-slide-caption td-gallery-slide-content\"><div class = \"td-gallery-slide-copywrite\">Cortes\u00eda Federaci\u00f3n Colombiana de F\u00fatbol<\/div><\/figcaption>\r\n                        <\/figure>\r\n                    <\/div>\r\n                    <div class = \"td-slide-item td-item9\">\r\n                        <figure class=\"td-slide-galery-figure td-slide-popup-gallery\">\r\n                            <a class=\"slide-gallery-image-link\" href=\"https:\/\/futbolhoy.co\/wp-content\/uploads\/2022\/07\/DSC_0185-scaled.jpg\" title=\"DSC_0185\"  data-caption=\"Cortes\u00eda Federaci\u00f3n Colombiana de F\u00fatbol\"  data-description=\"\">\r\n                                <img decoding=\"async\" src=\"https:\/\/futbolhoy.co\/wp-content\/uploads\/2022\/07\/DSC_0185-629x420.jpg\" srcset=\"https:\/\/futbolhoy.co\/wp-content\/uploads\/2022\/07\/DSC_0185-629x420.jpg 629w, https:\/\/futbolhoy.co\/wp-content\/uploads\/2022\/07\/DSC_0185-300x200.jpg 300w, https:\/\/futbolhoy.co\/wp-content\/uploads\/2022\/07\/DSC_0185-1024x684.jpg 1024w, https:\/\/futbolhoy.co\/wp-content\/uploads\/2022\/07\/DSC_0185-768x513.jpg 768w, https:\/\/futbolhoy.co\/wp-content\/uploads\/2022\/07\/DSC_0185-1536x1025.jpg 1536w, https:\/\/futbolhoy.co\/wp-content\/uploads\/2022\/07\/DSC_0185-2048x1367.jpg 2048w, https:\/\/futbolhoy.co\/wp-content\/uploads\/2022\/07\/DSC_0185-696x465.jpg 696w, https:\/\/futbolhoy.co\/wp-content\/uploads\/2022\/07\/DSC_0185-1068x713.jpg 1068w, https:\/\/futbolhoy.co\/wp-content\/uploads\/2022\/07\/DSC_0185-1920x1282.jpg 1920w, https:\/\/futbolhoy.co\/wp-content\/uploads\/2022\/07\/DSC_0185-128x85.jpg 128w, https:\/\/futbolhoy.co\/wp-content\/uploads\/2022\/07\/DSC_0185-32x21.jpg 32w\" sizes=\"(max-width: 629px) 100vw, 629px\" alt=\"\">\r\n                            <\/a>\r\n                            <figcaption class = \"td-slide-caption td-gallery-slide-content\"><div class = \"td-gallery-slide-copywrite\">Cortes\u00eda Federaci\u00f3n Colombiana de F\u00fatbol<\/div><\/figcaption>\r\n                        <\/figure>\r\n                    <\/div>\r\n                    <div class = \"td-slide-item td-item10\">\r\n                        <figure class=\"td-slide-galery-figure td-slide-popup-gallery\">\r\n                            <a class=\"slide-gallery-image-link\" href=\"https:\/\/futbolhoy.co\/wp-content\/uploads\/2022\/07\/DSC_0143-scaled.jpg\" title=\"DSC_0143\"  data-caption=\"Cortes\u00eda Federaci\u00f3n Colombiana de F\u00fatbol\"  data-description=\"\">\r\n                                <img decoding=\"async\" src=\"https:\/\/futbolhoy.co\/wp-content\/uploads\/2022\/07\/DSC_0143-629x420.jpg\" srcset=\"https:\/\/futbolhoy.co\/wp-content\/uploads\/2022\/07\/DSC_0143-629x420.jpg 629w, https:\/\/futbolhoy.co\/wp-content\/uploads\/2022\/07\/DSC_0143-300x200.jpg 300w, https:\/\/futbolhoy.co\/wp-content\/uploads\/2022\/07\/DSC_0143-1024x684.jpg 1024w, https:\/\/futbolhoy.co\/wp-content\/uploads\/2022\/07\/DSC_0143-768x513.jpg 768w, https:\/\/futbolhoy.co\/wp-content\/uploads\/2022\/07\/DSC_0143-1536x1025.jpg 1536w, https:\/\/futbolhoy.co\/wp-content\/uploads\/2022\/07\/DSC_0143-2048x1367.jpg 2048w, https:\/\/futbolhoy.co\/wp-content\/uploads\/2022\/07\/DSC_0143-696x465.jpg 696w, https:\/\/futbolhoy.co\/wp-content\/uploads\/2022\/07\/DSC_0143-1068x713.jpg 1068w, https:\/\/futbolhoy.co\/wp-content\/uploads\/2022\/07\/DSC_0143-1920x1282.jpg 1920w, https:\/\/futbolhoy.co\/wp-content\/uploads\/2022\/07\/DSC_0143-128x85.jpg 128w, https:\/\/futbolhoy.co\/wp-content\/uploads\/2022\/07\/DSC_0143-32x21.jpg 32w\" sizes=\"(max-width: 629px) 100vw, 629px\" alt=\"\">\r\n                            <\/a>\r\n                            <figcaption class = \"td-slide-caption td-gallery-slide-content\"><div class = \"td-gallery-slide-copywrite\">Cortes\u00eda Federaci\u00f3n Colombiana de F\u00fatbol<\/div><\/figcaption>\r\n                        <\/figure>\r\n                    <\/div>\r\n                    <div class = \"td-slide-item td-item11\">\r\n                        <figure class=\"td-slide-galery-figure td-slide-popup-gallery\">\r\n                            <a class=\"slide-gallery-image-link\" href=\"https:\/\/futbolhoy.co\/wp-content\/uploads\/2022\/07\/C14-scaled.jpg\" title=\"C14\"  data-caption=\"Cortes\u00eda Federaci\u00f3n Colombiana de F\u00fatbol\"  data-description=\"\">\r\n                                <img decoding=\"async\" src=\"https:\/\/futbolhoy.co\/wp-content\/uploads\/2022\/07\/C14-630x420.jpg\" srcset=\"https:\/\/futbolhoy.co\/wp-content\/uploads\/2022\/07\/C14-630x420.jpg 630w, https:\/\/futbolhoy.co\/wp-content\/uploads\/2022\/07\/C14-300x200.jpg 300w, https:\/\/futbolhoy.co\/wp-content\/uploads\/2022\/07\/C14-1024x683.jpg 1024w, https:\/\/futbolhoy.co\/wp-content\/uploads\/2022\/07\/C14-768x512.jpg 768w, https:\/\/futbolhoy.co\/wp-content\/uploads\/2022\/07\/C14-1536x1024.jpg 1536w, https:\/\/futbolhoy.co\/wp-content\/uploads\/2022\/07\/C14-2048x1365.jpg 2048w, https:\/\/futbolhoy.co\/wp-content\/uploads\/2022\/07\/C14-696x464.jpg 696w, https:\/\/futbolhoy.co\/wp-content\/uploads\/2022\/07\/C14-1068x712.jpg 1068w, https:\/\/futbolhoy.co\/wp-content\/uploads\/2022\/07\/C14-1920x1280.jpg 1920w, https:\/\/futbolhoy.co\/wp-content\/uploads\/2022\/07\/C14-128x85.jpg 128w, https:\/\/futbolhoy.co\/wp-content\/uploads\/2022\/07\/C14-32x21.jpg 32w\" sizes=\"(max-width: 630px) 100vw, 630px\" alt=\"\">\r\n                            <\/a>\r\n                            <figcaption class = \"td-slide-caption td-gallery-slide-content\"><div class = \"td-gallery-slide-copywrite\">Cortes\u00eda Federaci\u00f3n Colombiana de F\u00fatbol<\/div><\/figcaption>\r\n                        <\/figure>\r\n                    <\/div>\r\n                    <div class = \"td-slide-item td-item12\">\r\n                        <figure class=\"td-slide-galery-figure td-slide-popup-gallery\">\r\n                            <a class=\"slide-gallery-image-link\" href=\"https:\/\/futbolhoy.co\/wp-content\/uploads\/2022\/07\/FY9LSE3X0AAVoLR.jpg\" title=\"FY9LSE3X0AAVoLR\"  data-caption=\"Cortes\u00eda Twitter @CopaAmerica\"  data-description=\"\">\r\n                                <img decoding=\"async\" src=\"https:\/\/futbolhoy.co\/wp-content\/uploads\/2022\/07\/FY9LSE3X0AAVoLR-525x420.jpg\" srcset=\"https:\/\/futbolhoy.co\/wp-content\/uploads\/2022\/07\/FY9LSE3X0AAVoLR-525x420.jpg 525w, https:\/\/futbolhoy.co\/wp-content\/uploads\/2022\/07\/FY9LSE3X0AAVoLR-300x240.jpg 300w, https:\/\/futbolhoy.co\/wp-content\/uploads\/2022\/07\/FY9LSE3X0AAVoLR-128x102.jpg 128w, https:\/\/futbolhoy.co\/wp-content\/uploads\/2022\/07\/FY9LSE3X0AAVoLR-32x26.jpg 32w, https:\/\/futbolhoy.co\/wp-content\/uploads\/2022\/07\/FY9LSE3X0AAVoLR.jpg 680w\" sizes=\"(max-width: 525px) 100vw, 525px\" alt=\"\">\r\n                            <\/a>\r\n                            <figcaption class = \"td-slide-caption td-gallery-slide-content\"><div class = \"td-gallery-slide-copywrite\">Cortes\u00eda Twitter @CopaAmerica<\/div><\/figcaption>\r\n                        <\/figure>\r\n                    <\/div>\r\n                    <div class = \"td-slide-item td-item13\">\r\n                        <figure class=\"td-slide-galery-figure td-slide-popup-gallery\">\r\n                            <a class=\"slide-gallery-image-link\" href=\"https:\/\/futbolhoy.co\/wp-content\/uploads\/2022\/07\/FY9KpGZXEAQ-eW--scaled.jpg\" title=\"FY9KpGZXEAQ-eW-\"  data-caption=\"Cortes\u00eda Twitter @CopaAmerica\"  data-description=\"\">\r\n                                <img decoding=\"async\" src=\"https:\/\/futbolhoy.co\/wp-content\/uploads\/2022\/07\/FY9KpGZXEAQ-eW--630x420.jpg\" srcset=\"https:\/\/futbolhoy.co\/wp-content\/uploads\/2022\/07\/FY9KpGZXEAQ-eW--630x420.jpg 630w, https:\/\/futbolhoy.co\/wp-content\/uploads\/2022\/07\/FY9KpGZXEAQ-eW--300x200.jpg 300w, https:\/\/futbolhoy.co\/wp-content\/uploads\/2022\/07\/FY9KpGZXEAQ-eW--1024x683.jpg 1024w, https:\/\/futbolhoy.co\/wp-content\/uploads\/2022\/07\/FY9KpGZXEAQ-eW--768x512.jpg 768w, https:\/\/futbolhoy.co\/wp-content\/uploads\/2022\/07\/FY9KpGZXEAQ-eW--1536x1024.jpg 1536w, https:\/\/futbolhoy.co\/wp-content\/uploads\/2022\/07\/FY9KpGZXEAQ-eW--2048x1366.jpg 2048w, https:\/\/futbolhoy.co\/wp-content\/uploads\/2022\/07\/FY9KpGZXEAQ-eW--696x464.jpg 696w, https:\/\/futbolhoy.co\/wp-content\/uploads\/2022\/07\/FY9KpGZXEAQ-eW--1068x712.jpg 1068w, https:\/\/futbolhoy.co\/wp-content\/uploads\/2022\/07\/FY9KpGZXEAQ-eW--1920x1280.jpg 1920w, https:\/\/futbolhoy.co\/wp-content\/uploads\/2022\/07\/FY9KpGZXEAQ-eW--128x85.jpg 128w, https:\/\/futbolhoy.co\/wp-content\/uploads\/2022\/07\/FY9KpGZXEAQ-eW--32x21.jpg 32w\" sizes=\"(max-width: 630px) 100vw, 630px\" alt=\"\">\r\n                            <\/a>\r\n                            <figcaption class = \"td-slide-caption td-gallery-slide-content\"><div class = \"td-gallery-slide-copywrite\">Cortes\u00eda Twitter @CopaAmerica<\/div><\/figcaption>\r\n                        <\/figure>\r\n                    <\/div>\r\n                    <div class = \"td-slide-item td-item14\">\r\n                        <figure class=\"td-slide-galery-figure td-slide-popup-gallery\">\r\n                            <a class=\"slide-gallery-image-link\" href=\"https:\/\/futbolhoy.co\/wp-content\/uploads\/2022\/07\/FY9KC7fWIAA73NH-scaled.jpg\" title=\"FY9KC7fWIAA73NH\"  data-caption=\"Cortes\u00eda Twitter @CopaAmerica\"  data-description=\"\">\r\n                                <img decoding=\"async\" src=\"https:\/\/futbolhoy.co\/wp-content\/uploads\/2022\/07\/FY9KC7fWIAA73NH-625x420.jpg\" srcset=\"https:\/\/futbolhoy.co\/wp-content\/uploads\/2022\/07\/FY9KC7fWIAA73NH-625x420.jpg 625w, https:\/\/futbolhoy.co\/wp-content\/uploads\/2022\/07\/FY9KC7fWIAA73NH-300x202.jpg 300w, https:\/\/futbolhoy.co\/wp-content\/uploads\/2022\/07\/FY9KC7fWIAA73NH-1024x688.jpg 1024w, https:\/\/futbolhoy.co\/wp-content\/uploads\/2022\/07\/FY9KC7fWIAA73NH-768x516.jpg 768w, https:\/\/futbolhoy.co\/wp-content\/uploads\/2022\/07\/FY9KC7fWIAA73NH-1536x1032.jpg 1536w, https:\/\/futbolhoy.co\/wp-content\/uploads\/2022\/07\/FY9KC7fWIAA73NH-2048x1377.jpg 2048w, https:\/\/futbolhoy.co\/wp-content\/uploads\/2022\/07\/FY9KC7fWIAA73NH-696x468.jpg 696w, https:\/\/futbolhoy.co\/wp-content\/uploads\/2022\/07\/FY9KC7fWIAA73NH-1068x718.jpg 1068w, https:\/\/futbolhoy.co\/wp-content\/uploads\/2022\/07\/FY9KC7fWIAA73NH-1920x1291.jpg 1920w, https:\/\/futbolhoy.co\/wp-content\/uploads\/2022\/07\/FY9KC7fWIAA73NH-128x86.jpg 128w, https:\/\/futbolhoy.co\/wp-content\/uploads\/2022\/07\/FY9KC7fWIAA73NH-32x22.jpg 32w\" sizes=\"(max-width: 625px) 100vw, 625px\" alt=\"\">\r\n                            <\/a>\r\n                            <figcaption class = \"td-slide-caption td-gallery-slide-content\"><div class = \"td-gallery-slide-copywrite\">Cortes\u00eda Twitter @CopaAmerica<\/div><\/figcaption>\r\n                        <\/figure>\r\n                    <\/div>\r\n                    <div class = \"td-slide-item td-item15\">\r\n                        <figure class=\"td-slide-galery-figure td-slide-popup-gallery\">\r\n                            <a class=\"slide-gallery-image-link\" href=\"https:\/\/futbolhoy.co\/wp-content\/uploads\/2022\/07\/FY9J6WJXkAMND9E-scaled.jpg\" title=\"FY9J6WJXkAMND9E\"  data-caption=\"Cortes\u00eda Twitter @CopaAmerica\"  data-description=\"\">\r\n                                <img decoding=\"async\" src=\"https:\/\/futbolhoy.co\/wp-content\/uploads\/2022\/07\/FY9J6WJXkAMND9E-630x420.jpg\" srcset=\"https:\/\/futbolhoy.co\/wp-content\/uploads\/2022\/07\/FY9J6WJXkAMND9E-630x420.jpg 630w, https:\/\/futbolhoy.co\/wp-content\/uploads\/2022\/07\/FY9J6WJXkAMND9E-300x200.jpg 300w, https:\/\/futbolhoy.co\/wp-content\/uploads\/2022\/07\/FY9J6WJXkAMND9E-1024x683.jpg 1024w, https:\/\/futbolhoy.co\/wp-content\/uploads\/2022\/07\/FY9J6WJXkAMND9E-768x512.jpg 768w, https:\/\/futbolhoy.co\/wp-content\/uploads\/2022\/07\/FY9J6WJXkAMND9E-1536x1024.jpg 1536w, https:\/\/futbolhoy.co\/wp-content\/uploads\/2022\/07\/FY9J6WJXkAMND9E-2048x1366.jpg 2048w, https:\/\/futbolhoy.co\/wp-content\/uploads\/2022\/07\/FY9J6WJXkAMND9E-696x464.jpg 696w, https:\/\/futbolhoy.co\/wp-content\/uploads\/2022\/07\/FY9J6WJXkAMND9E-1068x712.jpg 1068w, https:\/\/futbolhoy.co\/wp-content\/uploads\/2022\/07\/FY9J6WJXkAMND9E-1920x1280.jpg 1920w, https:\/\/futbolhoy.co\/wp-content\/uploads\/2022\/07\/FY9J6WJXkAMND9E-128x85.jpg 128w, https:\/\/futbolhoy.co\/wp-content\/uploads\/2022\/07\/FY9J6WJXkAMND9E-32x21.jpg 32w\" sizes=\"(max-width: 630px) 100vw, 630px\" alt=\"\">\r\n                            <\/a>\r\n                            <figcaption class = \"td-slide-caption td-gallery-slide-content\"><div class = \"td-gallery-slide-copywrite\">Cortes\u00eda Twitter @CopaAmerica<\/div><\/figcaption>\r\n                        <\/figure>\r\n                    <\/div>\r\n                    <div class = \"td-slide-item td-item16\">\r\n                        <figure class=\"td-slide-galery-figure td-slide-popup-gallery\">\r\n                            <a class=\"slide-gallery-image-link\" href=\"https:\/\/futbolhoy.co\/wp-content\/uploads\/2022\/07\/FY9GTMgX0AE_mU2.jpg\" title=\"FY9GTMgX0AE_mU2\"  data-caption=\"Cortes\u00eda Twitter @CopaAmerica\"  data-description=\"\">\r\n                                <img decoding=\"async\" src=\"https:\/\/futbolhoy.co\/wp-content\/uploads\/2022\/07\/FY9GTMgX0AE_mU2-630x420.jpg\" srcset=\"https:\/\/futbolhoy.co\/wp-content\/uploads\/2022\/07\/FY9GTMgX0AE_mU2-630x420.jpg 630w, https:\/\/futbolhoy.co\/wp-content\/uploads\/2022\/07\/FY9GTMgX0AE_mU2-300x200.jpg 300w, https:\/\/futbolhoy.co\/wp-content\/uploads\/2022\/07\/FY9GTMgX0AE_mU2-128x85.jpg 128w, https:\/\/futbolhoy.co\/wp-content\/uploads\/2022\/07\/FY9GTMgX0AE_mU2-32x21.jpg 32w, https:\/\/futbolhoy.co\/wp-content\/uploads\/2022\/07\/FY9GTMgX0AE_mU2.jpg 679w\" sizes=\"(max-width: 630px) 100vw, 630px\" alt=\"\">\r\n                            <\/a>\r\n                            <figcaption class = \"td-slide-caption td-gallery-slide-content\"><div class = \"td-gallery-slide-copywrite\">Cortes\u00eda Twitter @CopaAmerica<\/div><\/figcaption>\r\n                        <\/figure>\r\n                    <\/div>\r\n                    <div class = \"td-slide-item td-item17\">\r\n                        <figure class=\"td-slide-galery-figure td-slide-popup-gallery\">\r\n                            <a class=\"slide-gallery-image-link\" href=\"https:\/\/futbolhoy.co\/wp-content\/uploads\/2022\/07\/FY9DdyEWIB46HSu.jpg\" title=\"FY9DdyEWIB46HSu\"  data-caption=\"Cortes\u00eda Twitter @CopaAmerica\"  data-description=\"\">\r\n                                <img decoding=\"async\" src=\"https:\/\/futbolhoy.co\/wp-content\/uploads\/2022\/07\/FY9DdyEWIB46HSu-633x420.jpg\" srcset=\"https:\/\/futbolhoy.co\/wp-content\/uploads\/2022\/07\/FY9DdyEWIB46HSu-633x420.jpg 633w, https:\/\/futbolhoy.co\/wp-content\/uploads\/2022\/07\/FY9DdyEWIB46HSu-300x199.jpg 300w, https:\/\/futbolhoy.co\/wp-content\/uploads\/2022\/07\/FY9DdyEWIB46HSu-128x85.jpg 128w, https:\/\/futbolhoy.co\/wp-content\/uploads\/2022\/07\/FY9DdyEWIB46HSu-32x21.jpg 32w, https:\/\/futbolhoy.co\/wp-content\/uploads\/2022\/07\/FY9DdyEWIB46HSu.jpg 680w\" sizes=\"(max-width: 633px) 100vw, 633px\" alt=\"\">\r\n                            <\/a>\r\n                            <figcaption class = \"td-slide-caption td-gallery-slide-content\"><div class = \"td-gallery-slide-copywrite\">Cortes\u00eda Twitter @CopaAmerica<\/div><\/figcaption>\r\n                        <\/figure>\r\n                    <\/div>\r\n                            <\/div>\r\n                        <\/div>\r\n\r\n                        <div class = \"td-doubleSlider-2\">\r\n                            <div class = \"td-slider\">\r\n                                \r\n                    <div class = \"td-button td-item1\">\r\n                        <div class = \"td-border\"><\/div>\r\n                    <\/div>\r\n                    <div class = \"td-button td-item2\">\r\n                        <div class = \"td-border\"><\/div>\r\n                    <\/div>\r\n                    <div class = \"td-button td-item3\">\r\n                        <div class = \"td-border\"><\/div>\r\n                    <\/div>\r\n                    <div class = \"td-button td-item4\">\r\n                        <div class = \"td-border\"><\/div>\r\n                    <\/div>\r\n                    <div class = \"td-button td-item5\">\r\n                        <div class = \"td-border\"><\/div>\r\n                    <\/div>\r\n                    <div class = \"td-button td-item6\">\r\n                        <div class = \"td-border\"><\/div>\r\n                    <\/div>\r\n                    <div class = \"td-button td-item7\">\r\n                        <div class = \"td-border\"><\/div>\r\n                    <\/div>\r\n                    <div class = \"td-button td-item8\">\r\n                        <div class = \"td-border\"><\/div>\r\n                    <\/div>\r\n                    <div class = \"td-button td-item9\">\r\n                        <div class = \"td-border\"><\/div>\r\n                    <\/div>\r\n                    <div class = \"td-button td-item10\">\r\n                        <div class = \"td-border\"><\/div>\r\n                    <\/div>\r\n                    <div class = \"td-button td-item11\">\r\n                        <div class = \"td-border\"><\/div>\r\n                    <\/div>\r\n                    <div class = \"td-button td-item12\">\r\n                        <div class = \"td-border\"><\/div>\r\n                    <\/div>\r\n                    <div class = \"td-button td-item13\">\r\n                        <div class = \"td-border\"><\/div>\r\n                    <\/div>\r\n                    <div class = \"td-button td-item14\">\r\n                        <div class = \"td-border\"><\/div>\r\n                    <\/div>\r\n                    <div class = \"td-button td-item15\">\r\n                        <div class = \"td-border\"><\/div>\r\n                    <\/div>\r\n                    <div class = \"td-button td-item16\">\r\n                        <div class = \"td-border\"><\/div>\r\n                    <\/div>\r\n                    <div class = \"td-button td-item17\">\r\n                        <div class = \"td-border\"><\/div>\r\n                    <\/div>\r\n                            <\/div>\r\n                        <\/div>\r\n\r\n                    <\/div>\r\n\r\n                <\/div>\r\n                \n","protected":false},"excerpt":{"rendered":"","protected":false},"author":5,"featured_media":83265,"comment_status":"open","ping_status":"open","sticky":false,"template":"","format":"video","meta":{"_acf_changed":false,"footnotes":""},"categories":[418],"tags":[],"class_list":{"0":"post-83255","1":"post","2":"type-post","3":"status-publish","4":"format-video","5":"has-post-thumbnail","7":"category-colombia","8":"post_format-post-format-video"},"acf":[],"yoast_head":"<!-- This site is optimized with the Yoast SEO plugin v26.8 - https:\/\/yoast.com\/product\/yoast-seo-wordpress\/ -->\n<title>En im\u00e1genes: La gran final de la Copa Am\u00e9rica -<\/title>\n<meta name=\"robots\" content=\"index, follow, max-snippet:-1, max-image-preview:large, max-video-preview:-1\" \/>\n<link rel=\"canonical\" href=\"https:\/\/futbolhoy.co\/index.php\/2022\/07\/30\/en-imagenes-la-gran-final-de-la-copa-america\/\" \/>\n<meta property=\"og:locale\" content=\"es_ES\" \/>\n<meta property=\"og:type\" content=\"article\" \/>\n<meta property=\"og:title\" content=\"En im\u00e1genes: La gran final de la Copa Am\u00e9rica -\" \/>\n<meta property=\"og:url\" content=\"https:\/\/futbolhoy.co\/index.php\/2022\/07\/30\/en-imagenes-la-gran-final-de-la-copa-america\/\" \/>\n<meta property=\"article:publisher\" content=\"https:\/\/www.facebook.com\/FutbolHoyCol\/\" \/>\n<meta property=\"article:published_time\" content=\"2022-07-31T01:52:38+00:00\" \/>\n<meta property=\"article:modified_time\" content=\"2022-07-31T17:31:53+00:00\" \/>\n<meta property=\"og:image\" content=\"https:\/\/futbolhoy.co\/wp-content\/uploads\/2022\/07\/DSC_0143-scaled.jpg\" \/>\n\t<meta property=\"og:image:width\" content=\"2560\" \/>\n\t<meta property=\"og:image:height\" content=\"1709\" \/>\n\t<meta property=\"og:image:type\" content=\"image\/jpeg\" \/>\n<meta name=\"author\" content=\"Laura Hern\u00e1ndez\" \/>\n<meta name=\"twitter:card\" content=\"summary_large_image\" \/>\n<meta name=\"twitter:creator\" content=\"@FutbolHoyCol\" \/>\n<meta name=\"twitter:site\" content=\"@FutbolHoyCol\" \/>\n<meta name=\"twitter:label1\" content=\"Escrito por\" \/>\n\t<meta name=\"twitter:data1\" content=\"Laura Hern\u00e1ndez\" \/>\n<script type=\"application\/ld+json\" class=\"yoast-schema-graph\">{\"@context\":\"https:\/\/schema.org\",\"@graph\":[{\"@type\":\"Article\",\"@id\":\"https:\/\/futbolhoy.co\/index.php\/2022\/07\/30\/en-imagenes-la-gran-final-de-la-copa-america\/#article\",\"isPartOf\":{\"@id\":\"https:\/\/futbolhoy.co\/index.php\/2022\/07\/30\/en-imagenes-la-gran-final-de-la-copa-america\/\"},\"author\":{\"name\":\"Laura Hern\u00e1ndez\",\"@id\":\"https:\/\/futbolhoy.co\/#\/schema\/person\/c4a353a512b127643723a34bb1812f7d\"},\"headline\":\"En im\u00e1genes: La gran final de la Copa Am\u00e9rica\",\"datePublished\":\"2022-07-31T01:52:38+00:00\",\"dateModified\":\"2022-07-31T17:31:53+00:00\",\"mainEntityOfPage\":{\"@id\":\"https:\/\/futbolhoy.co\/index.php\/2022\/07\/30\/en-imagenes-la-gran-final-de-la-copa-america\/\"},\"wordCount\":23,\"commentCount\":0,\"publisher\":{\"@id\":\"https:\/\/futbolhoy.co\/#organization\"},\"image\":{\"@id\":\"https:\/\/futbolhoy.co\/index.php\/2022\/07\/30\/en-imagenes-la-gran-final-de-la-copa-america\/#primaryimage\"},\"thumbnailUrl\":\"https:\/\/futbolhoy.co\/wp-content\/uploads\/2022\/07\/DSC_0143-scaled.jpg\",\"articleSection\":[\"Colombia\"],\"inLanguage\":\"es\",\"potentialAction\":[{\"@type\":\"CommentAction\",\"name\":\"Comment\",\"target\":[\"https:\/\/futbolhoy.co\/index.php\/2022\/07\/30\/en-imagenes-la-gran-final-de-la-copa-america\/#respond\"]}]},{\"@type\":\"WebPage\",\"@id\":\"https:\/\/futbolhoy.co\/index.php\/2022\/07\/30\/en-imagenes-la-gran-final-de-la-copa-america\/\",\"url\":\"https:\/\/futbolhoy.co\/index.php\/2022\/07\/30\/en-imagenes-la-gran-final-de-la-copa-america\/\",\"name\":\"En im\u00e1genes: La gran final de la Copa Am\u00e9rica -\",\"isPartOf\":{\"@id\":\"https:\/\/futbolhoy.co\/#website\"},\"primaryImageOfPage\":{\"@id\":\"https:\/\/futbolhoy.co\/index.php\/2022\/07\/30\/en-imagenes-la-gran-final-de-la-copa-america\/#primaryimage\"},\"image\":{\"@id\":\"https:\/\/futbolhoy.co\/index.php\/2022\/07\/30\/en-imagenes-la-gran-final-de-la-copa-america\/#primaryimage\"},\"thumbnailUrl\":\"https:\/\/futbolhoy.co\/wp-content\/uploads\/2022\/07\/DSC_0143-scaled.jpg\",\"datePublished\":\"2022-07-31T01:52:38+00:00\",\"dateModified\":\"2022-07-31T17:31:53+00:00\",\"breadcrumb\":{\"@id\":\"https:\/\/futbolhoy.co\/index.php\/2022\/07\/30\/en-imagenes-la-gran-final-de-la-copa-america\/#breadcrumb\"},\"inLanguage\":\"es\",\"potentialAction\":[{\"@type\":\"ReadAction\",\"target\":[\"https:\/\/futbolhoy.co\/index.php\/2022\/07\/30\/en-imagenes-la-gran-final-de-la-copa-america\/\"]}]},{\"@type\":\"ImageObject\",\"inLanguage\":\"es\",\"@id\":\"https:\/\/futbolhoy.co\/index.php\/2022\/07\/30\/en-imagenes-la-gran-final-de-la-copa-america\/#primaryimage\",\"url\":\"https:\/\/futbolhoy.co\/wp-content\/uploads\/2022\/07\/DSC_0143-scaled.jpg\",\"contentUrl\":\"https:\/\/futbolhoy.co\/wp-content\/uploads\/2022\/07\/DSC_0143-scaled.jpg\",\"width\":2560,\"height\":1709,\"caption\":\"Cortes\u00eda Federaci\u00f3n Colombiana de F\u00fatbol\"},{\"@type\":\"BreadcrumbList\",\"@id\":\"https:\/\/futbolhoy.co\/index.php\/2022\/07\/30\/en-imagenes-la-gran-final-de-la-copa-america\/#breadcrumb\",\"itemListElement\":[{\"@type\":\"ListItem\",\"position\":1,\"name\":\"Portada\",\"item\":\"https:\/\/futbolhoy.co\/\"},{\"@type\":\"ListItem\",\"position\":2,\"name\":\"En im\u00e1genes: La gran final de la Copa Am\u00e9rica\"}]},{\"@type\":\"WebSite\",\"@id\":\"https:\/\/futbolhoy.co\/#website\",\"url\":\"https:\/\/futbolhoy.co\/\",\"name\":\"FutbolHoy\",\"description\":\"\",\"publisher\":{\"@id\":\"https:\/\/futbolhoy.co\/#organization\"},\"potentialAction\":[{\"@type\":\"SearchAction\",\"target\":{\"@type\":\"EntryPoint\",\"urlTemplate\":\"https:\/\/futbolhoy.co\/?s={search_term_string}\"},\"query-input\":{\"@type\":\"PropertyValueSpecification\",\"valueRequired\":true,\"valueName\":\"search_term_string\"}}],\"inLanguage\":\"es\"},{\"@type\":\"Organization\",\"@id\":\"https:\/\/futbolhoy.co\/#organization\",\"name\":\"Futbolhoy.co\",\"url\":\"https:\/\/futbolhoy.co\/\",\"logo\":{\"@type\":\"ImageObject\",\"inLanguage\":\"es\",\"@id\":\"https:\/\/futbolhoy.co\/#\/schema\/logo\/image\/\",\"url\":\"https:\/\/futbolhoy.co\/wp-content\/uploads\/2018\/08\/17426380_1906371736249227_6326180412931521141_n.jpg\",\"contentUrl\":\"https:\/\/futbolhoy.co\/wp-content\/uploads\/2018\/08\/17426380_1906371736249227_6326180412931521141_n.jpg\",\"width\":960,\"height\":960,\"caption\":\"Futbolhoy.co\"},\"image\":{\"@id\":\"https:\/\/futbolhoy.co\/#\/schema\/logo\/image\/\"},\"sameAs\":[\"https:\/\/www.facebook.com\/FutbolHoyCol\/\",\"https:\/\/x.com\/FutbolHoyCol\",\"https:\/\/www.instagram.com\/futbolhoycol\/\"]},{\"@type\":\"Person\",\"@id\":\"https:\/\/futbolhoy.co\/#\/schema\/person\/c4a353a512b127643723a34bb1812f7d\",\"name\":\"Laura Hern\u00e1ndez\",\"image\":{\"@type\":\"ImageObject\",\"inLanguage\":\"es\",\"@id\":\"https:\/\/futbolhoy.co\/#\/schema\/person\/image\/\",\"url\":\"https:\/\/secure.gravatar.com\/avatar\/d25959a15b9b293a743f99181c7cfd01?s=96&d=mm&r=g\",\"contentUrl\":\"https:\/\/secure.gravatar.com\/avatar\/d25959a15b9b293a743f99181c7cfd01?s=96&d=mm&r=g\",\"caption\":\"Laura Hern\u00e1ndez\"}}]}<\/script>\n<!-- \/ Yoast SEO plugin. -->","yoast_head_json":{"title":"En im\u00e1genes: La gran final de la Copa Am\u00e9rica -","robots":{"index":"index","follow":"follow","max-snippet":"max-snippet:-1","max-image-preview":"max-image-preview:large","max-video-preview":"max-video-preview:-1"},"canonical":"https:\/\/futbolhoy.co\/index.php\/2022\/07\/30\/en-imagenes-la-gran-final-de-la-copa-america\/","og_locale":"es_ES","og_type":"article","og_title":"En im\u00e1genes: La gran final de la Copa Am\u00e9rica -","og_url":"https:\/\/futbolhoy.co\/index.php\/2022\/07\/30\/en-imagenes-la-gran-final-de-la-copa-america\/","article_publisher":"https:\/\/www.facebook.com\/FutbolHoyCol\/","article_published_time":"2022-07-31T01:52:38+00:00","article_modified_time":"2022-07-31T17:31:53+00:00","og_image":[{"width":2560,"height":1709,"url":"https:\/\/futbolhoy.co\/wp-content\/uploads\/2022\/07\/DSC_0143-scaled.jpg","type":"image\/jpeg"}],"author":"Laura Hern\u00e1ndez","twitter_card":"summary_large_image","twitter_creator":"@FutbolHoyCol","twitter_site":"@FutbolHoyCol","twitter_misc":{"Escrito por":"Laura Hern\u00e1ndez"},"schema":{"@context":"https:\/\/schema.org","@graph":[{"@type":"Article","@id":"https:\/\/futbolhoy.co\/index.php\/2022\/07\/30\/en-imagenes-la-gran-final-de-la-copa-america\/#article","isPartOf":{"@id":"https:\/\/futbolhoy.co\/index.php\/2022\/07\/30\/en-imagenes-la-gran-final-de-la-copa-america\/"},"author":{"name":"Laura Hern\u00e1ndez","@id":"https:\/\/futbolhoy.co\/#\/schema\/person\/c4a353a512b127643723a34bb1812f7d"},"headline":"En im\u00e1genes: La gran final de la Copa Am\u00e9rica","datePublished":"2022-07-31T01:52:38+00:00","dateModified":"2022-07-31T17:31:53+00:00","mainEntityOfPage":{"@id":"https:\/\/futbolhoy.co\/index.php\/2022\/07\/30\/en-imagenes-la-gran-final-de-la-copa-america\/"},"wordCount":23,"commentCount":0,"publisher":{"@id":"https:\/\/futbolhoy.co\/#organization"},"image":{"@id":"https:\/\/futbolhoy.co\/index.php\/2022\/07\/30\/en-imagenes-la-gran-final-de-la-copa-america\/#primaryimage"},"thumbnailUrl":"https:\/\/futbolhoy.co\/wp-content\/uploads\/2022\/07\/DSC_0143-scaled.jpg","articleSection":["Colombia"],"inLanguage":"es","potentialAction":[{"@type":"CommentAction","name":"Comment","target":["https:\/\/futbolhoy.co\/index.php\/2022\/07\/30\/en-imagenes-la-gran-final-de-la-copa-america\/#respond"]}]},{"@type":"WebPage","@id":"https:\/\/futbolhoy.co\/index.php\/2022\/07\/30\/en-imagenes-la-gran-final-de-la-copa-america\/","url":"https:\/\/futbolhoy.co\/index.php\/2022\/07\/30\/en-imagenes-la-gran-final-de-la-copa-america\/","name":"En im\u00e1genes: La gran final de la Copa Am\u00e9rica -","isPartOf":{"@id":"https:\/\/futbolhoy.co\/#website"},"primaryImageOfPage":{"@id":"https:\/\/futbolhoy.co\/index.php\/2022\/07\/30\/en-imagenes-la-gran-final-de-la-copa-america\/#primaryimage"},"image":{"@id":"https:\/\/futbolhoy.co\/index.php\/2022\/07\/30\/en-imagenes-la-gran-final-de-la-copa-america\/#primaryimage"},"thumbnailUrl":"https:\/\/futbolhoy.co\/wp-content\/uploads\/2022\/07\/DSC_0143-scaled.jpg","datePublished":"2022-07-31T01:52:38+00:00","dateModified":"2022-07-31T17:31:53+00:00","breadcrumb":{"@id":"https:\/\/futbolhoy.co\/index.php\/2022\/07\/30\/en-imagenes-la-gran-final-de-la-copa-america\/#breadcrumb"},"inLanguage":"es","potentialAction":[{"@type":"ReadAction","target":["https:\/\/futbolhoy.co\/index.php\/2022\/07\/30\/en-imagenes-la-gran-final-de-la-copa-america\/"]}]},{"@type":"ImageObject","inLanguage":"es","@id":"https:\/\/futbolhoy.co\/index.php\/2022\/07\/30\/en-imagenes-la-gran-final-de-la-copa-america\/#primaryimage","url":"https:\/\/futbolhoy.co\/wp-content\/uploads\/2022\/07\/DSC_0143-scaled.jpg","contentUrl":"https:\/\/futbolhoy.co\/wp-content\/uploads\/2022\/07\/DSC_0143-scaled.jpg","width":2560,"height":1709,"caption":"Cortes\u00eda Federaci\u00f3n Colombiana de F\u00fatbol"},{"@type":"BreadcrumbList","@id":"https:\/\/futbolhoy.co\/index.php\/2022\/07\/30\/en-imagenes-la-gran-final-de-la-copa-america\/#breadcrumb","itemListElement":[{"@type":"ListItem","position":1,"name":"Portada","item":"https:\/\/futbolhoy.co\/"},{"@type":"ListItem","position":2,"name":"En im\u00e1genes: La gran final de la Copa Am\u00e9rica"}]},{"@type":"WebSite","@id":"https:\/\/futbolhoy.co\/#website","url":"https:\/\/futbolhoy.co\/","name":"FutbolHoy","description":"","publisher":{"@id":"https:\/\/futbolhoy.co\/#organization"},"potentialAction":[{"@type":"SearchAction","target":{"@type":"EntryPoint","urlTemplate":"https:\/\/futbolhoy.co\/?s={search_term_string}"},"query-input":{"@type":"PropertyValueSpecification","valueRequired":true,"valueName":"search_term_string"}}],"inLanguage":"es"},{"@type":"Organization","@id":"https:\/\/futbolhoy.co\/#organization","name":"Futbolhoy.co","url":"https:\/\/futbolhoy.co\/","logo":{"@type":"ImageObject","inLanguage":"es","@id":"https:\/\/futbolhoy.co\/#\/schema\/logo\/image\/","url":"https:\/\/futbolhoy.co\/wp-content\/uploads\/2018\/08\/17426380_1906371736249227_6326180412931521141_n.jpg","contentUrl":"https:\/\/futbolhoy.co\/wp-content\/uploads\/2018\/08\/17426380_1906371736249227_6326180412931521141_n.jpg","width":960,"height":960,"caption":"Futbolhoy.co"},"image":{"@id":"https:\/\/futbolhoy.co\/#\/schema\/logo\/image\/"},"sameAs":["https:\/\/www.facebook.com\/FutbolHoyCol\/","https:\/\/x.com\/FutbolHoyCol","https:\/\/www.instagram.com\/futbolhoycol\/"]},{"@type":"Person","@id":"https:\/\/futbolhoy.co\/#\/schema\/person\/c4a353a512b127643723a34bb1812f7d","name":"Laura Hern\u00e1ndez","image":{"@type":"ImageObject","inLanguage":"es","@id":"https:\/\/futbolhoy.co\/#\/schema\/person\/image\/","url":"https:\/\/secure.gravatar.com\/avatar\/d25959a15b9b293a743f99181c7cfd01?s=96&d=mm&r=g","contentUrl":"https:\/\/secure.gravatar.com\/avatar\/d25959a15b9b293a743f99181c7cfd01?s=96&d=mm&r=g","caption":"Laura Hern\u00e1ndez"}}]}},"publishpress_future_action":{"enabled":false,"date":"2026-05-02 01:26:04","action":"change-status","newStatus":"draft","terms":[],"taxonomy":"category","extraData":[]},"publishpress_future_workflow_manual_trigger":{"enabledWorkflows":[]},"_links":{"self":[{"href":"https:\/\/futbolhoy.co\/index.php\/wp-json\/wp\/v2\/posts\/83255","targetHints":{"allow":["GET"]}}],"collection":[{"href":"https:\/\/futbolhoy.co\/index.php\/wp-json\/wp\/v2\/posts"}],"about":[{"href":"https:\/\/futbolhoy.co\/index.php\/wp-json\/wp\/v2\/types\/post"}],"author":[{"embeddable":true,"href":"https:\/\/futbolhoy.co\/index.php\/wp-json\/wp\/v2\/users\/5"}],"replies":[{"embeddable":true,"href":"https:\/\/futbolhoy.co\/index.php\/wp-json\/wp\/v2\/comments?post=83255"}],"version-history":[{"count":1,"href":"https:\/\/futbolhoy.co\/index.php\/wp-json\/wp\/v2\/posts\/83255\/revisions"}],"predecessor-version":[{"id":83282,"href":"https:\/\/futbolhoy.co\/index.php\/wp-json\/wp\/v2\/posts\/83255\/revisions\/83282"}],"wp:featuredmedia":[{"embeddable":true,"href":"https:\/\/futbolhoy.co\/index.php\/wp-json\/wp\/v2\/media\/83265"}],"wp:attachment":[{"href":"https:\/\/futbolhoy.co\/index.php\/wp-json\/wp\/v2\/media?parent=83255"}],"wp:term":[{"taxonomy":"category","embeddable":true,"href":"https:\/\/futbolhoy.co\/index.php\/wp-json\/wp\/v2\/categories?post=83255"},{"taxonomy":"post_tag","embeddable":true,"href":"https:\/\/futbolhoy.co\/index.php\/wp-json\/wp\/v2\/tags?post=83255"}],"curies":[{"name":"wp","href":"https:\/\/api.w.org\/{rel}","templated":true}]}}