{"id":83273,"date":"2022-07-30T21:12:45","date_gmt":"2022-07-31T02:12:45","guid":{"rendered":"https:\/\/futbolhoy.co\/?p=83273"},"modified":"2022-07-31T16:10:13","modified_gmt":"2022-07-31T21:10:13","slug":"colombia-entrego-todo-y-se-quedo-con-el-subtitulo","status":"publish","type":"post","link":"https:\/\/futbolhoy.co\/index.php\/2022\/07\/30\/colombia-entrego-todo-y-se-quedo-con-el-subtitulo\/","title":{"rendered":"Colombia entreg\u00f3 todo y se qued\u00f3 con el subt\u00edtulo"},"content":{"rendered":"<p style=\"text-align: justify;\"><span style=\"font-family: helvetica, arial, sans-serif;\">La selecci\u00f3n de <strong>Brasil<\/strong> venci\u00f3 1-0 a <strong>Colombia<\/strong> en la final de la <strong>Copa Am\u00e9rica femenina<\/strong>, en partido disputado en el estadio Alfonso L\u00f3pez de Bucaramanga.<\/span><\/p>\n<p style=\"text-align: justify;\"><span style=\"font-family: helvetica, arial, sans-serif;\">El \u00fanico tanto lleg\u00f3 por intermedio de <strong>Debinha<\/strong> (39\u2019) de penalti, luego de una clara falta de <strong>Manuela Vanegas<\/strong> sobre la autora del gol, que la \u00e1rbitra <strong>Mar\u00eda Laura Fortunato<\/strong> no dud\u00f3 en decretar.<\/span><\/p>\n<p style=\"text-align: justify;\"><span style=\"font-family: helvetica, arial, sans-serif;\">Aunque la visita se qued\u00f3 con el t\u00edtulo, no fue arrolladora como en otros encuentros de este campeonato y tuvo dificultades para superar a <strong>Colombia<\/strong>, que intent\u00f3 anotar con <strong>Leicy Santos, Catalina<\/strong> <strong>Usme, Mayra Ram\u00edrez\u00a0\u00a0y Linda Caicedo<\/strong> sin \u00e9xito.<\/span><\/p>\n<p style=\"text-align: justify;\"><span style=\"font-family: helvetica, arial, sans-serif;\">La \u2018Verdeamarela\u2019 termin\u00f3 invicta con 20 goles anotados y ninguno en contra. La Tricolor cerr\u00f3 con 14 goles a favor, mientras que recibi\u00f3 4.<\/span><\/p>\n<p style=\"text-align: justify;\"><span style=\"font-family: helvetica, arial, sans-serif;\"><strong>Brasil<\/strong> complet\u00f3 8 t\u00edtulos en nueve ediciones disputadas. <strong>Colombia<\/strong> sum\u00f3 su tercer subtitulo, distinci\u00f3n que alcanz\u00f3 en los torneos de 2010 y 2014, celebrados en <strong>Ecuador<\/strong>, y 2022.<\/span><\/p>\n<p style=\"text-align: justify;\"><span style=\"font-family: helvetica, arial, sans-serif;\">Las dos selecciones hab\u00edan asegurado en las semifinales, su cupo al Mundial de <strong>Australia-Nueva<\/strong> <strong>Zelanda de 2023 y los Juegos Ol\u00edmpicos Par\u00eds 2024.<\/strong><\/span><\/p>\n<div style=\"text-align: justify;\"><span style=\"font-family: helvetica, arial, sans-serif;\">En el acto de premiaci\u00f3n, la colombiana<strong> Linda Caicedo<\/strong> recibi\u00f3 la distinci\u00f3n como la mejor jugadora del campeonato, mientras que a la brasile\u00f1a, <strong>Lorena,<\/strong> se le otorg\u00f3 el trofeo de mejor portera.<\/span><\/div>\n<div style=\"text-align: justify;\"><span style=\"font-family: helvetica, arial, sans-serif;\"><i>\u00a0<\/i><\/span><\/div>\n<div style=\"text-align: justify;\"><strong><span style=\"font-family: helvetica, arial, sans-serif;\"><i>Formaciones:<\/i><\/span><\/strong><\/div>\n<p style=\"text-align: justify;\"><span style=\"font-family: helvetica, arial, sans-serif;\"><i><strong>Colombia:<\/strong>\u00a0<\/i>Catalina P\u00e9rez;\u00a0\u00a0Daniela Caracas, Yorel\u00edn Carabal\u00ed, Daniela Arias, Manuela Vanegas; Daniela Montoya, Lorena Bedoya (Gisela Robledo 84\u2019); Leicy Santos, Linda Caicedo, Catalina Usme, Mayra Ram\u00edrez (Diana Ospina 61\u2019).<\/span><\/p>\n<p style=\"text-align: justify;\"><span style=\"font-family: helvetica, arial, sans-serif;\"><strong><i>Brasil:<\/i><\/strong> Lorena; Antonia, Tainara, Rafaelle, Tamires; Angelina (Duda 9\u2019), Ary Borges (Portilho\u00a0\u00a067\u2019), Adriana, Kerolin (Luana 67\u2019); Debinha y Bia Zaneratto (Geyse 87\u2019).<\/span><\/p>\n","protected":false},"excerpt":{"rendered":"<p>La selecci\u00f3n de Brasil venci\u00f3 1-0 a Colombia en la final de la Copa Am\u00e9rica femenina, en partido disputado en el estadio Alfonso L\u00f3pez de Bucaramanga. El \u00fanico tanto lleg\u00f3 por intermedio de Debinha (39\u2019) de penalti, luego de una clara falta de Manuela Vanegas sobre la autora del gol, que la \u00e1rbitra Mar\u00eda Laura [&hellip;]<\/p>\n","protected":false},"author":5,"featured_media":83271,"comment_status":"open","ping_status":"open","sticky":false,"template":"","format":"standard","meta":{"_acf_changed":false,"footnotes":""},"categories":[418],"tags":[],"class_list":{"0":"post-83273","1":"post","2":"type-post","3":"status-publish","4":"format-standard","5":"has-post-thumbnail","7":"category-colombia"},"acf":[],"yoast_head":"<!-- This site is optimized with the Yoast SEO plugin v26.8 - https:\/\/yoast.com\/product\/yoast-seo-wordpress\/ -->\n<title>Colombia entreg\u00f3 todo y se qued\u00f3 con el subt\u00edtulo -<\/title>\n<meta name=\"robots\" content=\"index, follow, max-snippet:-1, max-image-preview:large, max-video-preview:-1\" \/>\n<link rel=\"canonical\" href=\"https:\/\/futbolhoy.co\/index.php\/2022\/07\/30\/colombia-entrego-todo-y-se-quedo-con-el-subtitulo\/\" \/>\n<meta property=\"og:locale\" content=\"es_ES\" \/>\n<meta property=\"og:type\" content=\"article\" \/>\n<meta property=\"og:title\" content=\"Colombia entreg\u00f3 todo y se qued\u00f3 con el subt\u00edtulo -\" \/>\n<meta property=\"og:description\" content=\"La selecci\u00f3n de Brasil venci\u00f3 1-0 a Colombia en la final de la Copa Am\u00e9rica femenina, en partido disputado en el estadio Alfonso L\u00f3pez de Bucaramanga. El \u00fanico tanto lleg\u00f3 por intermedio de Debinha (39\u2019) de penalti, luego de una clara falta de Manuela Vanegas sobre la autora del gol, que la \u00e1rbitra Mar\u00eda Laura [&hellip;]\" \/>\n<meta property=\"og:url\" content=\"https:\/\/futbolhoy.co\/index.php\/2022\/07\/30\/colombia-entrego-todo-y-se-quedo-con-el-subtitulo\/\" \/>\n<meta property=\"article:publisher\" content=\"https:\/\/www.facebook.com\/FutbolHoyCol\/\" \/>\n<meta property=\"article:published_time\" content=\"2022-07-31T02:12:45+00:00\" \/>\n<meta property=\"article:modified_time\" content=\"2022-07-31T21:10:13+00:00\" \/>\n<meta property=\"og:image\" content=\"https:\/\/futbolhoy.co\/wp-content\/uploads\/2022\/07\/FY9GTMgX0AE_mU2.jpg\" \/>\n\t<meta property=\"og:image:width\" content=\"679\" \/>\n\t<meta property=\"og:image:height\" content=\"453\" \/>\n\t<meta property=\"og:image:type\" content=\"image\/jpeg\" \/>\n<meta name=\"author\" content=\"Laura Hern\u00e1ndez\" \/>\n<meta name=\"twitter:card\" content=\"summary_large_image\" \/>\n<meta name=\"twitter:creator\" content=\"@FutbolHoyCol\" \/>\n<meta name=\"twitter:site\" content=\"@FutbolHoyCol\" \/>\n<meta name=\"twitter:label1\" content=\"Escrito por\" \/>\n\t<meta name=\"twitter:data1\" content=\"Laura Hern\u00e1ndez\" \/>\n\t<meta name=\"twitter:label2\" content=\"Tiempo de lectura\" \/>\n\t<meta name=\"twitter:data2\" content=\"1 minuto\" \/>\n<script type=\"application\/ld+json\" class=\"yoast-schema-graph\">{\"@context\":\"https:\/\/schema.org\",\"@graph\":[{\"@type\":\"Article\",\"@id\":\"https:\/\/futbolhoy.co\/index.php\/2022\/07\/30\/colombia-entrego-todo-y-se-quedo-con-el-subtitulo\/#article\",\"isPartOf\":{\"@id\":\"https:\/\/futbolhoy.co\/index.php\/2022\/07\/30\/colombia-entrego-todo-y-se-quedo-con-el-subtitulo\/\"},\"author\":{\"name\":\"Laura Hern\u00e1ndez\",\"@id\":\"https:\/\/futbolhoy.co\/#\/schema\/person\/c4a353a512b127643723a34bb1812f7d\"},\"headline\":\"Colombia entreg\u00f3 todo y se qued\u00f3 con el subt\u00edtulo\",\"datePublished\":\"2022-07-31T02:12:45+00:00\",\"dateModified\":\"2022-07-31T21:10:13+00:00\",\"mainEntityOfPage\":{\"@id\":\"https:\/\/futbolhoy.co\/index.php\/2022\/07\/30\/colombia-entrego-todo-y-se-quedo-con-el-subtitulo\/\"},\"wordCount\":271,\"commentCount\":0,\"publisher\":{\"@id\":\"https:\/\/futbolhoy.co\/#organization\"},\"image\":{\"@id\":\"https:\/\/futbolhoy.co\/index.php\/2022\/07\/30\/colombia-entrego-todo-y-se-quedo-con-el-subtitulo\/#primaryimage\"},\"thumbnailUrl\":\"https:\/\/futbolhoy.co\/wp-content\/uploads\/2022\/07\/FY9GTMgX0AE_mU2.jpg\",\"articleSection\":[\"Colombia\"],\"inLanguage\":\"es\",\"potentialAction\":[{\"@type\":\"CommentAction\",\"name\":\"Comment\",\"target\":[\"https:\/\/futbolhoy.co\/index.php\/2022\/07\/30\/colombia-entrego-todo-y-se-quedo-con-el-subtitulo\/#respond\"]}]},{\"@type\":\"WebPage\",\"@id\":\"https:\/\/futbolhoy.co\/index.php\/2022\/07\/30\/colombia-entrego-todo-y-se-quedo-con-el-subtitulo\/\",\"url\":\"https:\/\/futbolhoy.co\/index.php\/2022\/07\/30\/colombia-entrego-todo-y-se-quedo-con-el-subtitulo\/\",\"name\":\"Colombia entreg\u00f3 todo y se qued\u00f3 con el subt\u00edtulo -\",\"isPartOf\":{\"@id\":\"https:\/\/futbolhoy.co\/#website\"},\"primaryImageOfPage\":{\"@id\":\"https:\/\/futbolhoy.co\/index.php\/2022\/07\/30\/colombia-entrego-todo-y-se-quedo-con-el-subtitulo\/#primaryimage\"},\"image\":{\"@id\":\"https:\/\/futbolhoy.co\/index.php\/2022\/07\/30\/colombia-entrego-todo-y-se-quedo-con-el-subtitulo\/#primaryimage\"},\"thumbnailUrl\":\"https:\/\/futbolhoy.co\/wp-content\/uploads\/2022\/07\/FY9GTMgX0AE_mU2.jpg\",\"datePublished\":\"2022-07-31T02:12:45+00:00\",\"dateModified\":\"2022-07-31T21:10:13+00:00\",\"breadcrumb\":{\"@id\":\"https:\/\/futbolhoy.co\/index.php\/2022\/07\/30\/colombia-entrego-todo-y-se-quedo-con-el-subtitulo\/#breadcrumb\"},\"inLanguage\":\"es\",\"potentialAction\":[{\"@type\":\"ReadAction\",\"target\":[\"https:\/\/futbolhoy.co\/index.php\/2022\/07\/30\/colombia-entrego-todo-y-se-quedo-con-el-subtitulo\/\"]}]},{\"@type\":\"ImageObject\",\"inLanguage\":\"es\",\"@id\":\"https:\/\/futbolhoy.co\/index.php\/2022\/07\/30\/colombia-entrego-todo-y-se-quedo-con-el-subtitulo\/#primaryimage\",\"url\":\"https:\/\/futbolhoy.co\/wp-content\/uploads\/2022\/07\/FY9GTMgX0AE_mU2.jpg\",\"contentUrl\":\"https:\/\/futbolhoy.co\/wp-content\/uploads\/2022\/07\/FY9GTMgX0AE_mU2.jpg\",\"width\":679,\"height\":453,\"caption\":\"Cortes\u00eda Twitter @CopaAmerica\"},{\"@type\":\"BreadcrumbList\",\"@id\":\"https:\/\/futbolhoy.co\/index.php\/2022\/07\/30\/colombia-entrego-todo-y-se-quedo-con-el-subtitulo\/#breadcrumb\",\"itemListElement\":[{\"@type\":\"ListItem\",\"position\":1,\"name\":\"Portada\",\"item\":\"https:\/\/futbolhoy.co\/\"},{\"@type\":\"ListItem\",\"position\":2,\"name\":\"Colombia entreg\u00f3 todo y se qued\u00f3 con el subt\u00edtulo\"}]},{\"@type\":\"WebSite\",\"@id\":\"https:\/\/futbolhoy.co\/#website\",\"url\":\"https:\/\/futbolhoy.co\/\",\"name\":\"FutbolHoy\",\"description\":\"\",\"publisher\":{\"@id\":\"https:\/\/futbolhoy.co\/#organization\"},\"potentialAction\":[{\"@type\":\"SearchAction\",\"target\":{\"@type\":\"EntryPoint\",\"urlTemplate\":\"https:\/\/futbolhoy.co\/?s={search_term_string}\"},\"query-input\":{\"@type\":\"PropertyValueSpecification\",\"valueRequired\":true,\"valueName\":\"search_term_string\"}}],\"inLanguage\":\"es\"},{\"@type\":\"Organization\",\"@id\":\"https:\/\/futbolhoy.co\/#organization\",\"name\":\"Futbolhoy.co\",\"url\":\"https:\/\/futbolhoy.co\/\",\"logo\":{\"@type\":\"ImageObject\",\"inLanguage\":\"es\",\"@id\":\"https:\/\/futbolhoy.co\/#\/schema\/logo\/image\/\",\"url\":\"https:\/\/futbolhoy.co\/wp-content\/uploads\/2018\/08\/17426380_1906371736249227_6326180412931521141_n.jpg\",\"contentUrl\":\"https:\/\/futbolhoy.co\/wp-content\/uploads\/2018\/08\/17426380_1906371736249227_6326180412931521141_n.jpg\",\"width\":960,\"height\":960,\"caption\":\"Futbolhoy.co\"},\"image\":{\"@id\":\"https:\/\/futbolhoy.co\/#\/schema\/logo\/image\/\"},\"sameAs\":[\"https:\/\/www.facebook.com\/FutbolHoyCol\/\",\"https:\/\/x.com\/FutbolHoyCol\",\"https:\/\/www.instagram.com\/futbolhoycol\/\"]},{\"@type\":\"Person\",\"@id\":\"https:\/\/futbolhoy.co\/#\/schema\/person\/c4a353a512b127643723a34bb1812f7d\",\"name\":\"Laura Hern\u00e1ndez\",\"image\":{\"@type\":\"ImageObject\",\"inLanguage\":\"es\",\"@id\":\"https:\/\/futbolhoy.co\/#\/schema\/person\/image\/\",\"url\":\"https:\/\/secure.gravatar.com\/avatar\/d25959a15b9b293a743f99181c7cfd01?s=96&d=mm&r=g\",\"contentUrl\":\"https:\/\/secure.gravatar.com\/avatar\/d25959a15b9b293a743f99181c7cfd01?s=96&d=mm&r=g\",\"caption\":\"Laura Hern\u00e1ndez\"}}]}<\/script>\n<!-- \/ Yoast SEO plugin. -->","yoast_head_json":{"title":"Colombia entreg\u00f3 todo y se qued\u00f3 con el subt\u00edtulo -","robots":{"index":"index","follow":"follow","max-snippet":"max-snippet:-1","max-image-preview":"max-image-preview:large","max-video-preview":"max-video-preview:-1"},"canonical":"https:\/\/futbolhoy.co\/index.php\/2022\/07\/30\/colombia-entrego-todo-y-se-quedo-con-el-subtitulo\/","og_locale":"es_ES","og_type":"article","og_title":"Colombia entreg\u00f3 todo y se qued\u00f3 con el subt\u00edtulo -","og_description":"La selecci\u00f3n de Brasil venci\u00f3 1-0 a Colombia en la final de la Copa Am\u00e9rica femenina, en partido disputado en el estadio Alfonso L\u00f3pez de Bucaramanga. El \u00fanico tanto lleg\u00f3 por intermedio de Debinha (39\u2019) de penalti, luego de una clara falta de Manuela Vanegas sobre la autora del gol, que la \u00e1rbitra Mar\u00eda Laura [&hellip;]","og_url":"https:\/\/futbolhoy.co\/index.php\/2022\/07\/30\/colombia-entrego-todo-y-se-quedo-con-el-subtitulo\/","article_publisher":"https:\/\/www.facebook.com\/FutbolHoyCol\/","article_published_time":"2022-07-31T02:12:45+00:00","article_modified_time":"2022-07-31T21:10:13+00:00","og_image":[{"width":679,"height":453,"url":"https:\/\/futbolhoy.co\/wp-content\/uploads\/2022\/07\/FY9GTMgX0AE_mU2.jpg","type":"image\/jpeg"}],"author":"Laura Hern\u00e1ndez","twitter_card":"summary_large_image","twitter_creator":"@FutbolHoyCol","twitter_site":"@FutbolHoyCol","twitter_misc":{"Escrito por":"Laura Hern\u00e1ndez","Tiempo de lectura":"1 minuto"},"schema":{"@context":"https:\/\/schema.org","@graph":[{"@type":"Article","@id":"https:\/\/futbolhoy.co\/index.php\/2022\/07\/30\/colombia-entrego-todo-y-se-quedo-con-el-subtitulo\/#article","isPartOf":{"@id":"https:\/\/futbolhoy.co\/index.php\/2022\/07\/30\/colombia-entrego-todo-y-se-quedo-con-el-subtitulo\/"},"author":{"name":"Laura Hern\u00e1ndez","@id":"https:\/\/futbolhoy.co\/#\/schema\/person\/c4a353a512b127643723a34bb1812f7d"},"headline":"Colombia entreg\u00f3 todo y se qued\u00f3 con el subt\u00edtulo","datePublished":"2022-07-31T02:12:45+00:00","dateModified":"2022-07-31T21:10:13+00:00","mainEntityOfPage":{"@id":"https:\/\/futbolhoy.co\/index.php\/2022\/07\/30\/colombia-entrego-todo-y-se-quedo-con-el-subtitulo\/"},"wordCount":271,"commentCount":0,"publisher":{"@id":"https:\/\/futbolhoy.co\/#organization"},"image":{"@id":"https:\/\/futbolhoy.co\/index.php\/2022\/07\/30\/colombia-entrego-todo-y-se-quedo-con-el-subtitulo\/#primaryimage"},"thumbnailUrl":"https:\/\/futbolhoy.co\/wp-content\/uploads\/2022\/07\/FY9GTMgX0AE_mU2.jpg","articleSection":["Colombia"],"inLanguage":"es","potentialAction":[{"@type":"CommentAction","name":"Comment","target":["https:\/\/futbolhoy.co\/index.php\/2022\/07\/30\/colombia-entrego-todo-y-se-quedo-con-el-subtitulo\/#respond"]}]},{"@type":"WebPage","@id":"https:\/\/futbolhoy.co\/index.php\/2022\/07\/30\/colombia-entrego-todo-y-se-quedo-con-el-subtitulo\/","url":"https:\/\/futbolhoy.co\/index.php\/2022\/07\/30\/colombia-entrego-todo-y-se-quedo-con-el-subtitulo\/","name":"Colombia entreg\u00f3 todo y se qued\u00f3 con el subt\u00edtulo -","isPartOf":{"@id":"https:\/\/futbolhoy.co\/#website"},"primaryImageOfPage":{"@id":"https:\/\/futbolhoy.co\/index.php\/2022\/07\/30\/colombia-entrego-todo-y-se-quedo-con-el-subtitulo\/#primaryimage"},"image":{"@id":"https:\/\/futbolhoy.co\/index.php\/2022\/07\/30\/colombia-entrego-todo-y-se-quedo-con-el-subtitulo\/#primaryimage"},"thumbnailUrl":"https:\/\/futbolhoy.co\/wp-content\/uploads\/2022\/07\/FY9GTMgX0AE_mU2.jpg","datePublished":"2022-07-31T02:12:45+00:00","dateModified":"2022-07-31T21:10:13+00:00","breadcrumb":{"@id":"https:\/\/futbolhoy.co\/index.php\/2022\/07\/30\/colombia-entrego-todo-y-se-quedo-con-el-subtitulo\/#breadcrumb"},"inLanguage":"es","potentialAction":[{"@type":"ReadAction","target":["https:\/\/futbolhoy.co\/index.php\/2022\/07\/30\/colombia-entrego-todo-y-se-quedo-con-el-subtitulo\/"]}]},{"@type":"ImageObject","inLanguage":"es","@id":"https:\/\/futbolhoy.co\/index.php\/2022\/07\/30\/colombia-entrego-todo-y-se-quedo-con-el-subtitulo\/#primaryimage","url":"https:\/\/futbolhoy.co\/wp-content\/uploads\/2022\/07\/FY9GTMgX0AE_mU2.jpg","contentUrl":"https:\/\/futbolhoy.co\/wp-content\/uploads\/2022\/07\/FY9GTMgX0AE_mU2.jpg","width":679,"height":453,"caption":"Cortes\u00eda Twitter @CopaAmerica"},{"@type":"BreadcrumbList","@id":"https:\/\/futbolhoy.co\/index.php\/2022\/07\/30\/colombia-entrego-todo-y-se-quedo-con-el-subtitulo\/#breadcrumb","itemListElement":[{"@type":"ListItem","position":1,"name":"Portada","item":"https:\/\/futbolhoy.co\/"},{"@type":"ListItem","position":2,"name":"Colombia entreg\u00f3 todo y se qued\u00f3 con el subt\u00edtulo"}]},{"@type":"WebSite","@id":"https:\/\/futbolhoy.co\/#website","url":"https:\/\/futbolhoy.co\/","name":"FutbolHoy","description":"","publisher":{"@id":"https:\/\/futbolhoy.co\/#organization"},"potentialAction":[{"@type":"SearchAction","target":{"@type":"EntryPoint","urlTemplate":"https:\/\/futbolhoy.co\/?s={search_term_string}"},"query-input":{"@type":"PropertyValueSpecification","valueRequired":true,"valueName":"search_term_string"}}],"inLanguage":"es"},{"@type":"Organization","@id":"https:\/\/futbolhoy.co\/#organization","name":"Futbolhoy.co","url":"https:\/\/futbolhoy.co\/","logo":{"@type":"ImageObject","inLanguage":"es","@id":"https:\/\/futbolhoy.co\/#\/schema\/logo\/image\/","url":"https:\/\/futbolhoy.co\/wp-content\/uploads\/2018\/08\/17426380_1906371736249227_6326180412931521141_n.jpg","contentUrl":"https:\/\/futbolhoy.co\/wp-content\/uploads\/2018\/08\/17426380_1906371736249227_6326180412931521141_n.jpg","width":960,"height":960,"caption":"Futbolhoy.co"},"image":{"@id":"https:\/\/futbolhoy.co\/#\/schema\/logo\/image\/"},"sameAs":["https:\/\/www.facebook.com\/FutbolHoyCol\/","https:\/\/x.com\/FutbolHoyCol","https:\/\/www.instagram.com\/futbolhoycol\/"]},{"@type":"Person","@id":"https:\/\/futbolhoy.co\/#\/schema\/person\/c4a353a512b127643723a34bb1812f7d","name":"Laura Hern\u00e1ndez","image":{"@type":"ImageObject","inLanguage":"es","@id":"https:\/\/futbolhoy.co\/#\/schema\/person\/image\/","url":"https:\/\/secure.gravatar.com\/avatar\/d25959a15b9b293a743f99181c7cfd01?s=96&d=mm&r=g","contentUrl":"https:\/\/secure.gravatar.com\/avatar\/d25959a15b9b293a743f99181c7cfd01?s=96&d=mm&r=g","caption":"Laura Hern\u00e1ndez"}}]}},"publishpress_future_action":{"enabled":false,"date":"2026-05-02 02:42:46","action":"change-status","newStatus":"draft","terms":[],"taxonomy":"category","extraData":[]},"publishpress_future_workflow_manual_trigger":{"enabledWorkflows":[]},"_links":{"self":[{"href":"https:\/\/futbolhoy.co\/index.php\/wp-json\/wp\/v2\/posts\/83273","targetHints":{"allow":["GET"]}}],"collection":[{"href":"https:\/\/futbolhoy.co\/index.php\/wp-json\/wp\/v2\/posts"}],"about":[{"href":"https:\/\/futbolhoy.co\/index.php\/wp-json\/wp\/v2\/types\/post"}],"author":[{"embeddable":true,"href":"https:\/\/futbolhoy.co\/index.php\/wp-json\/wp\/v2\/users\/5"}],"replies":[{"embeddable":true,"href":"https:\/\/futbolhoy.co\/index.php\/wp-json\/wp\/v2\/comments?post=83273"}],"version-history":[{"count":1,"href":"https:\/\/futbolhoy.co\/index.php\/wp-json\/wp\/v2\/posts\/83273\/revisions"}],"predecessor-version":[{"id":83283,"href":"https:\/\/futbolhoy.co\/index.php\/wp-json\/wp\/v2\/posts\/83273\/revisions\/83283"}],"wp:featuredmedia":[{"embeddable":true,"href":"https:\/\/futbolhoy.co\/index.php\/wp-json\/wp\/v2\/media\/83271"}],"wp:attachment":[{"href":"https:\/\/futbolhoy.co\/index.php\/wp-json\/wp\/v2\/media?parent=83273"}],"wp:term":[{"taxonomy":"category","embeddable":true,"href":"https:\/\/futbolhoy.co\/index.php\/wp-json\/wp\/v2\/categories?post=83273"},{"taxonomy":"post_tag","embeddable":true,"href":"https:\/\/futbolhoy.co\/index.php\/wp-json\/wp\/v2\/tags?post=83273"}],"curies":[{"name":"wp","href":"https:\/\/api.w.org\/{rel}","templated":true}]}}