{"id":8335,"date":"2017-10-24T15:07:34","date_gmt":"2017-10-24T20:07:34","guid":{"rendered":"http:\/\/futbolhoy.co\/?p=8335"},"modified":"2017-10-25T12:36:47","modified_gmt":"2017-10-25T17:36:47","slug":"muriel-anota-con-sevilla-en-copa-del-rey","status":"publish","type":"post","link":"https:\/\/futbolhoy.co\/index.php\/2017\/10\/24\/muriel-anota-con-sevilla-en-copa-del-rey\/","title":{"rendered":"Muriel anota con Sevilla en Copa del Rey"},"content":{"rendered":"<p style=\"text-align: justify;\">El atlanticense\u00a0<b>Luis Fernando Muriel<\/b>\u00a0marc\u00f3 un gol con\u00a0<b>Sevilla<\/b>que se impuso 3-0 a\u00a0<b>Cartagena<\/b>, en partido de ida por los dieciseisavos de final de la\u00a0<b>Copa del Rey<\/b>.<\/p>\n<p style=\"text-align: justify;\">Muriel, quien ingres\u00f3 para el segundo tiempo, convirti\u00f3 el tanto a los 51 minutos de partido.<\/p>\n<p style=\"text-align: justify;\">El colombiano logr\u00f3 su primera anotaci\u00f3n en Copa y complet\u00f3 tres goles en partidos oficiales con Sevilla.<\/p>\n<p style=\"text-align: justify;\">El partido de vuelta se disputar\u00e1 a finales de noviembre en el\u00a0<b>S\u00e1nchez Pizju\u00e1n<\/b>\u00a0de Sevilla<u><\/u><u><\/u><\/p>\n","protected":false},"excerpt":{"rendered":"<p>El atlanticense\u00a0Luis Fernando Muriel\u00a0marc\u00f3 un gol con\u00a0Sevillaque se impuso 3-0 a\u00a0Cartagena, en partido de ida por los dieciseisavos de final de la\u00a0Copa del Rey. Muriel, quien ingres\u00f3 para el segundo tiempo, convirti\u00f3 el tanto a los 51 minutos de partido. El colombiano logr\u00f3 su primera anotaci\u00f3n en Copa y complet\u00f3 tres goles en partidos oficiales [&hellip;]<\/p>\n","protected":false},"author":5,"featured_media":8336,"comment_status":"open","ping_status":"closed","sticky":false,"template":"","format":"standard","meta":{"_acf_changed":false,"footnotes":""},"categories":[153],"tags":[165,159,157,158],"class_list":{"0":"post-8335","1":"post","2":"type-post","3":"status-publish","4":"format-standard","5":"has-post-thumbnail","7":"category-selecion-colombia","8":"tag-jugadores-colombianos","9":"tag-liga-santander","10":"tag-luis-fernando-muriel","11":"tag-sevilla-fc"},"acf":[],"_links":{"self":[{"href":"https:\/\/futbolhoy.co\/index.php\/wp-json\/wp\/v2\/posts\/8335","targetHints":{"allow":["GET"]}}],"collection":[{"href":"https:\/\/futbolhoy.co\/index.php\/wp-json\/wp\/v2\/posts"}],"about":[{"href":"https:\/\/futbolhoy.co\/index.php\/wp-json\/wp\/v2\/types\/post"}],"author":[{"embeddable":true,"href":"https:\/\/futbolhoy.co\/index.php\/wp-json\/wp\/v2\/users\/5"}],"replies":[{"embeddable":true,"href":"https:\/\/futbolhoy.co\/index.php\/wp-json\/wp\/v2\/comments?post=8335"}],"version-history":[{"count":2,"href":"https:\/\/futbolhoy.co\/index.php\/wp-json\/wp\/v2\/posts\/8335\/revisions"}],"predecessor-version":[{"id":8403,"href":"https:\/\/futbolhoy.co\/index.php\/wp-json\/wp\/v2\/posts\/8335\/revisions\/8403"}],"wp:featuredmedia":[{"embeddable":true,"href":"https:\/\/futbolhoy.co\/index.php\/wp-json\/wp\/v2\/media\/8336"}],"wp:attachment":[{"href":"https:\/\/futbolhoy.co\/index.php\/wp-json\/wp\/v2\/media?parent=8335"}],"wp:term":[{"taxonomy":"category","embeddable":true,"href":"https:\/\/futbolhoy.co\/index.php\/wp-json\/wp\/v2\/categories?post=8335"},{"taxonomy":"post_tag","embeddable":true,"href":"https:\/\/futbolhoy.co\/index.php\/wp-json\/wp\/v2\/tags?post=8335"}],"curies":[{"name":"wp","href":"https:\/\/api.w.org\/{rel}","templated":true}]}}