{"id":8343,"date":"2017-10-24T18:14:38","date_gmt":"2017-10-24T23:14:38","guid":{"rendered":"http:\/\/futbolhoy.co\/?p=8343"},"modified":"2017-10-24T18:14:38","modified_gmt":"2017-10-24T23:14:38","slug":"buscaremos-anular-las-virtudes-de-australia-jorge-luis-pinto","status":"publish","type":"post","link":"https:\/\/futbolhoy.co\/index.php\/2017\/10\/24\/buscaremos-anular-las-virtudes-de-australia-jorge-luis-pinto\/","title":{"rendered":"Buscaremos anular las virtudes de Australia: Jorge Luis Pinto"},"content":{"rendered":"<p style=\"text-align: justify;\">El seleccionador de f\u00fatbol de <strong>Honduras<\/strong>, el santandereano <strong>Jorge Luis Pinto<\/strong>, dijo que en el partido de ida que su equipo disputar\u00e1 el 10 de noviembre contra <strong>Australia<\/strong>, por la repesca clasificatoria al Mundial Rusia 2018, los hondure\u00f1os buscar\u00e1n anular las virtudes de su rival.<u><\/u><u><\/u><\/p>\n<p style=\"text-align: justify;\">Australia es \u00abun equipo que tiene virtudes, pero alg\u00fan defecto le vamos a encontrar y se los vamos a explotar\u00bb, agreg\u00f3.<u><\/u><u><\/u><\/p>\n<p style=\"text-align: justify;\">Pinto anunci\u00f3 que la lista de convocados para los dos partidos contra Australia la presentar\u00e1 este jueves y ese mismo d\u00eda los jugadores se concentrar\u00e1n en la regi\u00f3n de Comayagua.<u><\/u><u><\/u><\/p>\n<p style=\"text-align: justify;\">El portero hondure\u00f1o <strong>Luis L\u00f3pez<\/strong> y delantero <strong>Eddie Hern\u00e1ndez<\/strong> no podr\u00e1n ser convocados a la selecci\u00f3n para los partidos contra Australia, debido a que est\u00e1n lesionados.<u><\/u><u><\/u><\/p>\n<p style=\"text-align: justify;\">L\u00f3pez ser\u00e1 intervenido quir\u00fargicamente de una fisura de tibia, mientras que Hern\u00e1ndez sufri\u00f3 una fractura del p\u00f3mulo derecho al chocar en un salto con un defensa del Marath\u00f3n.<\/p>\n","protected":false},"excerpt":{"rendered":"<p>El seleccionador de f\u00fatbol de Honduras, el santandereano Jorge Luis Pinto, dijo que en el partido de ida que su equipo disputar\u00e1 el 10 de noviembre contra Australia, por la repesca clasificatoria al Mundial Rusia 2018, los hondure\u00f1os buscar\u00e1n anular las virtudes de su rival. Australia es \u00abun equipo que tiene virtudes, pero alg\u00fan defecto [&hellip;]<\/p>\n","protected":false},"author":5,"featured_media":8344,"comment_status":"open","ping_status":"closed","sticky":false,"template":"","format":"standard","meta":{"_acf_changed":false,"footnotes":""},"categories":[152],"tags":[369,296,368],"class_list":{"0":"post-8343","1":"post","2":"type-post","3":"status-publish","4":"format-standard","5":"has-post-thumbnail","7":"category-mundo-futbol","8":"tag-369","9":"tag-jorge-luis-pinto","10":"tag-seleccion-honduras"},"acf":[],"_links":{"self":[{"href":"https:\/\/futbolhoy.co\/index.php\/wp-json\/wp\/v2\/posts\/8343","targetHints":{"allow":["GET"]}}],"collection":[{"href":"https:\/\/futbolhoy.co\/index.php\/wp-json\/wp\/v2\/posts"}],"about":[{"href":"https:\/\/futbolhoy.co\/index.php\/wp-json\/wp\/v2\/types\/post"}],"author":[{"embeddable":true,"href":"https:\/\/futbolhoy.co\/index.php\/wp-json\/wp\/v2\/users\/5"}],"replies":[{"embeddable":true,"href":"https:\/\/futbolhoy.co\/index.php\/wp-json\/wp\/v2\/comments?post=8343"}],"version-history":[{"count":1,"href":"https:\/\/futbolhoy.co\/index.php\/wp-json\/wp\/v2\/posts\/8343\/revisions"}],"predecessor-version":[{"id":8345,"href":"https:\/\/futbolhoy.co\/index.php\/wp-json\/wp\/v2\/posts\/8343\/revisions\/8345"}],"wp:featuredmedia":[{"embeddable":true,"href":"https:\/\/futbolhoy.co\/index.php\/wp-json\/wp\/v2\/media\/8344"}],"wp:attachment":[{"href":"https:\/\/futbolhoy.co\/index.php\/wp-json\/wp\/v2\/media?parent=8343"}],"wp:term":[{"taxonomy":"category","embeddable":true,"href":"https:\/\/futbolhoy.co\/index.php\/wp-json\/wp\/v2\/categories?post=8343"},{"taxonomy":"post_tag","embeddable":true,"href":"https:\/\/futbolhoy.co\/index.php\/wp-json\/wp\/v2\/tags?post=8343"}],"curies":[{"name":"wp","href":"https:\/\/api.w.org\/{rel}","templated":true}]}}