{"id":83483,"date":"2022-08-05T21:15:18","date_gmt":"2022-08-06T02:15:18","guid":{"rendered":"https:\/\/futbolhoy.co\/?p=83483"},"modified":"2022-08-06T11:02:52","modified_gmt":"2022-08-06T16:02:52","slug":"suarez-hizo-su-primer-gol-en-uruguay","status":"publish","type":"post","link":"https:\/\/futbolhoy.co\/index.php\/2022\/08\/05\/suarez-hizo-su-primer-gol-en-uruguay\/","title":{"rendered":"Su\u00e1rez hizo su primer gol en Uruguay"},"content":{"rendered":"<p style=\"text-align: justify;\"><span style=\"font-family: helvetica, arial, sans-serif;\">El delantero uruguayo\u00a0<b>Luis Su\u00e1rez<\/b>\u00a0marc\u00f3 el \u00faltimo gol de\u00a0<b>Nacional<\/b>\u00a0en su victoria 3-0 sobre\u00a0<b>Rentistas<\/b>, el primero desde su regreso al club de\u00a0<b>Montevideo<\/b>, pero tambi\u00e9n desperdici\u00f3 un penalti en la segunda jornada del\u00a0<b>Torneo Clausura<\/b>.<\/span><\/p>\n<p style=\"text-align: justify;\"><span style=\"font-family: helvetica, arial, sans-serif;\">Su\u00e1rez marc\u00f3 a los 59 minutos, el tanto definitivo, luego de ingresar al terreno de juego para el segundo per\u00edodo, tras una habilitaci\u00f3n de\u00a0<b>Brian Ocampo<\/b>\u00a0y conectar de cabeza.<\/span><\/p>\n<p style=\"text-align: justify;\"><span style=\"font-family: helvetica, arial, sans-serif;\">Los otros goles nacionalistas fueron obra de\u00a0<b>Jos\u00e9 Luis Rodr\u00edguez y Juan Ignacio Ram\u00edrez.<\/b><\/span><\/p>\n<p style=\"text-align: justify;\"><span style=\"font-family: helvetica, arial, sans-serif;\">El portero\u00a0<b>Lucas Machado<\/b>\u00a0ataj\u00f3 un penalti al goleador, luego de un mano en el \u00e1rea de\u00a0<b>Fabricio Buschiazzo<\/b>.<\/span><\/p>\n<p style=\"text-align: justify;\"><span style=\"font-family: helvetica, arial, sans-serif;\">Su\u00e1rez anot\u00f3 su gol oficial n\u00famero 13 con el\u00a0<b>Tricolor<\/b>, 16 a\u00f1os, un mes y tres d\u00edas despu\u00e9s de haber jugado su \u00faltimo partido por el\u00a0<b>Campeonato Uruguayo<\/b>.<\/span><\/p>\n","protected":false},"excerpt":{"rendered":"<p>El delantero uruguayo\u00a0Luis Su\u00e1rez\u00a0marc\u00f3 el \u00faltimo gol de\u00a0Nacional\u00a0en su victoria 3-0 sobre\u00a0Rentistas, el primero desde su regreso al club de\u00a0Montevideo, pero tambi\u00e9n desperdici\u00f3 un penalti en la segunda jornada del\u00a0Torneo Clausura. Su\u00e1rez marc\u00f3 a los 59 minutos, el tanto definitivo, luego de ingresar al terreno de juego para el segundo per\u00edodo, tras una habilitaci\u00f3n de\u00a0Brian [&hellip;]<\/p>\n","protected":false},"author":5,"featured_media":83485,"comment_status":"open","ping_status":"closed","sticky":false,"template":"","format":"standard","meta":{"_acf_changed":false,"footnotes":""},"categories":[152],"tags":[],"class_list":{"0":"post-83483","1":"post","2":"type-post","3":"status-publish","4":"format-standard","5":"has-post-thumbnail","7":"category-mundo-futbol"},"acf":[],"_links":{"self":[{"href":"https:\/\/futbolhoy.co\/index.php\/wp-json\/wp\/v2\/posts\/83483","targetHints":{"allow":["GET"]}}],"collection":[{"href":"https:\/\/futbolhoy.co\/index.php\/wp-json\/wp\/v2\/posts"}],"about":[{"href":"https:\/\/futbolhoy.co\/index.php\/wp-json\/wp\/v2\/types\/post"}],"author":[{"embeddable":true,"href":"https:\/\/futbolhoy.co\/index.php\/wp-json\/wp\/v2\/users\/5"}],"replies":[{"embeddable":true,"href":"https:\/\/futbolhoy.co\/index.php\/wp-json\/wp\/v2\/comments?post=83483"}],"version-history":[{"count":1,"href":"https:\/\/futbolhoy.co\/index.php\/wp-json\/wp\/v2\/posts\/83483\/revisions"}],"predecessor-version":[{"id":83487,"href":"https:\/\/futbolhoy.co\/index.php\/wp-json\/wp\/v2\/posts\/83483\/revisions\/83487"}],"wp:featuredmedia":[{"embeddable":true,"href":"https:\/\/futbolhoy.co\/index.php\/wp-json\/wp\/v2\/media\/83485"}],"wp:attachment":[{"href":"https:\/\/futbolhoy.co\/index.php\/wp-json\/wp\/v2\/media?parent=83483"}],"wp:term":[{"taxonomy":"category","embeddable":true,"href":"https:\/\/futbolhoy.co\/index.php\/wp-json\/wp\/v2\/categories?post=83483"},{"taxonomy":"post_tag","embeddable":true,"href":"https:\/\/futbolhoy.co\/index.php\/wp-json\/wp\/v2\/tags?post=83483"}],"curies":[{"name":"wp","href":"https:\/\/api.w.org\/{rel}","templated":true}]}}