{"id":8350,"date":"2017-10-24T15:20:34","date_gmt":"2017-10-24T20:20:34","guid":{"rendered":"http:\/\/futbolhoy.co\/?p=8350"},"modified":"2017-10-25T12:37:07","modified_gmt":"2017-10-25T17:37:07","slug":"perez-en-la-recta-final-para-su-regreso","status":"publish","type":"post","link":"https:\/\/futbolhoy.co\/index.php\/2017\/10\/24\/perez-en-la-recta-final-para-su-regreso\/","title":{"rendered":"P\u00e9rez en la recta final para su regreso"},"content":{"rendered":"<p style=\"text-align: justify;\">El volante antioque\u00f1o <strong>Sebasti\u00e1n P\u00e9rez<\/strong> regres\u00f3 a las canchas con <strong>Boca Juniors<\/strong> despu\u00e9s de 6 meses, tras sufrir la rotura de ligamento cruzado en su rodilla izquierda.<u><\/u><u><\/u><\/p>\n<p style=\"text-align: justify;\">El colombiano, quien se lesion\u00f3 en una pr\u00e1ctica con su equipo en abril, adelantaba su reacondicionamiento f\u00edsico hace un mes.<u><\/u><u><\/u><\/p>\n<p style=\"text-align: justify;\">P\u00e9rez form\u00f3 parte de las reservas en un amistoso disputado en la ma\u00f1ana de este martes.<u><\/u><u><\/u><\/p>\n<p style=\"text-align: justify;\">En la pr\u00e1ctica tambi\u00e9n particip\u00f3 el volante <strong>Wilmar Barrios,<\/strong> quien ten\u00eda vendada su mano izquierda, tras la cirug\u00eda que se le practic\u00f3 por una fractura en el tercer metacarpiano.<\/p>\n","protected":false},"excerpt":{"rendered":"<p>El volante antioque\u00f1o Sebasti\u00e1n P\u00e9rez regres\u00f3 a las canchas con Boca Juniors despu\u00e9s de 6 meses, tras sufrir la rotura de ligamento cruzado en su rodilla izquierda. El colombiano, quien se lesion\u00f3 en una pr\u00e1ctica con su equipo en abril, adelantaba su reacondicionamiento f\u00edsico hace un mes. P\u00e9rez form\u00f3 parte de las reservas en un [&hellip;]<\/p>\n","protected":false},"author":5,"featured_media":8351,"comment_status":"open","ping_status":"closed","sticky":false,"template":"","format":"standard","meta":{"_acf_changed":false,"footnotes":""},"categories":[153],"tags":[260,345],"class_list":{"0":"post-8350","1":"post","2":"type-post","3":"status-publish","4":"format-standard","5":"has-post-thumbnail","7":"category-selecion-colombia","8":"tag-boca-juniors","9":"tag-wilmar-barrios"},"acf":[],"_links":{"self":[{"href":"https:\/\/futbolhoy.co\/index.php\/wp-json\/wp\/v2\/posts\/8350","targetHints":{"allow":["GET"]}}],"collection":[{"href":"https:\/\/futbolhoy.co\/index.php\/wp-json\/wp\/v2\/posts"}],"about":[{"href":"https:\/\/futbolhoy.co\/index.php\/wp-json\/wp\/v2\/types\/post"}],"author":[{"embeddable":true,"href":"https:\/\/futbolhoy.co\/index.php\/wp-json\/wp\/v2\/users\/5"}],"replies":[{"embeddable":true,"href":"https:\/\/futbolhoy.co\/index.php\/wp-json\/wp\/v2\/comments?post=8350"}],"version-history":[{"count":1,"href":"https:\/\/futbolhoy.co\/index.php\/wp-json\/wp\/v2\/posts\/8350\/revisions"}],"predecessor-version":[{"id":8352,"href":"https:\/\/futbolhoy.co\/index.php\/wp-json\/wp\/v2\/posts\/8350\/revisions\/8352"}],"wp:featuredmedia":[{"embeddable":true,"href":"https:\/\/futbolhoy.co\/index.php\/wp-json\/wp\/v2\/media\/8351"}],"wp:attachment":[{"href":"https:\/\/futbolhoy.co\/index.php\/wp-json\/wp\/v2\/media?parent=8350"}],"wp:term":[{"taxonomy":"category","embeddable":true,"href":"https:\/\/futbolhoy.co\/index.php\/wp-json\/wp\/v2\/categories?post=8350"},{"taxonomy":"post_tag","embeddable":true,"href":"https:\/\/futbolhoy.co\/index.php\/wp-json\/wp\/v2\/tags?post=8350"}],"curies":[{"name":"wp","href":"https:\/\/api.w.org\/{rel}","templated":true}]}}