{"id":83681,"date":"2022-08-11T18:00:30","date_gmt":"2022-08-11T23:00:30","guid":{"rendered":"https:\/\/futbolhoy.co\/?p=83681"},"modified":"2022-08-12T08:04:36","modified_gmt":"2022-08-12T13:04:36","slug":"espana-y-francia-ponen-primera-en-sus-ligas","status":"publish","type":"post","link":"https:\/\/futbolhoy.co\/index.php\/2022\/08\/11\/espana-y-francia-ponen-primera-en-sus-ligas\/","title":{"rendered":"Espa\u00f1a y Francia ponen primera en sus ligas"},"content":{"rendered":"<div>\n<p style=\"text-align: justify;\"><span style=\"font-family: helvetica, arial, sans-serif;\"><b><span lang=\"ES-MX\">LaLiga y la Serie A<\/span><\/b><span lang=\"ES-MX\">\u00a0iniciar\u00e1n este fin de semana con sus respectivos calendarios de\u00a0<b>temporada 2022-2023<\/b>, con la presencia de cuatro colombianos en\u00a0<b>Espa\u00f1a<\/b>\u00a0y seis en\u00a0<b>Italia<\/b>.<\/span><\/span><\/p>\n<p style=\"text-align: justify;\"><span style=\"font-family: helvetica, arial, sans-serif;\"><b><span lang=\"ES-MX\">Falcao Garc\u00eda<\/span><\/b><span lang=\"ES-MX\">\u00a0sigue vigente y lidera la armada colombiana en\u00a0<b>la Liga de las Estrellas<\/b>, donde act\u00faa para el\u00a0<b>Rayo Vallecano<\/b>\u00a0y tendr\u00e1 un dif\u00edcil debut este s\u00e1bado a las 2PM visitando al\u00a0<b>Barcelona<\/b>.<\/span><\/span><\/p>\n<p style=\"text-align: justify;\"><span lang=\"ES-MX\" style=\"font-family: helvetica, arial, sans-serif;\">En el\u00a0<b>Calcio<\/b>\u00a0siguen siendo referentes\u00a0<b>Juan Guillermo Cuadrado en la Juventus<\/b>\u00a0y los atacantes\u00a0<b>Luis Fernando Muriel y Duv\u00e1n Zapata en Atalanta<\/b>.<\/span><\/p>\n<p style=\"text-align: justify;\"><span lang=\"ES-MX\" style=\"font-family: helvetica, arial, sans-serif;\">En Espa\u00f1a adem\u00e1s estar\u00e1n:<\/span><\/p>\n<p style=\"text-align: justify;\"><span style=\"font-family: helvetica, arial, sans-serif;\"><b><span lang=\"ES-MX\">Johan Mojica y Helibelton Palacios con Elche<\/span><\/b><\/span><\/p>\n<p style=\"text-align: justify;\"><span lang=\"ES-MX\" style=\"font-family: helvetica, arial, sans-serif;\">Bernardo Espinosa en Girona<\/span><\/p>\n<p style=\"text-align: justify;\"><span lang=\"ES-MX\" style=\"font-family: helvetica, arial, sans-serif;\">En Italia aparecen:<\/span><\/p>\n<p style=\"text-align: justify;\"><span style=\"font-family: helvetica, arial, sans-serif;\"><b><span lang=\"ES-MX\">Jeison Murillo con la Sampdoria<\/span><\/b><\/span><\/p>\n<p style=\"text-align: justify;\"><span lang=\"ES-MX\" style=\"font-family: helvetica, arial, sans-serif;\">Kevin Agudelo en Spezia<\/span><\/p>\n<p style=\"text-align: justify;\"><span lang=\"ES-MX\" style=\"font-family: helvetica, arial, sans-serif;\">Yeferson Paz con Sassuolo<\/span><\/p>\n<\/div>\n","protected":false},"excerpt":{"rendered":"<p>LaLiga y la Serie A\u00a0iniciar\u00e1n este fin de semana con sus respectivos calendarios de\u00a0temporada 2022-2023, con la presencia de cuatro colombianos en\u00a0Espa\u00f1a\u00a0y seis en\u00a0Italia. Falcao Garc\u00eda\u00a0sigue vigente y lidera la armada colombiana en\u00a0la Liga de las Estrellas, donde act\u00faa para el\u00a0Rayo Vallecano\u00a0y tendr\u00e1 un dif\u00edcil debut este s\u00e1bado a las 2PM visitando al\u00a0Barcelona. En el\u00a0Calcio\u00a0siguen [&hellip;]<\/p>\n","protected":false},"author":5,"featured_media":83682,"comment_status":"open","ping_status":"closed","sticky":false,"template":"","format":"standard","meta":{"_acf_changed":false,"footnotes":""},"categories":[152],"tags":[],"class_list":{"0":"post-83681","1":"post","2":"type-post","3":"status-publish","4":"format-standard","5":"has-post-thumbnail","7":"category-mundo-futbol"},"acf":[],"_links":{"self":[{"href":"https:\/\/futbolhoy.co\/index.php\/wp-json\/wp\/v2\/posts\/83681","targetHints":{"allow":["GET"]}}],"collection":[{"href":"https:\/\/futbolhoy.co\/index.php\/wp-json\/wp\/v2\/posts"}],"about":[{"href":"https:\/\/futbolhoy.co\/index.php\/wp-json\/wp\/v2\/types\/post"}],"author":[{"embeddable":true,"href":"https:\/\/futbolhoy.co\/index.php\/wp-json\/wp\/v2\/users\/5"}],"replies":[{"embeddable":true,"href":"https:\/\/futbolhoy.co\/index.php\/wp-json\/wp\/v2\/comments?post=83681"}],"version-history":[{"count":1,"href":"https:\/\/futbolhoy.co\/index.php\/wp-json\/wp\/v2\/posts\/83681\/revisions"}],"predecessor-version":[{"id":83683,"href":"https:\/\/futbolhoy.co\/index.php\/wp-json\/wp\/v2\/posts\/83681\/revisions\/83683"}],"wp:featuredmedia":[{"embeddable":true,"href":"https:\/\/futbolhoy.co\/index.php\/wp-json\/wp\/v2\/media\/83682"}],"wp:attachment":[{"href":"https:\/\/futbolhoy.co\/index.php\/wp-json\/wp\/v2\/media?parent=83681"}],"wp:term":[{"taxonomy":"category","embeddable":true,"href":"https:\/\/futbolhoy.co\/index.php\/wp-json\/wp\/v2\/categories?post=83681"},{"taxonomy":"post_tag","embeddable":true,"href":"https:\/\/futbolhoy.co\/index.php\/wp-json\/wp\/v2\/tags?post=83681"}],"curies":[{"name":"wp","href":"https:\/\/api.w.org\/{rel}","templated":true}]}}