{"id":83710,"date":"2022-08-12T07:13:03","date_gmt":"2022-08-12T12:13:03","guid":{"rendered":"https:\/\/futbolhoy.co\/?p=83710"},"modified":"2022-08-12T13:28:44","modified_gmt":"2022-08-12T18:28:44","slug":"barcelona-podra-inscribir-refuerzos","status":"publish","type":"post","link":"https:\/\/futbolhoy.co\/index.php\/2022\/08\/12\/barcelona-podra-inscribir-refuerzos\/","title":{"rendered":"Barcelona podr\u00e1 inscribir refuerzos"},"content":{"rendered":"<p class=\"ydpc2c44b2cMsoNormal\" style=\"text-align: justify;\"><span style=\"font-family: helvetica, arial, sans-serif;\"><b>El Barcelona<\/b> anunci\u00f3 la activaci\u00f3n de su cuarta palanca econ\u00f3mica con la venta del <b>24,5 % de Bar\u00e7a Studios a la empresa Orpheus Media<\/b>, lo que le permitir\u00e1 ingresar 100 millones de euros y con ello recibir la autorizaci\u00f3n para inscribir los refuerzos contratados para la <b>temporada 2022-2023<\/b>.<\/span><\/p>\n<p class=\"ydpc2c44b2cMsoNormal\" style=\"text-align: justify;\"><span style=\"font-family: helvetica, arial, sans-serif;\">La empresa que adquiere los derechos est\u00e1 administrada por el <b>Sr Jaume Roures<\/b>, productor audiovisual con una extensa trayectoria en la creaci\u00f3n de contenidos audiovisuales y digitales.<\/span><\/p>\n<p class=\"ydpc2c44b2cMsoNormal\" style=\"text-align: justify;\"><span style=\"font-family: helvetica, arial, sans-serif;\">Con estas inversiones, los socios estrat\u00e9gicos de Bar\u00e7a Studios demuestran la confianza en el valor del proyecto y el futuro de los contenidos digitales en el mundo del deporte.<\/span><\/p>\n<p class=\"ydpc2c44b2cMsoNormal\" style=\"text-align: justify;\"><span style=\"font-family: helvetica, arial, sans-serif;\">Barcelona contrat\u00f3 durante este mercado de verano a <b>Jules Kound\u00e9, Raphina, Pablo Torre, Frankc Kessie, Andreas Christensen y Robert Lewandowski.<\/b><\/span><\/p>\n<p class=\"ydpc2c44b2cMsoNormal\" style=\"text-align: justify;\"><span style=\"font-family: helvetica, arial, sans-serif;\">El equipo catal\u00e1n se estrenar\u00e1 en <b>LaLiga<\/b> este s\u00e1bado recibiendo al <b>Rayo Vallecano de Falcao Garc\u00eda<\/b> <span dir=\"ltr\">a las 2 de la tarde<\/span>.<\/span><\/p>\n","protected":false},"excerpt":{"rendered":"<p>El Barcelona anunci\u00f3 la activaci\u00f3n de su cuarta palanca econ\u00f3mica con la venta del 24,5 % de Bar\u00e7a Studios a la empresa Orpheus Media, lo que le permitir\u00e1 ingresar 100 millones de euros y con ello recibir la autorizaci\u00f3n para inscribir los refuerzos contratados para la temporada 2022-2023. La empresa que adquiere los derechos est\u00e1 [&hellip;]<\/p>\n","protected":false},"author":5,"featured_media":83711,"comment_status":"open","ping_status":"closed","sticky":false,"template":"","format":"standard","meta":{"_acf_changed":false,"footnotes":""},"categories":[152],"tags":[],"class_list":{"0":"post-83710","1":"post","2":"type-post","3":"status-publish","4":"format-standard","5":"has-post-thumbnail","7":"category-mundo-futbol"},"acf":[],"_links":{"self":[{"href":"https:\/\/futbolhoy.co\/index.php\/wp-json\/wp\/v2\/posts\/83710","targetHints":{"allow":["GET"]}}],"collection":[{"href":"https:\/\/futbolhoy.co\/index.php\/wp-json\/wp\/v2\/posts"}],"about":[{"href":"https:\/\/futbolhoy.co\/index.php\/wp-json\/wp\/v2\/types\/post"}],"author":[{"embeddable":true,"href":"https:\/\/futbolhoy.co\/index.php\/wp-json\/wp\/v2\/users\/5"}],"replies":[{"embeddable":true,"href":"https:\/\/futbolhoy.co\/index.php\/wp-json\/wp\/v2\/comments?post=83710"}],"version-history":[{"count":1,"href":"https:\/\/futbolhoy.co\/index.php\/wp-json\/wp\/v2\/posts\/83710\/revisions"}],"predecessor-version":[{"id":83712,"href":"https:\/\/futbolhoy.co\/index.php\/wp-json\/wp\/v2\/posts\/83710\/revisions\/83712"}],"wp:featuredmedia":[{"embeddable":true,"href":"https:\/\/futbolhoy.co\/index.php\/wp-json\/wp\/v2\/media\/83711"}],"wp:attachment":[{"href":"https:\/\/futbolhoy.co\/index.php\/wp-json\/wp\/v2\/media?parent=83710"}],"wp:term":[{"taxonomy":"category","embeddable":true,"href":"https:\/\/futbolhoy.co\/index.php\/wp-json\/wp\/v2\/categories?post=83710"},{"taxonomy":"post_tag","embeddable":true,"href":"https:\/\/futbolhoy.co\/index.php\/wp-json\/wp\/v2\/tags?post=83710"}],"curies":[{"name":"wp","href":"https:\/\/api.w.org\/{rel}","templated":true}]}}