{"id":83716,"date":"2022-08-12T08:06:27","date_gmt":"2022-08-12T13:06:27","guid":{"rendered":"https:\/\/futbolhoy.co\/?p=83716"},"modified":"2022-08-12T21:44:44","modified_gmt":"2022-08-13T02:44:44","slug":"finalistas-en-los-premios-de-la-uefa","status":"publish","type":"post","link":"https:\/\/futbolhoy.co\/index.php\/2022\/08\/12\/finalistas-en-los-premios-de-la-uefa\/","title":{"rendered":"Finalistas en los premios de la UEFA"},"content":{"rendered":"<p class=\"x_ydp530b7136MsoNormal\" style=\"text-align: justify;\"><span style=\"font-family: helvetica, arial, sans-serif;\"><b><span lang=\"ES-MX\">Karim Benzema, Thibaut Courtois y Kevin De Bruyne<\/span><\/b><span lang=\"ES-MX\">\u00a0entre los jugadores;\u00a0<b>Carlo Ancelotti, J\u00fcrgen Klopp y Pep Guardiola<\/b>\u00a0entre los entrenadores fueron definidos como los finalistas a los\u00a0<b>Premios de la UEFA 2021-2022<\/b>.<\/span><\/span><\/p>\n<p class=\"x_ydp530b7136MsoNormal\" style=\"text-align: justify;\"><span lang=\"ES-MX\" style=\"font-family: helvetica, arial, sans-serif;\">Los ganadores se dar\u00e1n a conocer durante el sorteo de la fase de grupos de la\u00a0<b>Champions 2022-2023 en Estambul<\/b>\u00a0el jueves 25 de agosto.<\/span><\/p>\n<p class=\"x_ydp530b7136MsoNormal\" style=\"text-align: justify;\"><span style=\"font-family: helvetica, arial, sans-serif;\"><b><span lang=\"ES-MX\">Candidatos a Mejor Jugador:<\/span><\/b><\/span><\/p>\n<p class=\"x_ydp530b7136MsoNormal\" style=\"text-align: justify;\"><span style=\"font-family: helvetica, arial, sans-serif;\"><b><span lang=\"ES-MX\">Karim Benzema (FRA-Real Madrid)<\/span><\/b><\/span><\/p>\n<p class=\"x_ydp530b7136MsoNormal\" style=\"text-align: justify;\"><span lang=\"ES-MX\" style=\"font-family: helvetica, arial, sans-serif;\">Fue determinante para el Real Madrid en la obtenci\u00f3n de su t\u00edtulo 14 en la Liga de Campeones, donde fue el m\u00e1ximo artillero con 15 goles marcados.<\/span><\/p>\n<p class=\"x_ydp530b7136MsoNormal\" style=\"text-align: justify;\"><span style=\"font-family: helvetica, arial, sans-serif;\"><b><span lang=\"ES-MX\">Thibaut Courtois (BEL-Real Madrid)<\/span><\/b><\/span><\/p>\n<p class=\"x_ydp530b7136MsoNormal\" style=\"text-align: justify;\"><span lang=\"ES-MX\" style=\"font-family: helvetica, arial, sans-serif;\">Fue elegido Jugador del partido en la final de la Champions, despu\u00e9s de ahogar el grito de gol a los delanteros del Liverpool, Sadio Man\u00e9 y Mohamed Salah.<\/span><\/p>\n<p class=\"x_ydp530b7136MsoNormal\" style=\"text-align: justify;\"><span style=\"font-family: helvetica, arial, sans-serif;\"><b><span lang=\"ES-MX\">Kevin De Bruyne (BEL-Manchester City)<\/span><\/b><\/span><\/p>\n<p class=\"x_ydp530b7136MsoNormal\" style=\"text-align: justify;\"><span lang=\"ES-MX\" style=\"font-family: helvetica, arial, sans-serif;\">El volante fue nombrado Jugador de la temporada de la Liga Premier, donde gui\u00f3 al M\u00e1nchester City a conseguir otro t\u00edtulo nacional.<\/span><\/p>\n<p class=\"x_ydp530b7136MsoNormal\" style=\"text-align: justify;\"><span style=\"font-family: helvetica, arial, sans-serif;\"><b><span lang=\"ES-MX\">Carlo Ancelotti (ITA-Real Madrid)<\/span><\/b><\/span><\/p>\n<p class=\"x_ydp530b7136MsoNormal\" style=\"text-align: justify;\"><span lang=\"ES-MX\" style=\"font-family: helvetica, arial, sans-serif;\">Gan\u00f3 por cuarta oportunidad la Champions, adem\u00e1s de imponerse en LaLiga.<\/span><\/p>\n<p class=\"x_ydp530b7136MsoNormal\" style=\"text-align: justify;\"><span style=\"font-family: helvetica, arial, sans-serif;\"><b><span lang=\"ES-MX\">Josep Guardiola (ESP-Manchester City)<\/span><\/b><\/span><\/p>\n<p class=\"x_ydp530b7136MsoNormal\" style=\"text-align: justify;\"><span lang=\"ES-MX\" style=\"font-family: helvetica, arial, sans-serif;\">El entrenador espa\u00f1ol logr\u00f3 su cuarto t\u00edtulo de la Premier en sus \u00faltimas cinco temporadas.<\/span><\/p>\n<p class=\"x_ydp530b7136MsoNormal\" style=\"text-align: justify;\"><span style=\"font-family: helvetica, arial, sans-serif;\"><b><span lang=\"ES-MX\">J\u00fcrgen Klopp (ALE-Liverpool)<\/span><\/b><\/span><\/p>\n<p class=\"x_ydp530b7136MsoNormal\" style=\"text-align: justify;\"><span lang=\"ES-MX\" style=\"font-family: helvetica, arial, sans-serif;\">El alem\u00e1n obtuvo con el Liverpool los t\u00edtulos de la Copa FA y la Copa de la Liga en Inglaterra y fue subcampe\u00f3n en la Premier y la Champions.<\/span><\/p>\n","protected":false},"excerpt":{"rendered":"<p>Karim Benzema, Thibaut Courtois y Kevin De Bruyne\u00a0entre los jugadores;\u00a0Carlo Ancelotti, J\u00fcrgen Klopp y Pep Guardiola\u00a0entre los entrenadores fueron definidos como los finalistas a los\u00a0Premios de la UEFA 2021-2022. Los ganadores se dar\u00e1n a conocer durante el sorteo de la fase de grupos de la\u00a0Champions 2022-2023 en Estambul\u00a0el jueves 25 de agosto. Candidatos a Mejor [&hellip;]<\/p>\n","protected":false},"author":5,"featured_media":83717,"comment_status":"open","ping_status":"closed","sticky":false,"template":"","format":"standard","meta":{"_acf_changed":false,"footnotes":""},"categories":[152],"tags":[2411],"class_list":{"0":"post-83716","1":"post","2":"type-post","3":"status-publish","4":"format-standard","5":"has-post-thumbnail","7":"category-mundo-futbol","8":"tag-premios-uefa"},"acf":[],"_links":{"self":[{"href":"https:\/\/futbolhoy.co\/index.php\/wp-json\/wp\/v2\/posts\/83716","targetHints":{"allow":["GET"]}}],"collection":[{"href":"https:\/\/futbolhoy.co\/index.php\/wp-json\/wp\/v2\/posts"}],"about":[{"href":"https:\/\/futbolhoy.co\/index.php\/wp-json\/wp\/v2\/types\/post"}],"author":[{"embeddable":true,"href":"https:\/\/futbolhoy.co\/index.php\/wp-json\/wp\/v2\/users\/5"}],"replies":[{"embeddable":true,"href":"https:\/\/futbolhoy.co\/index.php\/wp-json\/wp\/v2\/comments?post=83716"}],"version-history":[{"count":1,"href":"https:\/\/futbolhoy.co\/index.php\/wp-json\/wp\/v2\/posts\/83716\/revisions"}],"predecessor-version":[{"id":83718,"href":"https:\/\/futbolhoy.co\/index.php\/wp-json\/wp\/v2\/posts\/83716\/revisions\/83718"}],"wp:featuredmedia":[{"embeddable":true,"href":"https:\/\/futbolhoy.co\/index.php\/wp-json\/wp\/v2\/media\/83717"}],"wp:attachment":[{"href":"https:\/\/futbolhoy.co\/index.php\/wp-json\/wp\/v2\/media?parent=83716"}],"wp:term":[{"taxonomy":"category","embeddable":true,"href":"https:\/\/futbolhoy.co\/index.php\/wp-json\/wp\/v2\/categories?post=83716"},{"taxonomy":"post_tag","embeddable":true,"href":"https:\/\/futbolhoy.co\/index.php\/wp-json\/wp\/v2\/tags?post=83716"}],"curies":[{"name":"wp","href":"https:\/\/api.w.org\/{rel}","templated":true}]}}