{"id":83734,"date":"2022-08-12T12:29:13","date_gmt":"2022-08-12T17:29:13","guid":{"rendered":"https:\/\/futbolhoy.co\/?p=83734"},"modified":"2022-08-13T08:08:47","modified_gmt":"2022-08-13T13:08:47","slug":"gavi-y-camavinga-finalistas-al-balon-de-oro-sub-21","status":"publish","type":"post","link":"https:\/\/futbolhoy.co\/index.php\/2022\/08\/12\/gavi-y-camavinga-finalistas-al-balon-de-oro-sub-21\/","title":{"rendered":"Gavi y Camavinga, finalistas al Bal\u00f3n de Oro sub 21"},"content":{"rendered":"<p class=\"ydpdafd8a71MsoNormal\" style=\"text-align: justify;\"><span lang=\"ES-MX\" style=\"font-family: helvetica, arial, sans-serif;\">El espa\u00f1ol <b>Gavi del Barcelona<\/b> y el franc\u00e9s <b>Eduardo Camavinga del Real Madrid<\/b> figuran entre los diez nominados al <b>trofeo Kopa, el Bal\u00f3n de Oro al jugador sub-21<\/b> que entrega la revista <b>France Football<\/b>.<\/span><\/p>\n<p class=\"ydpdafd8a71MsoNormal\" style=\"text-align: justify;\"><span lang=\"ES-MX\" style=\"font-family: helvetica, arial, sans-serif;\">Los otros nominados son el alem\u00e1n Karim Adeyemi (Salzburgo\/Borussia Dortmund); el ingl\u00e9s Jude Bellingham (Borussia Dotmund); el holand\u00e9s Ryan Gravenberch (Ajax\/Bayern M\u00fanich); el croata Josko Gvardiol (Leipzig); el portugu\u00e9s Nuno Mendes (PSG); el alem\u00e1n Jamal Musiala (Bayern M\u00fanich); el ingl\u00e9s Bukayo Saka (Arsenal); y el alem\u00e1n Florian Wirtz (Bayer Leverkusen).<\/span><\/p>\n<p class=\"ydpdafd8a71MsoNormal\" style=\"text-align: justify;\"><span lang=\"ES-MX\" style=\"font-family: helvetica, arial, sans-serif;\">El ganador de 2021 fue el volante espa\u00f1ol del <b>Barcelona, Pedri.<\/b><\/span><\/p>\n","protected":false},"excerpt":{"rendered":"<p>El espa\u00f1ol Gavi del Barcelona y el franc\u00e9s Eduardo Camavinga del Real Madrid figuran entre los diez nominados al trofeo Kopa, el Bal\u00f3n de Oro al jugador sub-21 que entrega la revista France Football. Los otros nominados son el alem\u00e1n Karim Adeyemi (Salzburgo\/Borussia Dortmund); el ingl\u00e9s Jude Bellingham (Borussia Dotmund); el holand\u00e9s Ryan Gravenberch (Ajax\/Bayern [&hellip;]<\/p>\n","protected":false},"author":5,"featured_media":83735,"comment_status":"open","ping_status":"closed","sticky":false,"template":"","format":"standard","meta":{"_acf_changed":false,"footnotes":""},"categories":[152],"tags":[],"class_list":{"0":"post-83734","1":"post","2":"type-post","3":"status-publish","4":"format-standard","5":"has-post-thumbnail","7":"category-mundo-futbol"},"acf":[],"_links":{"self":[{"href":"https:\/\/futbolhoy.co\/index.php\/wp-json\/wp\/v2\/posts\/83734","targetHints":{"allow":["GET"]}}],"collection":[{"href":"https:\/\/futbolhoy.co\/index.php\/wp-json\/wp\/v2\/posts"}],"about":[{"href":"https:\/\/futbolhoy.co\/index.php\/wp-json\/wp\/v2\/types\/post"}],"author":[{"embeddable":true,"href":"https:\/\/futbolhoy.co\/index.php\/wp-json\/wp\/v2\/users\/5"}],"replies":[{"embeddable":true,"href":"https:\/\/futbolhoy.co\/index.php\/wp-json\/wp\/v2\/comments?post=83734"}],"version-history":[{"count":1,"href":"https:\/\/futbolhoy.co\/index.php\/wp-json\/wp\/v2\/posts\/83734\/revisions"}],"predecessor-version":[{"id":83736,"href":"https:\/\/futbolhoy.co\/index.php\/wp-json\/wp\/v2\/posts\/83734\/revisions\/83736"}],"wp:featuredmedia":[{"embeddable":true,"href":"https:\/\/futbolhoy.co\/index.php\/wp-json\/wp\/v2\/media\/83735"}],"wp:attachment":[{"href":"https:\/\/futbolhoy.co\/index.php\/wp-json\/wp\/v2\/media?parent=83734"}],"wp:term":[{"taxonomy":"category","embeddable":true,"href":"https:\/\/futbolhoy.co\/index.php\/wp-json\/wp\/v2\/categories?post=83734"},{"taxonomy":"post_tag","embeddable":true,"href":"https:\/\/futbolhoy.co\/index.php\/wp-json\/wp\/v2\/tags?post=83734"}],"curies":[{"name":"wp","href":"https:\/\/api.w.org\/{rel}","templated":true}]}}