{"id":83741,"date":"2022-08-12T13:31:42","date_gmt":"2022-08-12T18:31:42","guid":{"rendered":"https:\/\/futbolhoy.co\/?p=83741"},"modified":"2022-08-13T08:09:20","modified_gmt":"2022-08-13T13:09:20","slug":"luis-diaz-nominado-al-balon-de-oro","status":"publish","type":"post","link":"https:\/\/futbolhoy.co\/index.php\/2022\/08\/12\/luis-diaz-nominado-al-balon-de-oro\/","title":{"rendered":"Luis D\u00edaz, nominado al Bal\u00f3n de Oro"},"content":{"rendered":"<p class=\"ydp59dab349MsoNormal\" style=\"text-align: justify;\"><span lang=\"ES-MX\" style=\"font-family: helvetica, arial, sans-serif;\">El extremo colombiano <b>Luis D\u00edaz<\/b>, del <b>Liverpool ingl\u00e9s<\/b>, aparece en la lista de 30 nominados al <b>Bal\u00f3n de Oro<\/b> que entrega la revista <b>France Football al Mejor jugador de 2022.<\/b><\/span><\/p>\n<p><span style=\"font-family: helvetica, arial, sans-serif;\">La gran novedad para este a\u00f1o es la ausencia del argentino <strong>Lionel Messi<\/strong>, del <strong>PSG<\/strong> franc\u00e9s. Es la primera vez desde el 2005 que el argentino no hace parte de los nominados.<\/span><\/p>\n<p style=\"text-align: justify;\"><span style=\"font-family: helvetica, arial, sans-serif;\">Neymar tambi\u00e9n es el gran ausente de un listado en el que no figuran jugadores argentinos, ni espa\u00f1oles<\/span>.<\/p>\n<p class=\"ydp59dab349MsoNormal\" style=\"text-align: justify;\"><span style=\"font-family: helvetica, arial, sans-serif;\"><b><span lang=\"ES-MX\">En el grupo de aspirantes adem\u00e1s aparecen:<\/span><\/b><\/span><\/p>\n<ul>\n<li class=\"paragraph\" style=\"text-align: justify;\"><span style=\"font-family: helvetica, arial, sans-serif;\"><b>Christopher Nkunku<\/b>\u00a0(Leipzig, Francia)<\/span><\/li>\n<li class=\"paragraph\" style=\"text-align: justify;\"><span style=\"font-family: helvetica, arial, sans-serif;\"><b>Mohamed Salah\u00a0<\/b>(Liverpool, Egipto)<\/span><\/li>\n<li class=\"paragraph\" style=\"text-align: justify;\"><span style=\"font-family: helvetica, arial, sans-serif;\"><b>Joshua Kimmich\u00a0<\/b>(Bayern M\u00fanich, Alemania)<\/span><\/li>\n<li class=\"paragraph\" style=\"text-align: justify;\"><span style=\"font-family: helvetica, arial, sans-serif;\"><b>Thibaut Courtois<\/b>\u00a0(Real Madrid, B\u00e9lgica)<\/span><\/li>\n<li class=\"paragraph\" style=\"text-align: justify;\"><span style=\"font-family: helvetica, arial, sans-serif;\"><b>Rafael Leao\u00a0<\/b>(Milan, Portugal)<\/span><\/li>\n<li class=\"paragraph\" style=\"text-align: justify;\"><span style=\"font-family: helvetica, arial, sans-serif;\"><b>Robert Lewandowski\u00a0<\/b>(Bayern M\u00fanich\/Barcelona, Polonia<\/span><\/li>\n<li class=\"paragraph\" style=\"text-align: justify;\"><span style=\"font-family: helvetica, arial, sans-serif;\"><b>Bernardo Silva<\/b>\u00a0(Manchester City, Portugal)<\/span><\/li>\n<li class=\"paragraph\" style=\"text-align: justify;\"><span style=\"font-family: helvetica, arial, sans-serif;\"><b>Trent Alexander-Arnold<\/b>\u00a0(Liverpool, Inglaterra)<\/span><\/li>\n<li class=\"paragraph\" style=\"text-align: justify;\"><span style=\"font-family: helvetica, arial, sans-serif;\"><b>Vinicius Junior\u00a0<\/b>(Real Madrid, Brasil)<\/span><\/li>\n<li class=\"paragraph\" style=\"text-align: justify;\"><span style=\"font-family: helvetica, arial, sans-serif;\"><b>Benzema\u00a0<\/b>(Real Madrid, Francia)<\/span><\/li>\n<li class=\"paragraph\" style=\"text-align: justify;\"><span style=\"font-family: helvetica, arial, sans-serif;\"><b>Fabinho\u00a0<\/b>(Liverpool, Brasil)<\/span><\/li>\n<li class=\"paragraph\" style=\"text-align: justify;\"><span style=\"font-family: helvetica, arial, sans-serif;\"><b>Riyad Mahrez\u00a0<\/b>(Manchester City, Argelia)<\/span><\/li>\n<li class=\"paragraph\" style=\"text-align: justify;\"><span style=\"font-family: helvetica, arial, sans-serif;\"><b>Casemiro\u00a0<\/b>(Real Madrid, Barasil)<\/span><\/li>\n<li class=\"paragraph\" style=\"text-align: justify;\"><span style=\"font-family: helvetica, arial, sans-serif;\"><b>Heung-Min Son\u00a0<\/b>(Tottenham ,Corea del Sur)<\/span><\/li>\n<li class=\"paragraph\" style=\"text-align: justify;\"><span style=\"font-family: helvetica, arial, sans-serif;\"><b>Mike Maignan\u00a0<\/b>(AC Milan, Francia)<\/span><\/li>\n<li class=\"paragraph\" style=\"text-align: justify;\"><span style=\"font-family: helvetica, arial, sans-serif;\"><b>Harry<\/b>\u00a0<b>Kane\u00a0<\/b>(Tottenham, Inglaterra)<\/span><\/li>\n<li class=\"paragraph\" style=\"text-align: justify;\"><span style=\"font-family: helvetica, arial, sans-serif;\"><b>Darwin N\u00fa\u00f1ez\u00a0<\/b>(Benfica, Uruguay)<\/span><\/li>\n<li class=\"paragraph\" style=\"text-align: justify;\"><span style=\"font-family: helvetica, arial, sans-serif;\"><b>Phil Foden\u00a0<\/b>(Manchester City, Inglaterra)<\/span><\/li>\n<li class=\"paragraph\" style=\"text-align: justify;\"><span style=\"font-family: helvetica, arial, sans-serif;\"><b>Sadio Man\u00e9\u00a0<\/b>(Liverpool, Senegal)<\/span><\/li>\n<li class=\"paragraph\" style=\"text-align: justify;\"><span style=\"font-family: helvetica, arial, sans-serif;\"><b>S\u00e9bastien Haller<\/b>\u00a0(Ajax, Costa de Marfil)<\/span><\/li>\n<li class=\"paragraph\" style=\"text-align: justify;\"><span style=\"font-family: helvetica, arial, sans-serif;\"><b>Luka Modri\u0107\u00a0<\/b>(Real Madrid, Croacia)<\/span><\/li>\n<li class=\"paragraph\" style=\"text-align: justify;\"><span style=\"font-family: helvetica, arial, sans-serif;\"><b>Antonio R\u00fcdiger\u00a0<\/b>(Chelsea, Alemania)<\/span><\/li>\n<li class=\"paragraph\" style=\"text-align: justify;\"><span style=\"font-family: helvetica, arial, sans-serif;\"><b>Cristiano Ronaldo\u00a0<\/b>(Manchester United, Portugal)<\/span><\/li>\n<li class=\"paragraph\" style=\"text-align: justify;\"><span style=\"font-family: helvetica, arial, sans-serif;\"><b>Kevin De Bruyne\u00a0<\/b>(Manchester City, B\u00e9lgica)<\/span><\/li>\n<li class=\"paragraph\" style=\"text-align: justify;\"><span style=\"font-family: helvetica, arial, sans-serif;\"><b>Kylian Mbapp\u00e9\u00a0<\/b>(PSG, Francia)<\/span><\/li>\n<li class=\"paragraph\" style=\"text-align: justify;\"><span style=\"font-family: helvetica, arial, sans-serif;\"><b>Du\u0161an Vlahovi\u0107\u00a0<\/b>(Fiorentina-Juventus, Serbia)<\/span><\/li>\n<li class=\"paragraph\" style=\"text-align: justify;\"><span style=\"font-family: helvetica, arial, sans-serif;\"><b>Virgil van Dijk\u00a0<\/b>(Liverpool, Pa\u00edses Bajos)<\/span><\/li>\n<li class=\"paragraph\" style=\"text-align: justify;\"><span style=\"font-family: helvetica, arial, sans-serif;\"><b>Jo\u00e3o Cancelo<\/b>\u00a0(Manchester City, Portugal)<\/span><\/li>\n<li class=\"paragraph\" style=\"text-align: justify;\"><span style=\"font-family: helvetica, arial, sans-serif;\"><b>Erling Haaland\u00a0<\/b>(Borussia Dortmund, Alemania)<\/span><\/li>\n<\/ul>\n","protected":false},"excerpt":{"rendered":"<p>El extremo colombiano Luis D\u00edaz, del Liverpool ingl\u00e9s, aparece en la lista de 30 nominados al Bal\u00f3n de Oro que entrega la revista France Football al Mejor jugador de 2022. La gran novedad para este a\u00f1o es la ausencia del argentino Lionel Messi, del PSG franc\u00e9s. Es la primera vez desde el 2005 que el [&hellip;]<\/p>\n","protected":false},"author":5,"featured_media":83742,"comment_status":"open","ping_status":"closed","sticky":false,"template":"","format":"standard","meta":{"_acf_changed":false,"footnotes":""},"categories":[418],"tags":[],"class_list":{"0":"post-83741","1":"post","2":"type-post","3":"status-publish","4":"format-standard","5":"has-post-thumbnail","7":"category-colombia"},"acf":[],"_links":{"self":[{"href":"https:\/\/futbolhoy.co\/index.php\/wp-json\/wp\/v2\/posts\/83741","targetHints":{"allow":["GET"]}}],"collection":[{"href":"https:\/\/futbolhoy.co\/index.php\/wp-json\/wp\/v2\/posts"}],"about":[{"href":"https:\/\/futbolhoy.co\/index.php\/wp-json\/wp\/v2\/types\/post"}],"author":[{"embeddable":true,"href":"https:\/\/futbolhoy.co\/index.php\/wp-json\/wp\/v2\/users\/5"}],"replies":[{"embeddable":true,"href":"https:\/\/futbolhoy.co\/index.php\/wp-json\/wp\/v2\/comments?post=83741"}],"version-history":[{"count":5,"href":"https:\/\/futbolhoy.co\/index.php\/wp-json\/wp\/v2\/posts\/83741\/revisions"}],"predecessor-version":[{"id":83747,"href":"https:\/\/futbolhoy.co\/index.php\/wp-json\/wp\/v2\/posts\/83741\/revisions\/83747"}],"wp:featuredmedia":[{"embeddable":true,"href":"https:\/\/futbolhoy.co\/index.php\/wp-json\/wp\/v2\/media\/83742"}],"wp:attachment":[{"href":"https:\/\/futbolhoy.co\/index.php\/wp-json\/wp\/v2\/media?parent=83741"}],"wp:term":[{"taxonomy":"category","embeddable":true,"href":"https:\/\/futbolhoy.co\/index.php\/wp-json\/wp\/v2\/categories?post=83741"},{"taxonomy":"post_tag","embeddable":true,"href":"https:\/\/futbolhoy.co\/index.php\/wp-json\/wp\/v2\/tags?post=83741"}],"curies":[{"name":"wp","href":"https:\/\/api.w.org\/{rel}","templated":true}]}}