{"id":83781,"date":"2022-08-13T11:57:33","date_gmt":"2022-08-13T16:57:33","guid":{"rendered":"https:\/\/futbolhoy.co\/?p=83781"},"modified":"2022-08-14T08:59:58","modified_gmt":"2022-08-14T13:59:58","slug":"gustavo-costas-nuevo-tecnico-de-bolivia","status":"publish","type":"post","link":"https:\/\/futbolhoy.co\/index.php\/2022\/08\/13\/gustavo-costas-nuevo-tecnico-de-bolivia\/","title":{"rendered":"Gustavo Costas, nuevo t\u00e9cnico de Bolivia"},"content":{"rendered":"<div>\n<p style=\"text-align: justify;\"><span style=\"font-family: helvetica, arial, sans-serif;\">El t\u00e9cnico argentino\u00a0<b>Gustavo Costas<\/b>\u00a0fue elegido por unanimidad por los integrantes del comit\u00e9 ejecutivo de la\u00a0<b>Federaci\u00f3n Boliviana de F\u00fatbol<\/b>\u00a0para asumir el cargo de seleccionador nacional, con el objetivo de clasificar al\u00a0<b>Mundial de 2026,<\/b>\u00a0que organizar\u00e1n\u00a0<b>Canad\u00e1, M\u00e9xico y Estados Unidos<\/b>.<\/span><\/p>\n<p style=\"text-align: justify;\"><span style=\"font-family: helvetica, arial, sans-serif;\">El vicepresidente de la entidad,\u00a0<b>Edwin Callapino<\/b>, indic\u00f3: \u00abLa idea de todos es que Bolivia pueda clasificar al Mundial, es la idea que tenemos y se han hecho todos los esfuerzos para que el profesor Costas pueda llegar\u00bb.<\/span><\/p>\n<p style=\"text-align: justify;\"><span style=\"font-family: helvetica, arial, sans-serif;\">\u00abEs Gustavo Costas el que m\u00e1s se ha acercado a lo que pretende el Comit\u00e9 Ejecutivo de la Federaci\u00f3n\u00bb, a\u00f1adi\u00f3 el dirigente.<\/span><\/p>\n<p style=\"text-align: justify;\"><span style=\"font-family: helvetica, arial, sans-serif;\">Entre los candidatos tambi\u00e9n estaban\u00a0<b>el espa\u00f1ol Miguel \u00c1ngel Portugal, el colombiano Hern\u00e1n Dar\u00edo &#8216;Bolillo&#8217; G\u00f3mez y el argentino Sergio Batista<\/b>.<\/span><\/p>\n<p style=\"text-align: justify;\"><span style=\"font-family: helvetica, arial, sans-serif;\">Costas llegar\u00e1 a\u00a0<b>Bolivia<\/b>\u00a0la pr\u00f3xima semana para firmar su contrato y ocupar\u00e1 el lugar del venezolano\u00a0<b>C\u00e9sar Far\u00edas<\/b>, quien dej\u00f3 el puesto en marzo, al concluir las eliminatorias sudamericanas al\u00a0<b>Mundial de Qatar 2022<\/b>, en las que Bolivia qued\u00f3 pen\u00faltima con tan solo cuatro triunfos y tres empates.<\/span><\/p>\n<p style=\"text-align: justify;\"><span style=\"font-family: helvetica, arial, sans-serif;\">El argentino ha estado al frente de clubes como\u00a0<b>Racing, Guaran\u00ed, Cerro Porte\u00f1o y Olimpia de Paraguay, Alianza Lima, Barcelona de Ecuador, Independiente Santa Fe y recientemente el Palestino chileno.<\/b><\/span><\/p>\n<\/div>\n","protected":false},"excerpt":{"rendered":"<p>El t\u00e9cnico argentino\u00a0Gustavo Costas\u00a0fue elegido por unanimidad por los integrantes del comit\u00e9 ejecutivo de la\u00a0Federaci\u00f3n Boliviana de F\u00fatbol\u00a0para asumir el cargo de seleccionador nacional, con el objetivo de clasificar al\u00a0Mundial de 2026,\u00a0que organizar\u00e1n\u00a0Canad\u00e1, M\u00e9xico y Estados Unidos. El vicepresidente de la entidad,\u00a0Edwin Callapino, indic\u00f3: \u00abLa idea de todos es que Bolivia pueda clasificar al Mundial, [&hellip;]<\/p>\n","protected":false},"author":5,"featured_media":83782,"comment_status":"open","ping_status":"closed","sticky":false,"template":"","format":"standard","meta":{"_acf_changed":false,"footnotes":""},"categories":[152],"tags":[],"class_list":{"0":"post-83781","1":"post","2":"type-post","3":"status-publish","4":"format-standard","5":"has-post-thumbnail","7":"category-mundo-futbol"},"acf":[],"_links":{"self":[{"href":"https:\/\/futbolhoy.co\/index.php\/wp-json\/wp\/v2\/posts\/83781","targetHints":{"allow":["GET"]}}],"collection":[{"href":"https:\/\/futbolhoy.co\/index.php\/wp-json\/wp\/v2\/posts"}],"about":[{"href":"https:\/\/futbolhoy.co\/index.php\/wp-json\/wp\/v2\/types\/post"}],"author":[{"embeddable":true,"href":"https:\/\/futbolhoy.co\/index.php\/wp-json\/wp\/v2\/users\/5"}],"replies":[{"embeddable":true,"href":"https:\/\/futbolhoy.co\/index.php\/wp-json\/wp\/v2\/comments?post=83781"}],"version-history":[{"count":1,"href":"https:\/\/futbolhoy.co\/index.php\/wp-json\/wp\/v2\/posts\/83781\/revisions"}],"predecessor-version":[{"id":83783,"href":"https:\/\/futbolhoy.co\/index.php\/wp-json\/wp\/v2\/posts\/83781\/revisions\/83783"}],"wp:featuredmedia":[{"embeddable":true,"href":"https:\/\/futbolhoy.co\/index.php\/wp-json\/wp\/v2\/media\/83782"}],"wp:attachment":[{"href":"https:\/\/futbolhoy.co\/index.php\/wp-json\/wp\/v2\/media?parent=83781"}],"wp:term":[{"taxonomy":"category","embeddable":true,"href":"https:\/\/futbolhoy.co\/index.php\/wp-json\/wp\/v2\/categories?post=83781"},{"taxonomy":"post_tag","embeddable":true,"href":"https:\/\/futbolhoy.co\/index.php\/wp-json\/wp\/v2\/tags?post=83781"}],"curies":[{"name":"wp","href":"https:\/\/api.w.org\/{rel}","templated":true}]}}