{"id":83789,"date":"2022-08-13T19:39:48","date_gmt":"2022-08-14T00:39:48","guid":{"rendered":"https:\/\/futbolhoy.co\/?p=83789"},"modified":"2022-08-14T12:03:29","modified_gmt":"2022-08-14T17:03:29","slug":"santa-fe-sigue-en-alza","status":"publish","type":"post","link":"https:\/\/futbolhoy.co\/index.php\/2022\/08\/13\/santa-fe-sigue-en-alza\/","title":{"rendered":"Santa Fe sigue en alza"},"content":{"rendered":"<p style=\"text-align: justify;\"><span style=\"font-family: helvetica, arial, sans-serif;\"><b>Independiente Santa Fe\u00a0<\/b>venci\u00f3 2-1 al\u00a0<b>Deportes Tolima<\/b>\u00a0y sum\u00f3 su segunda victoria consecutiva en desarrollo de la s\u00e9ptima fecha de la\u00a0<b>Liga BetPlay Dimayor II-2022\u00a0<\/b>en partido disputado en\u00a0<b>Bogot\u00e1<\/b>.<\/span><\/p>\n<p style=\"text-align: justify;\"><span style=\"font-family: helvetica, arial, sans-serif;\">El primer gol del\u00a0<b>\u2018Le\u00f3n\u2019<\/b>\u00a0fue marcado por\u00a0<b>Wilson Morelo<\/b>\u00a0de penalti a los 52 minutos, tras una falta imprudente del portero\u00a0<b>William Cuesta<\/b>\u00a0sobre\u00a0<b>Edwin Herrera<\/b>, que fue advertida por el\u00a0<b>VAR<\/b>\u00a0al \u00e1rbitro\u00a0<b>Wilmar Rold\u00e1n<\/b>.<\/span><\/p>\n<p style=\"text-align: justify;\"><span style=\"font-family: helvetica, arial, sans-serif;\">El empate lleg\u00f3 a trav\u00e9s del volante venezolano\u00a0<b>Yohandry Orozco<\/b>\u00a0a los 79 minutos, quien hab\u00eda ingresado cinco minutos antes por su compatriota\u00a0<b>Eduardo Sosa\u00a0<\/b>y defini\u00f3 cruzado de gran manera<b>.<\/b><\/span><\/p>\n<p style=\"text-align: justify;\"><span style=\"font-family: helvetica, arial, sans-serif;\">Morelo desperdici\u00f3 otra pena m\u00e1xima a los 86 minutos, por pisot\u00f3n\u00a0<b>de Fabi\u00e1n Mosquera a Geisson Perea<\/b>.<\/span><\/p>\n<p style=\"text-align: justify;\"><span style=\"font-family: helvetica, arial, sans-serif;\">Es el segundo cobro desde los 12 pasos que falla el atacante cordob\u00e9s, de bajo nivel y quien pareciera seguir pidiendo ser suplente.<\/span><\/p>\n<p style=\"text-align: justify;\"><span style=\"font-family: helvetica, arial, sans-serif;\">El tanto de los tres puntos, de golpe de cabeza, lo hizo el volante\u00a0<b>Harold Rivera<\/b>\u00a0a los 90 minutos, luego de una asistencia, tambi\u00e9n de cabezazo de Morelo.<\/span><\/p>\n<p style=\"text-align: justify;\"><span style=\"font-family: helvetica, arial, sans-serif;\">El partido fue enredado en el primer per\u00edodo, aunque con algunas opciones en los arcos, que no supieron definir los jugadores de ataque.<\/span><\/p>\n<p style=\"text-align: justify;\"><span style=\"font-family: helvetica, arial, sans-serif;\">En la octava jornada Santa Fe visitar\u00e1 al\u00a0<b>Medell\u00edn<\/b>\u00a0y Tolima recibir\u00e1 a<b>\u00a0La Equidad.<\/b><\/span><\/p>\n","protected":false},"excerpt":{"rendered":"<p>Independiente Santa Fe\u00a0venci\u00f3 2-1 al\u00a0Deportes Tolima\u00a0y sum\u00f3 su segunda victoria consecutiva en desarrollo de la s\u00e9ptima fecha de la\u00a0Liga BetPlay Dimayor II-2022\u00a0en partido disputado en\u00a0Bogot\u00e1. El primer gol del\u00a0\u2018Le\u00f3n\u2019\u00a0fue marcado por\u00a0Wilson Morelo\u00a0de penalti a los 52 minutos, tras una falta imprudente del portero\u00a0William Cuesta\u00a0sobre\u00a0Edwin Herrera, que fue advertida por el\u00a0VAR\u00a0al \u00e1rbitro\u00a0Wilmar Rold\u00e1n. El empate lleg\u00f3 [&hellip;]<\/p>\n","protected":false},"author":5,"featured_media":83790,"comment_status":"open","ping_status":"open","sticky":false,"template":"","format":"standard","meta":{"_acf_changed":false,"footnotes":""},"categories":[7],"tags":[],"class_list":{"0":"post-83789","1":"post","2":"type-post","3":"status-publish","4":"format-standard","5":"has-post-thumbnail","7":"category-liga-betplay"},"acf":[],"yoast_head":"<!-- This site is optimized with the Yoast SEO plugin v26.8 - https:\/\/yoast.com\/product\/yoast-seo-wordpress\/ -->\n<title>Santa Fe sigue en alza -<\/title>\n<meta name=\"robots\" content=\"index, follow, max-snippet:-1, max-image-preview:large, max-video-preview:-1\" \/>\n<link rel=\"canonical\" href=\"https:\/\/futbolhoy.co\/index.php\/2022\/08\/13\/santa-fe-sigue-en-alza\/\" \/>\n<meta property=\"og:locale\" content=\"es_ES\" \/>\n<meta property=\"og:type\" content=\"article\" \/>\n<meta property=\"og:title\" content=\"Santa Fe sigue en alza -\" \/>\n<meta property=\"og:description\" content=\"Independiente Santa Fe\u00a0venci\u00f3 2-1 al\u00a0Deportes Tolima\u00a0y sum\u00f3 su segunda victoria consecutiva en desarrollo de la s\u00e9ptima fecha de la\u00a0Liga BetPlay Dimayor II-2022\u00a0en partido disputado en\u00a0Bogot\u00e1. El primer gol del\u00a0\u2018Le\u00f3n\u2019\u00a0fue marcado por\u00a0Wilson Morelo\u00a0de penalti a los 52 minutos, tras una falta imprudente del portero\u00a0William Cuesta\u00a0sobre\u00a0Edwin Herrera, que fue advertida por el\u00a0VAR\u00a0al \u00e1rbitro\u00a0Wilmar Rold\u00e1n. El empate lleg\u00f3 [&hellip;]\" \/>\n<meta property=\"og:url\" content=\"https:\/\/futbolhoy.co\/index.php\/2022\/08\/13\/santa-fe-sigue-en-alza\/\" \/>\n<meta property=\"article:publisher\" content=\"https:\/\/www.facebook.com\/FutbolHoyCol\/\" \/>\n<meta property=\"article:published_time\" content=\"2022-08-14T00:39:48+00:00\" \/>\n<meta property=\"article:modified_time\" content=\"2022-08-14T17:03:29+00:00\" \/>\n<meta property=\"og:image\" content=\"https:\/\/futbolhoy.co\/wp-content\/uploads\/2022\/08\/vChNiDBA.jpeg\" \/>\n\t<meta property=\"og:image:width\" content=\"2400\" \/>\n\t<meta property=\"og:image:height\" content=\"1599\" \/>\n\t<meta property=\"og:image:type\" content=\"image\/jpeg\" \/>\n<meta name=\"author\" content=\"Laura Hern\u00e1ndez\" \/>\n<meta name=\"twitter:card\" content=\"summary_large_image\" \/>\n<meta name=\"twitter:creator\" content=\"@FutbolHoyCol\" \/>\n<meta name=\"twitter:site\" content=\"@FutbolHoyCol\" \/>\n<meta name=\"twitter:label1\" content=\"Escrito por\" \/>\n\t<meta name=\"twitter:data1\" content=\"Laura Hern\u00e1ndez\" \/>\n\t<meta name=\"twitter:label2\" content=\"Tiempo de lectura\" \/>\n\t<meta name=\"twitter:data2\" content=\"1 minuto\" \/>\n<script type=\"application\/ld+json\" class=\"yoast-schema-graph\">{\"@context\":\"https:\/\/schema.org\",\"@graph\":[{\"@type\":\"Article\",\"@id\":\"https:\/\/futbolhoy.co\/index.php\/2022\/08\/13\/santa-fe-sigue-en-alza\/#article\",\"isPartOf\":{\"@id\":\"https:\/\/futbolhoy.co\/index.php\/2022\/08\/13\/santa-fe-sigue-en-alza\/\"},\"author\":{\"name\":\"Laura Hern\u00e1ndez\",\"@id\":\"https:\/\/futbolhoy.co\/#\/schema\/person\/c4a353a512b127643723a34bb1812f7d\"},\"headline\":\"Santa Fe sigue en alza\",\"datePublished\":\"2022-08-14T00:39:48+00:00\",\"dateModified\":\"2022-08-14T17:03:29+00:00\",\"mainEntityOfPage\":{\"@id\":\"https:\/\/futbolhoy.co\/index.php\/2022\/08\/13\/santa-fe-sigue-en-alza\/\"},\"wordCount\":218,\"commentCount\":0,\"publisher\":{\"@id\":\"https:\/\/futbolhoy.co\/#organization\"},\"image\":{\"@id\":\"https:\/\/futbolhoy.co\/index.php\/2022\/08\/13\/santa-fe-sigue-en-alza\/#primaryimage\"},\"thumbnailUrl\":\"https:\/\/futbolhoy.co\/wp-content\/uploads\/2022\/08\/vChNiDBA.jpeg\",\"articleSection\":[\"Liga BetPlay\"],\"inLanguage\":\"es\",\"potentialAction\":[{\"@type\":\"CommentAction\",\"name\":\"Comment\",\"target\":[\"https:\/\/futbolhoy.co\/index.php\/2022\/08\/13\/santa-fe-sigue-en-alza\/#respond\"]}]},{\"@type\":\"WebPage\",\"@id\":\"https:\/\/futbolhoy.co\/index.php\/2022\/08\/13\/santa-fe-sigue-en-alza\/\",\"url\":\"https:\/\/futbolhoy.co\/index.php\/2022\/08\/13\/santa-fe-sigue-en-alza\/\",\"name\":\"Santa Fe sigue en alza -\",\"isPartOf\":{\"@id\":\"https:\/\/futbolhoy.co\/#website\"},\"primaryImageOfPage\":{\"@id\":\"https:\/\/futbolhoy.co\/index.php\/2022\/08\/13\/santa-fe-sigue-en-alza\/#primaryimage\"},\"image\":{\"@id\":\"https:\/\/futbolhoy.co\/index.php\/2022\/08\/13\/santa-fe-sigue-en-alza\/#primaryimage\"},\"thumbnailUrl\":\"https:\/\/futbolhoy.co\/wp-content\/uploads\/2022\/08\/vChNiDBA.jpeg\",\"datePublished\":\"2022-08-14T00:39:48+00:00\",\"dateModified\":\"2022-08-14T17:03:29+00:00\",\"breadcrumb\":{\"@id\":\"https:\/\/futbolhoy.co\/index.php\/2022\/08\/13\/santa-fe-sigue-en-alza\/#breadcrumb\"},\"inLanguage\":\"es\",\"potentialAction\":[{\"@type\":\"ReadAction\",\"target\":[\"https:\/\/futbolhoy.co\/index.php\/2022\/08\/13\/santa-fe-sigue-en-alza\/\"]}]},{\"@type\":\"ImageObject\",\"inLanguage\":\"es\",\"@id\":\"https:\/\/futbolhoy.co\/index.php\/2022\/08\/13\/santa-fe-sigue-en-alza\/#primaryimage\",\"url\":\"https:\/\/futbolhoy.co\/wp-content\/uploads\/2022\/08\/vChNiDBA.jpeg\",\"contentUrl\":\"https:\/\/futbolhoy.co\/wp-content\/uploads\/2022\/08\/vChNiDBA.jpeg\",\"width\":2400,\"height\":1599},{\"@type\":\"BreadcrumbList\",\"@id\":\"https:\/\/futbolhoy.co\/index.php\/2022\/08\/13\/santa-fe-sigue-en-alza\/#breadcrumb\",\"itemListElement\":[{\"@type\":\"ListItem\",\"position\":1,\"name\":\"Portada\",\"item\":\"https:\/\/futbolhoy.co\/\"},{\"@type\":\"ListItem\",\"position\":2,\"name\":\"Santa Fe sigue en alza\"}]},{\"@type\":\"WebSite\",\"@id\":\"https:\/\/futbolhoy.co\/#website\",\"url\":\"https:\/\/futbolhoy.co\/\",\"name\":\"FutbolHoy\",\"description\":\"\",\"publisher\":{\"@id\":\"https:\/\/futbolhoy.co\/#organization\"},\"potentialAction\":[{\"@type\":\"SearchAction\",\"target\":{\"@type\":\"EntryPoint\",\"urlTemplate\":\"https:\/\/futbolhoy.co\/?s={search_term_string}\"},\"query-input\":{\"@type\":\"PropertyValueSpecification\",\"valueRequired\":true,\"valueName\":\"search_term_string\"}}],\"inLanguage\":\"es\"},{\"@type\":\"Organization\",\"@id\":\"https:\/\/futbolhoy.co\/#organization\",\"name\":\"Futbolhoy.co\",\"url\":\"https:\/\/futbolhoy.co\/\",\"logo\":{\"@type\":\"ImageObject\",\"inLanguage\":\"es\",\"@id\":\"https:\/\/futbolhoy.co\/#\/schema\/logo\/image\/\",\"url\":\"https:\/\/futbolhoy.co\/wp-content\/uploads\/2018\/08\/17426380_1906371736249227_6326180412931521141_n.jpg\",\"contentUrl\":\"https:\/\/futbolhoy.co\/wp-content\/uploads\/2018\/08\/17426380_1906371736249227_6326180412931521141_n.jpg\",\"width\":960,\"height\":960,\"caption\":\"Futbolhoy.co\"},\"image\":{\"@id\":\"https:\/\/futbolhoy.co\/#\/schema\/logo\/image\/\"},\"sameAs\":[\"https:\/\/www.facebook.com\/FutbolHoyCol\/\",\"https:\/\/x.com\/FutbolHoyCol\",\"https:\/\/www.instagram.com\/futbolhoycol\/\"]},{\"@type\":\"Person\",\"@id\":\"https:\/\/futbolhoy.co\/#\/schema\/person\/c4a353a512b127643723a34bb1812f7d\",\"name\":\"Laura Hern\u00e1ndez\",\"image\":{\"@type\":\"ImageObject\",\"inLanguage\":\"es\",\"@id\":\"https:\/\/futbolhoy.co\/#\/schema\/person\/image\/\",\"url\":\"https:\/\/secure.gravatar.com\/avatar\/d25959a15b9b293a743f99181c7cfd01?s=96&d=mm&r=g\",\"contentUrl\":\"https:\/\/secure.gravatar.com\/avatar\/d25959a15b9b293a743f99181c7cfd01?s=96&d=mm&r=g\",\"caption\":\"Laura Hern\u00e1ndez\"}}]}<\/script>\n<!-- \/ Yoast SEO plugin. -->","yoast_head_json":{"title":"Santa Fe sigue en alza -","robots":{"index":"index","follow":"follow","max-snippet":"max-snippet:-1","max-image-preview":"max-image-preview:large","max-video-preview":"max-video-preview:-1"},"canonical":"https:\/\/futbolhoy.co\/index.php\/2022\/08\/13\/santa-fe-sigue-en-alza\/","og_locale":"es_ES","og_type":"article","og_title":"Santa Fe sigue en alza -","og_description":"Independiente Santa Fe\u00a0venci\u00f3 2-1 al\u00a0Deportes Tolima\u00a0y sum\u00f3 su segunda victoria consecutiva en desarrollo de la s\u00e9ptima fecha de la\u00a0Liga BetPlay Dimayor II-2022\u00a0en partido disputado en\u00a0Bogot\u00e1. El primer gol del\u00a0\u2018Le\u00f3n\u2019\u00a0fue marcado por\u00a0Wilson Morelo\u00a0de penalti a los 52 minutos, tras una falta imprudente del portero\u00a0William Cuesta\u00a0sobre\u00a0Edwin Herrera, que fue advertida por el\u00a0VAR\u00a0al \u00e1rbitro\u00a0Wilmar Rold\u00e1n. El empate lleg\u00f3 [&hellip;]","og_url":"https:\/\/futbolhoy.co\/index.php\/2022\/08\/13\/santa-fe-sigue-en-alza\/","article_publisher":"https:\/\/www.facebook.com\/FutbolHoyCol\/","article_published_time":"2022-08-14T00:39:48+00:00","article_modified_time":"2022-08-14T17:03:29+00:00","og_image":[{"width":2400,"height":1599,"url":"https:\/\/futbolhoy.co\/wp-content\/uploads\/2022\/08\/vChNiDBA.jpeg","type":"image\/jpeg"}],"author":"Laura Hern\u00e1ndez","twitter_card":"summary_large_image","twitter_creator":"@FutbolHoyCol","twitter_site":"@FutbolHoyCol","twitter_misc":{"Escrito por":"Laura Hern\u00e1ndez","Tiempo de lectura":"1 minuto"},"schema":{"@context":"https:\/\/schema.org","@graph":[{"@type":"Article","@id":"https:\/\/futbolhoy.co\/index.php\/2022\/08\/13\/santa-fe-sigue-en-alza\/#article","isPartOf":{"@id":"https:\/\/futbolhoy.co\/index.php\/2022\/08\/13\/santa-fe-sigue-en-alza\/"},"author":{"name":"Laura Hern\u00e1ndez","@id":"https:\/\/futbolhoy.co\/#\/schema\/person\/c4a353a512b127643723a34bb1812f7d"},"headline":"Santa Fe sigue en alza","datePublished":"2022-08-14T00:39:48+00:00","dateModified":"2022-08-14T17:03:29+00:00","mainEntityOfPage":{"@id":"https:\/\/futbolhoy.co\/index.php\/2022\/08\/13\/santa-fe-sigue-en-alza\/"},"wordCount":218,"commentCount":0,"publisher":{"@id":"https:\/\/futbolhoy.co\/#organization"},"image":{"@id":"https:\/\/futbolhoy.co\/index.php\/2022\/08\/13\/santa-fe-sigue-en-alza\/#primaryimage"},"thumbnailUrl":"https:\/\/futbolhoy.co\/wp-content\/uploads\/2022\/08\/vChNiDBA.jpeg","articleSection":["Liga BetPlay"],"inLanguage":"es","potentialAction":[{"@type":"CommentAction","name":"Comment","target":["https:\/\/futbolhoy.co\/index.php\/2022\/08\/13\/santa-fe-sigue-en-alza\/#respond"]}]},{"@type":"WebPage","@id":"https:\/\/futbolhoy.co\/index.php\/2022\/08\/13\/santa-fe-sigue-en-alza\/","url":"https:\/\/futbolhoy.co\/index.php\/2022\/08\/13\/santa-fe-sigue-en-alza\/","name":"Santa Fe sigue en alza -","isPartOf":{"@id":"https:\/\/futbolhoy.co\/#website"},"primaryImageOfPage":{"@id":"https:\/\/futbolhoy.co\/index.php\/2022\/08\/13\/santa-fe-sigue-en-alza\/#primaryimage"},"image":{"@id":"https:\/\/futbolhoy.co\/index.php\/2022\/08\/13\/santa-fe-sigue-en-alza\/#primaryimage"},"thumbnailUrl":"https:\/\/futbolhoy.co\/wp-content\/uploads\/2022\/08\/vChNiDBA.jpeg","datePublished":"2022-08-14T00:39:48+00:00","dateModified":"2022-08-14T17:03:29+00:00","breadcrumb":{"@id":"https:\/\/futbolhoy.co\/index.php\/2022\/08\/13\/santa-fe-sigue-en-alza\/#breadcrumb"},"inLanguage":"es","potentialAction":[{"@type":"ReadAction","target":["https:\/\/futbolhoy.co\/index.php\/2022\/08\/13\/santa-fe-sigue-en-alza\/"]}]},{"@type":"ImageObject","inLanguage":"es","@id":"https:\/\/futbolhoy.co\/index.php\/2022\/08\/13\/santa-fe-sigue-en-alza\/#primaryimage","url":"https:\/\/futbolhoy.co\/wp-content\/uploads\/2022\/08\/vChNiDBA.jpeg","contentUrl":"https:\/\/futbolhoy.co\/wp-content\/uploads\/2022\/08\/vChNiDBA.jpeg","width":2400,"height":1599},{"@type":"BreadcrumbList","@id":"https:\/\/futbolhoy.co\/index.php\/2022\/08\/13\/santa-fe-sigue-en-alza\/#breadcrumb","itemListElement":[{"@type":"ListItem","position":1,"name":"Portada","item":"https:\/\/futbolhoy.co\/"},{"@type":"ListItem","position":2,"name":"Santa Fe sigue en alza"}]},{"@type":"WebSite","@id":"https:\/\/futbolhoy.co\/#website","url":"https:\/\/futbolhoy.co\/","name":"FutbolHoy","description":"","publisher":{"@id":"https:\/\/futbolhoy.co\/#organization"},"potentialAction":[{"@type":"SearchAction","target":{"@type":"EntryPoint","urlTemplate":"https:\/\/futbolhoy.co\/?s={search_term_string}"},"query-input":{"@type":"PropertyValueSpecification","valueRequired":true,"valueName":"search_term_string"}}],"inLanguage":"es"},{"@type":"Organization","@id":"https:\/\/futbolhoy.co\/#organization","name":"Futbolhoy.co","url":"https:\/\/futbolhoy.co\/","logo":{"@type":"ImageObject","inLanguage":"es","@id":"https:\/\/futbolhoy.co\/#\/schema\/logo\/image\/","url":"https:\/\/futbolhoy.co\/wp-content\/uploads\/2018\/08\/17426380_1906371736249227_6326180412931521141_n.jpg","contentUrl":"https:\/\/futbolhoy.co\/wp-content\/uploads\/2018\/08\/17426380_1906371736249227_6326180412931521141_n.jpg","width":960,"height":960,"caption":"Futbolhoy.co"},"image":{"@id":"https:\/\/futbolhoy.co\/#\/schema\/logo\/image\/"},"sameAs":["https:\/\/www.facebook.com\/FutbolHoyCol\/","https:\/\/x.com\/FutbolHoyCol","https:\/\/www.instagram.com\/futbolhoycol\/"]},{"@type":"Person","@id":"https:\/\/futbolhoy.co\/#\/schema\/person\/c4a353a512b127643723a34bb1812f7d","name":"Laura Hern\u00e1ndez","image":{"@type":"ImageObject","inLanguage":"es","@id":"https:\/\/futbolhoy.co\/#\/schema\/person\/image\/","url":"https:\/\/secure.gravatar.com\/avatar\/d25959a15b9b293a743f99181c7cfd01?s=96&d=mm&r=g","contentUrl":"https:\/\/secure.gravatar.com\/avatar\/d25959a15b9b293a743f99181c7cfd01?s=96&d=mm&r=g","caption":"Laura Hern\u00e1ndez"}}]}},"publishpress_future_action":{"enabled":false,"date":"2026-05-02 00:06:10","action":"change-status","newStatus":"draft","terms":[],"taxonomy":"category","extraData":[]},"publishpress_future_workflow_manual_trigger":{"enabledWorkflows":[]},"_links":{"self":[{"href":"https:\/\/futbolhoy.co\/index.php\/wp-json\/wp\/v2\/posts\/83789","targetHints":{"allow":["GET"]}}],"collection":[{"href":"https:\/\/futbolhoy.co\/index.php\/wp-json\/wp\/v2\/posts"}],"about":[{"href":"https:\/\/futbolhoy.co\/index.php\/wp-json\/wp\/v2\/types\/post"}],"author":[{"embeddable":true,"href":"https:\/\/futbolhoy.co\/index.php\/wp-json\/wp\/v2\/users\/5"}],"replies":[{"embeddable":true,"href":"https:\/\/futbolhoy.co\/index.php\/wp-json\/wp\/v2\/comments?post=83789"}],"version-history":[{"count":1,"href":"https:\/\/futbolhoy.co\/index.php\/wp-json\/wp\/v2\/posts\/83789\/revisions"}],"predecessor-version":[{"id":83792,"href":"https:\/\/futbolhoy.co\/index.php\/wp-json\/wp\/v2\/posts\/83789\/revisions\/83792"}],"wp:featuredmedia":[{"embeddable":true,"href":"https:\/\/futbolhoy.co\/index.php\/wp-json\/wp\/v2\/media\/83790"}],"wp:attachment":[{"href":"https:\/\/futbolhoy.co\/index.php\/wp-json\/wp\/v2\/media?parent=83789"}],"wp:term":[{"taxonomy":"category","embeddable":true,"href":"https:\/\/futbolhoy.co\/index.php\/wp-json\/wp\/v2\/categories?post=83789"},{"taxonomy":"post_tag","embeddable":true,"href":"https:\/\/futbolhoy.co\/index.php\/wp-json\/wp\/v2\/tags?post=83789"}],"curies":[{"name":"wp","href":"https:\/\/api.w.org\/{rel}","templated":true}]}}