{"id":83928,"date":"2022-08-15T17:34:43","date_gmt":"2022-08-15T22:34:43","guid":{"rendered":"https:\/\/futbolhoy.co\/?p=83928"},"modified":"2022-08-16T16:01:44","modified_gmt":"2022-08-16T21:01:44","slug":"once-caldas-dejo-ir-el-liderato","status":"publish","type":"post","link":"https:\/\/futbolhoy.co\/index.php\/2022\/08\/15\/once-caldas-dejo-ir-el-liderato\/","title":{"rendered":"Once Caldas dej\u00f3 ir el liderato"},"content":{"rendered":"<p style=\"text-align: justify;\"><span style=\"font-family: helvetica, arial, sans-serif;\"><strong>Once Caldas<\/strong> desaprovech\u00f3 la chance de ser l\u00edder del f\u00fatbol colombiano junto a <strong>Millonarios,<\/strong> luego de ceder un empate ante <strong>Patriotas<\/strong> en el estadio Palogrande de Manizales, en la \u00faltima acci\u00f3n del partido.<\/span><\/p>\n<p style=\"text-align: justify;\"><span style=\"font-family: helvetica, arial, sans-serif;\">El juego por la s\u00e9ptima fecha de la Liga BetPlay se abri\u00f3 hasta el minuto 79, con un remate de cabeza de <strong>Ayron del Valle<\/strong>, quien lleg\u00f3 a seis goles y se consolid\u00f3 como el m\u00e1ximo anotador del campeonato.<\/span><\/p>\n<p style=\"text-align: justify;\"><span style=\"font-family: helvetica, arial, sans-serif;\">En la \u00faltima acci\u00f3n del partido, a los 90+4 minutos, <strong>Darwin L\u00f3pez<\/strong> igual\u00f3 las acciones con un remate desde el borde del \u00e1rea tras un saque de banda.<\/span><\/p>\n<p style=\"text-align: justify;\"><span style=\"font-family: helvetica, arial, sans-serif;\"><strong>Patriotas<\/strong> jug\u00f3 todo el segundo tiempo con un hombre menos tras la expulsi\u00f3n de <strong>Daniel Rodas<\/strong>.<\/span><\/p>\n<p style=\"text-align: justify;\"><span style=\"font-family: helvetica, arial, sans-serif;\"><strong>Once Caldas<\/strong> sum\u00f3 13 puntos, es segundo y el pr\u00f3ximo lunes visitar\u00e1 al Pasto; Patritoas lleg\u00f3 a 8 unidades, sigue 18 en el descenso con un promedio de 0.95 y el s\u00e1bado recibir\u00e1 a \u00c1guilas Doradas.<\/span><\/p>\n","protected":false},"excerpt":{"rendered":"<p>Once Caldas desaprovech\u00f3 la chance de ser l\u00edder del f\u00fatbol colombiano junto a Millonarios, luego de ceder un empate ante Patriotas en el estadio Palogrande de Manizales, en la \u00faltima acci\u00f3n del partido. El juego por la s\u00e9ptima fecha de la Liga BetPlay se abri\u00f3 hasta el minuto 79, con un remate de cabeza de [&hellip;]<\/p>\n","protected":false},"author":5,"featured_media":83929,"comment_status":"open","ping_status":"open","sticky":false,"template":"","format":"standard","meta":{"_acf_changed":false,"footnotes":""},"categories":[7],"tags":[],"class_list":{"0":"post-83928","1":"post","2":"type-post","3":"status-publish","4":"format-standard","5":"has-post-thumbnail","7":"category-liga-betplay"},"acf":[],"yoast_head":"<!-- This site is optimized with the Yoast SEO plugin v26.8 - https:\/\/yoast.com\/product\/yoast-seo-wordpress\/ -->\n<title>Once Caldas dej\u00f3 ir el liderato -<\/title>\n<meta name=\"robots\" content=\"index, follow, max-snippet:-1, max-image-preview:large, max-video-preview:-1\" \/>\n<link rel=\"canonical\" href=\"https:\/\/futbolhoy.co\/index.php\/2022\/08\/15\/once-caldas-dejo-ir-el-liderato\/\" \/>\n<meta property=\"og:locale\" content=\"es_ES\" \/>\n<meta property=\"og:type\" content=\"article\" \/>\n<meta property=\"og:title\" content=\"Once Caldas dej\u00f3 ir el liderato -\" \/>\n<meta property=\"og:description\" content=\"Once Caldas desaprovech\u00f3 la chance de ser l\u00edder del f\u00fatbol colombiano junto a Millonarios, luego de ceder un empate ante Patriotas en el estadio Palogrande de Manizales, en la \u00faltima acci\u00f3n del partido. El juego por la s\u00e9ptima fecha de la Liga BetPlay se abri\u00f3 hasta el minuto 79, con un remate de cabeza de [&hellip;]\" \/>\n<meta property=\"og:url\" content=\"https:\/\/futbolhoy.co\/index.php\/2022\/08\/15\/once-caldas-dejo-ir-el-liderato\/\" \/>\n<meta property=\"article:publisher\" content=\"https:\/\/www.facebook.com\/FutbolHoyCol\/\" \/>\n<meta property=\"article:published_time\" content=\"2022-08-15T22:34:43+00:00\" \/>\n<meta property=\"article:modified_time\" content=\"2022-08-16T21:01:44+00:00\" \/>\n<meta property=\"og:image\" content=\"https:\/\/futbolhoy.co\/wp-content\/uploads\/2022\/08\/fdpNV4Uo.jpeg\" \/>\n\t<meta property=\"og:image:width\" content=\"2400\" \/>\n\t<meta property=\"og:image:height\" content=\"1599\" \/>\n\t<meta property=\"og:image:type\" content=\"image\/jpeg\" \/>\n<meta name=\"author\" content=\"Laura Hern\u00e1ndez\" \/>\n<meta name=\"twitter:card\" content=\"summary_large_image\" \/>\n<meta name=\"twitter:creator\" content=\"@FutbolHoyCol\" \/>\n<meta name=\"twitter:site\" content=\"@FutbolHoyCol\" \/>\n<meta name=\"twitter:label1\" content=\"Escrito por\" \/>\n\t<meta name=\"twitter:data1\" content=\"Laura Hern\u00e1ndez\" \/>\n\t<meta name=\"twitter:label2\" content=\"Tiempo de lectura\" \/>\n\t<meta name=\"twitter:data2\" content=\"1 minuto\" \/>\n<script type=\"application\/ld+json\" class=\"yoast-schema-graph\">{\"@context\":\"https:\/\/schema.org\",\"@graph\":[{\"@type\":\"Article\",\"@id\":\"https:\/\/futbolhoy.co\/index.php\/2022\/08\/15\/once-caldas-dejo-ir-el-liderato\/#article\",\"isPartOf\":{\"@id\":\"https:\/\/futbolhoy.co\/index.php\/2022\/08\/15\/once-caldas-dejo-ir-el-liderato\/\"},\"author\":{\"name\":\"Laura Hern\u00e1ndez\",\"@id\":\"https:\/\/futbolhoy.co\/#\/schema\/person\/c4a353a512b127643723a34bb1812f7d\"},\"headline\":\"Once Caldas dej\u00f3 ir el liderato\",\"datePublished\":\"2022-08-15T22:34:43+00:00\",\"dateModified\":\"2022-08-16T21:01:44+00:00\",\"mainEntityOfPage\":{\"@id\":\"https:\/\/futbolhoy.co\/index.php\/2022\/08\/15\/once-caldas-dejo-ir-el-liderato\/\"},\"wordCount\":162,\"commentCount\":0,\"publisher\":{\"@id\":\"https:\/\/futbolhoy.co\/#organization\"},\"image\":{\"@id\":\"https:\/\/futbolhoy.co\/index.php\/2022\/08\/15\/once-caldas-dejo-ir-el-liderato\/#primaryimage\"},\"thumbnailUrl\":\"https:\/\/futbolhoy.co\/wp-content\/uploads\/2022\/08\/fdpNV4Uo.jpeg\",\"articleSection\":[\"Liga BetPlay\"],\"inLanguage\":\"es\",\"potentialAction\":[{\"@type\":\"CommentAction\",\"name\":\"Comment\",\"target\":[\"https:\/\/futbolhoy.co\/index.php\/2022\/08\/15\/once-caldas-dejo-ir-el-liderato\/#respond\"]}]},{\"@type\":\"WebPage\",\"@id\":\"https:\/\/futbolhoy.co\/index.php\/2022\/08\/15\/once-caldas-dejo-ir-el-liderato\/\",\"url\":\"https:\/\/futbolhoy.co\/index.php\/2022\/08\/15\/once-caldas-dejo-ir-el-liderato\/\",\"name\":\"Once Caldas dej\u00f3 ir el liderato -\",\"isPartOf\":{\"@id\":\"https:\/\/futbolhoy.co\/#website\"},\"primaryImageOfPage\":{\"@id\":\"https:\/\/futbolhoy.co\/index.php\/2022\/08\/15\/once-caldas-dejo-ir-el-liderato\/#primaryimage\"},\"image\":{\"@id\":\"https:\/\/futbolhoy.co\/index.php\/2022\/08\/15\/once-caldas-dejo-ir-el-liderato\/#primaryimage\"},\"thumbnailUrl\":\"https:\/\/futbolhoy.co\/wp-content\/uploads\/2022\/08\/fdpNV4Uo.jpeg\",\"datePublished\":\"2022-08-15T22:34:43+00:00\",\"dateModified\":\"2022-08-16T21:01:44+00:00\",\"breadcrumb\":{\"@id\":\"https:\/\/futbolhoy.co\/index.php\/2022\/08\/15\/once-caldas-dejo-ir-el-liderato\/#breadcrumb\"},\"inLanguage\":\"es\",\"potentialAction\":[{\"@type\":\"ReadAction\",\"target\":[\"https:\/\/futbolhoy.co\/index.php\/2022\/08\/15\/once-caldas-dejo-ir-el-liderato\/\"]}]},{\"@type\":\"ImageObject\",\"inLanguage\":\"es\",\"@id\":\"https:\/\/futbolhoy.co\/index.php\/2022\/08\/15\/once-caldas-dejo-ir-el-liderato\/#primaryimage\",\"url\":\"https:\/\/futbolhoy.co\/wp-content\/uploads\/2022\/08\/fdpNV4Uo.jpeg\",\"contentUrl\":\"https:\/\/futbolhoy.co\/wp-content\/uploads\/2022\/08\/fdpNV4Uo.jpeg\",\"width\":2400,\"height\":1599},{\"@type\":\"BreadcrumbList\",\"@id\":\"https:\/\/futbolhoy.co\/index.php\/2022\/08\/15\/once-caldas-dejo-ir-el-liderato\/#breadcrumb\",\"itemListElement\":[{\"@type\":\"ListItem\",\"position\":1,\"name\":\"Portada\",\"item\":\"https:\/\/futbolhoy.co\/\"},{\"@type\":\"ListItem\",\"position\":2,\"name\":\"Once Caldas dej\u00f3 ir el liderato\"}]},{\"@type\":\"WebSite\",\"@id\":\"https:\/\/futbolhoy.co\/#website\",\"url\":\"https:\/\/futbolhoy.co\/\",\"name\":\"FutbolHoy\",\"description\":\"\",\"publisher\":{\"@id\":\"https:\/\/futbolhoy.co\/#organization\"},\"potentialAction\":[{\"@type\":\"SearchAction\",\"target\":{\"@type\":\"EntryPoint\",\"urlTemplate\":\"https:\/\/futbolhoy.co\/?s={search_term_string}\"},\"query-input\":{\"@type\":\"PropertyValueSpecification\",\"valueRequired\":true,\"valueName\":\"search_term_string\"}}],\"inLanguage\":\"es\"},{\"@type\":\"Organization\",\"@id\":\"https:\/\/futbolhoy.co\/#organization\",\"name\":\"Futbolhoy.co\",\"url\":\"https:\/\/futbolhoy.co\/\",\"logo\":{\"@type\":\"ImageObject\",\"inLanguage\":\"es\",\"@id\":\"https:\/\/futbolhoy.co\/#\/schema\/logo\/image\/\",\"url\":\"https:\/\/futbolhoy.co\/wp-content\/uploads\/2018\/08\/17426380_1906371736249227_6326180412931521141_n.jpg\",\"contentUrl\":\"https:\/\/futbolhoy.co\/wp-content\/uploads\/2018\/08\/17426380_1906371736249227_6326180412931521141_n.jpg\",\"width\":960,\"height\":960,\"caption\":\"Futbolhoy.co\"},\"image\":{\"@id\":\"https:\/\/futbolhoy.co\/#\/schema\/logo\/image\/\"},\"sameAs\":[\"https:\/\/www.facebook.com\/FutbolHoyCol\/\",\"https:\/\/x.com\/FutbolHoyCol\",\"https:\/\/www.instagram.com\/futbolhoycol\/\"]},{\"@type\":\"Person\",\"@id\":\"https:\/\/futbolhoy.co\/#\/schema\/person\/c4a353a512b127643723a34bb1812f7d\",\"name\":\"Laura Hern\u00e1ndez\",\"image\":{\"@type\":\"ImageObject\",\"inLanguage\":\"es\",\"@id\":\"https:\/\/futbolhoy.co\/#\/schema\/person\/image\/\",\"url\":\"https:\/\/secure.gravatar.com\/avatar\/d25959a15b9b293a743f99181c7cfd01?s=96&d=mm&r=g\",\"contentUrl\":\"https:\/\/secure.gravatar.com\/avatar\/d25959a15b9b293a743f99181c7cfd01?s=96&d=mm&r=g\",\"caption\":\"Laura Hern\u00e1ndez\"}}]}<\/script>\n<!-- \/ Yoast SEO plugin. -->","yoast_head_json":{"title":"Once Caldas dej\u00f3 ir el liderato -","robots":{"index":"index","follow":"follow","max-snippet":"max-snippet:-1","max-image-preview":"max-image-preview:large","max-video-preview":"max-video-preview:-1"},"canonical":"https:\/\/futbolhoy.co\/index.php\/2022\/08\/15\/once-caldas-dejo-ir-el-liderato\/","og_locale":"es_ES","og_type":"article","og_title":"Once Caldas dej\u00f3 ir el liderato -","og_description":"Once Caldas desaprovech\u00f3 la chance de ser l\u00edder del f\u00fatbol colombiano junto a Millonarios, luego de ceder un empate ante Patriotas en el estadio Palogrande de Manizales, en la \u00faltima acci\u00f3n del partido. El juego por la s\u00e9ptima fecha de la Liga BetPlay se abri\u00f3 hasta el minuto 79, con un remate de cabeza de [&hellip;]","og_url":"https:\/\/futbolhoy.co\/index.php\/2022\/08\/15\/once-caldas-dejo-ir-el-liderato\/","article_publisher":"https:\/\/www.facebook.com\/FutbolHoyCol\/","article_published_time":"2022-08-15T22:34:43+00:00","article_modified_time":"2022-08-16T21:01:44+00:00","og_image":[{"width":2400,"height":1599,"url":"https:\/\/futbolhoy.co\/wp-content\/uploads\/2022\/08\/fdpNV4Uo.jpeg","type":"image\/jpeg"}],"author":"Laura Hern\u00e1ndez","twitter_card":"summary_large_image","twitter_creator":"@FutbolHoyCol","twitter_site":"@FutbolHoyCol","twitter_misc":{"Escrito por":"Laura Hern\u00e1ndez","Tiempo de lectura":"1 minuto"},"schema":{"@context":"https:\/\/schema.org","@graph":[{"@type":"Article","@id":"https:\/\/futbolhoy.co\/index.php\/2022\/08\/15\/once-caldas-dejo-ir-el-liderato\/#article","isPartOf":{"@id":"https:\/\/futbolhoy.co\/index.php\/2022\/08\/15\/once-caldas-dejo-ir-el-liderato\/"},"author":{"name":"Laura Hern\u00e1ndez","@id":"https:\/\/futbolhoy.co\/#\/schema\/person\/c4a353a512b127643723a34bb1812f7d"},"headline":"Once Caldas dej\u00f3 ir el liderato","datePublished":"2022-08-15T22:34:43+00:00","dateModified":"2022-08-16T21:01:44+00:00","mainEntityOfPage":{"@id":"https:\/\/futbolhoy.co\/index.php\/2022\/08\/15\/once-caldas-dejo-ir-el-liderato\/"},"wordCount":162,"commentCount":0,"publisher":{"@id":"https:\/\/futbolhoy.co\/#organization"},"image":{"@id":"https:\/\/futbolhoy.co\/index.php\/2022\/08\/15\/once-caldas-dejo-ir-el-liderato\/#primaryimage"},"thumbnailUrl":"https:\/\/futbolhoy.co\/wp-content\/uploads\/2022\/08\/fdpNV4Uo.jpeg","articleSection":["Liga BetPlay"],"inLanguage":"es","potentialAction":[{"@type":"CommentAction","name":"Comment","target":["https:\/\/futbolhoy.co\/index.php\/2022\/08\/15\/once-caldas-dejo-ir-el-liderato\/#respond"]}]},{"@type":"WebPage","@id":"https:\/\/futbolhoy.co\/index.php\/2022\/08\/15\/once-caldas-dejo-ir-el-liderato\/","url":"https:\/\/futbolhoy.co\/index.php\/2022\/08\/15\/once-caldas-dejo-ir-el-liderato\/","name":"Once Caldas dej\u00f3 ir el liderato -","isPartOf":{"@id":"https:\/\/futbolhoy.co\/#website"},"primaryImageOfPage":{"@id":"https:\/\/futbolhoy.co\/index.php\/2022\/08\/15\/once-caldas-dejo-ir-el-liderato\/#primaryimage"},"image":{"@id":"https:\/\/futbolhoy.co\/index.php\/2022\/08\/15\/once-caldas-dejo-ir-el-liderato\/#primaryimage"},"thumbnailUrl":"https:\/\/futbolhoy.co\/wp-content\/uploads\/2022\/08\/fdpNV4Uo.jpeg","datePublished":"2022-08-15T22:34:43+00:00","dateModified":"2022-08-16T21:01:44+00:00","breadcrumb":{"@id":"https:\/\/futbolhoy.co\/index.php\/2022\/08\/15\/once-caldas-dejo-ir-el-liderato\/#breadcrumb"},"inLanguage":"es","potentialAction":[{"@type":"ReadAction","target":["https:\/\/futbolhoy.co\/index.php\/2022\/08\/15\/once-caldas-dejo-ir-el-liderato\/"]}]},{"@type":"ImageObject","inLanguage":"es","@id":"https:\/\/futbolhoy.co\/index.php\/2022\/08\/15\/once-caldas-dejo-ir-el-liderato\/#primaryimage","url":"https:\/\/futbolhoy.co\/wp-content\/uploads\/2022\/08\/fdpNV4Uo.jpeg","contentUrl":"https:\/\/futbolhoy.co\/wp-content\/uploads\/2022\/08\/fdpNV4Uo.jpeg","width":2400,"height":1599},{"@type":"BreadcrumbList","@id":"https:\/\/futbolhoy.co\/index.php\/2022\/08\/15\/once-caldas-dejo-ir-el-liderato\/#breadcrumb","itemListElement":[{"@type":"ListItem","position":1,"name":"Portada","item":"https:\/\/futbolhoy.co\/"},{"@type":"ListItem","position":2,"name":"Once Caldas dej\u00f3 ir el liderato"}]},{"@type":"WebSite","@id":"https:\/\/futbolhoy.co\/#website","url":"https:\/\/futbolhoy.co\/","name":"FutbolHoy","description":"","publisher":{"@id":"https:\/\/futbolhoy.co\/#organization"},"potentialAction":[{"@type":"SearchAction","target":{"@type":"EntryPoint","urlTemplate":"https:\/\/futbolhoy.co\/?s={search_term_string}"},"query-input":{"@type":"PropertyValueSpecification","valueRequired":true,"valueName":"search_term_string"}}],"inLanguage":"es"},{"@type":"Organization","@id":"https:\/\/futbolhoy.co\/#organization","name":"Futbolhoy.co","url":"https:\/\/futbolhoy.co\/","logo":{"@type":"ImageObject","inLanguage":"es","@id":"https:\/\/futbolhoy.co\/#\/schema\/logo\/image\/","url":"https:\/\/futbolhoy.co\/wp-content\/uploads\/2018\/08\/17426380_1906371736249227_6326180412931521141_n.jpg","contentUrl":"https:\/\/futbolhoy.co\/wp-content\/uploads\/2018\/08\/17426380_1906371736249227_6326180412931521141_n.jpg","width":960,"height":960,"caption":"Futbolhoy.co"},"image":{"@id":"https:\/\/futbolhoy.co\/#\/schema\/logo\/image\/"},"sameAs":["https:\/\/www.facebook.com\/FutbolHoyCol\/","https:\/\/x.com\/FutbolHoyCol","https:\/\/www.instagram.com\/futbolhoycol\/"]},{"@type":"Person","@id":"https:\/\/futbolhoy.co\/#\/schema\/person\/c4a353a512b127643723a34bb1812f7d","name":"Laura Hern\u00e1ndez","image":{"@type":"ImageObject","inLanguage":"es","@id":"https:\/\/futbolhoy.co\/#\/schema\/person\/image\/","url":"https:\/\/secure.gravatar.com\/avatar\/d25959a15b9b293a743f99181c7cfd01?s=96&d=mm&r=g","contentUrl":"https:\/\/secure.gravatar.com\/avatar\/d25959a15b9b293a743f99181c7cfd01?s=96&d=mm&r=g","caption":"Laura Hern\u00e1ndez"}}]}},"publishpress_future_action":{"enabled":false,"date":"2026-05-02 03:08:39","action":"change-status","newStatus":"draft","terms":[],"taxonomy":"category","extraData":[]},"publishpress_future_workflow_manual_trigger":{"enabledWorkflows":[]},"_links":{"self":[{"href":"https:\/\/futbolhoy.co\/index.php\/wp-json\/wp\/v2\/posts\/83928","targetHints":{"allow":["GET"]}}],"collection":[{"href":"https:\/\/futbolhoy.co\/index.php\/wp-json\/wp\/v2\/posts"}],"about":[{"href":"https:\/\/futbolhoy.co\/index.php\/wp-json\/wp\/v2\/types\/post"}],"author":[{"embeddable":true,"href":"https:\/\/futbolhoy.co\/index.php\/wp-json\/wp\/v2\/users\/5"}],"replies":[{"embeddable":true,"href":"https:\/\/futbolhoy.co\/index.php\/wp-json\/wp\/v2\/comments?post=83928"}],"version-history":[{"count":1,"href":"https:\/\/futbolhoy.co\/index.php\/wp-json\/wp\/v2\/posts\/83928\/revisions"}],"predecessor-version":[{"id":83930,"href":"https:\/\/futbolhoy.co\/index.php\/wp-json\/wp\/v2\/posts\/83928\/revisions\/83930"}],"wp:featuredmedia":[{"embeddable":true,"href":"https:\/\/futbolhoy.co\/index.php\/wp-json\/wp\/v2\/media\/83929"}],"wp:attachment":[{"href":"https:\/\/futbolhoy.co\/index.php\/wp-json\/wp\/v2\/media?parent=83928"}],"wp:term":[{"taxonomy":"category","embeddable":true,"href":"https:\/\/futbolhoy.co\/index.php\/wp-json\/wp\/v2\/categories?post=83928"},{"taxonomy":"post_tag","embeddable":true,"href":"https:\/\/futbolhoy.co\/index.php\/wp-json\/wp\/v2\/tags?post=83928"}],"curies":[{"name":"wp","href":"https:\/\/api.w.org\/{rel}","templated":true}]}}