{"id":83941,"date":"2022-08-16T09:59:39","date_gmt":"2022-08-16T14:59:39","guid":{"rendered":"https:\/\/futbolhoy.co\/?p=83941"},"modified":"2022-08-17T09:35:31","modified_gmt":"2022-08-17T14:35:31","slug":"cabal-jugara-en-italia","status":"publish","type":"post","link":"https:\/\/futbolhoy.co\/index.php\/2022\/08\/16\/cabal-jugara-en-italia\/","title":{"rendered":"Cabal jugar\u00e1 en Italia"},"content":{"rendered":"<p class=\"x_ydpe880f8d5MsoNormal\" style=\"text-align: justify;\"><span lang=\"ES-MX\" style=\"font-family: helvetica, arial, sans-serif;\">El defensa central colombiano <b>Juan David Cabal<\/b>, de 21 a\u00f1os, dejar\u00e1\u00a0<b>Atl\u00e9tico Nacional\u00a0<\/b>para unirse al\u00a0<b>Hellas Verona<\/b>\u00a0en la\u00a0<b>Serie A de Italia<\/b>\u00a0por 3,5 millones de d\u00f3lares.<\/span><\/p>\n<p class=\"x_ydpe880f8d5MsoNormal\" style=\"text-align: justify;\"><span lang=\"ES-MX\" style=\"font-family: helvetica, arial, sans-serif;\">Cabal tiene todo acordado con el club italiano; el conjunto antioque\u00f1o, con necesidad de hacer caja en sus finanzas, acept\u00f3 la oferta por el 80 % de los derechos deportivos del zaguero cale\u00f1o.<\/span><\/p>\n<p class=\"x_ydpe880f8d5MsoNormal\" style=\"text-align: justify;\"><span lang=\"ES-MX\" style=\"font-family: helvetica, arial, sans-serif;\">Cabal, quien debut\u00f3 como profesional en 2019 ha disputado 50 partidos, donde marc\u00f3 un gol y ha sido habitual titular este a\u00f1o en el campe\u00f3n colombiano, con el cual ya registra dos t\u00edtulos,\u00a0<b>Copa BetPlay Dimayor 2021 y Liga BetPlay Dimayor I-2022.<\/b><\/span><\/p>\n<p class=\"x_ydpe880f8d5MsoNormal\" style=\"text-align: justify;\"><span lang=\"ES-MX\" style=\"font-family: helvetica, arial, sans-serif;\">En este club milit\u00f3 el volante nacional\u00a0<b>Jhonnier Monta\u00f1o<\/b>\u00a0en la temporada 2001-2022 y tambi\u00e9n ha hecho parte de su plantilla\u00a0<b>el extremo colombo-italiano Eddy Salcedo.<\/b><\/span><\/p>\n","protected":false},"excerpt":{"rendered":"<p>El defensa central colombiano Juan David Cabal, de 21 a\u00f1os, dejar\u00e1\u00a0Atl\u00e9tico Nacional\u00a0para unirse al\u00a0Hellas Verona\u00a0en la\u00a0Serie A de Italia\u00a0por 3,5 millones de d\u00f3lares. Cabal tiene todo acordado con el club italiano; el conjunto antioque\u00f1o, con necesidad de hacer caja en sus finanzas, acept\u00f3 la oferta por el 80 % de los derechos deportivos del zaguero [&hellip;]<\/p>\n","protected":false},"author":5,"featured_media":83942,"comment_status":"open","ping_status":"closed","sticky":false,"template":"","format":"standard","meta":{"_acf_changed":false,"footnotes":""},"categories":[7],"tags":[2413,2412,147],"class_list":{"0":"post-83941","1":"post","2":"type-post","3":"status-publish","4":"format-standard","5":"has-post-thumbnail","7":"category-liga-betplay","8":"tag-hellas-verona","9":"tag-juan-david-cabal","10":"tag-nacional"},"acf":[],"_links":{"self":[{"href":"https:\/\/futbolhoy.co\/index.php\/wp-json\/wp\/v2\/posts\/83941","targetHints":{"allow":["GET"]}}],"collection":[{"href":"https:\/\/futbolhoy.co\/index.php\/wp-json\/wp\/v2\/posts"}],"about":[{"href":"https:\/\/futbolhoy.co\/index.php\/wp-json\/wp\/v2\/types\/post"}],"author":[{"embeddable":true,"href":"https:\/\/futbolhoy.co\/index.php\/wp-json\/wp\/v2\/users\/5"}],"replies":[{"embeddable":true,"href":"https:\/\/futbolhoy.co\/index.php\/wp-json\/wp\/v2\/comments?post=83941"}],"version-history":[{"count":2,"href":"https:\/\/futbolhoy.co\/index.php\/wp-json\/wp\/v2\/posts\/83941\/revisions"}],"predecessor-version":[{"id":83944,"href":"https:\/\/futbolhoy.co\/index.php\/wp-json\/wp\/v2\/posts\/83941\/revisions\/83944"}],"wp:featuredmedia":[{"embeddable":true,"href":"https:\/\/futbolhoy.co\/index.php\/wp-json\/wp\/v2\/media\/83942"}],"wp:attachment":[{"href":"https:\/\/futbolhoy.co\/index.php\/wp-json\/wp\/v2\/media?parent=83941"}],"wp:term":[{"taxonomy":"category","embeddable":true,"href":"https:\/\/futbolhoy.co\/index.php\/wp-json\/wp\/v2\/categories?post=83941"},{"taxonomy":"post_tag","embeddable":true,"href":"https:\/\/futbolhoy.co\/index.php\/wp-json\/wp\/v2\/tags?post=83941"}],"curies":[{"name":"wp","href":"https:\/\/api.w.org\/{rel}","templated":true}]}}