{"id":83945,"date":"2022-08-16T11:50:35","date_gmt":"2022-08-16T16:50:35","guid":{"rendered":"https:\/\/futbolhoy.co\/?p=83945"},"modified":"2022-08-17T09:45:16","modified_gmt":"2022-08-17T14:45:16","slug":"brasil-argentina-no-se-jugara","status":"publish","type":"post","link":"https:\/\/futbolhoy.co\/index.php\/2022\/08\/16\/brasil-argentina-no-se-jugara\/","title":{"rendered":"Brasil-Argentina no se jugar\u00e1"},"content":{"rendered":"<p class=\"x_ydpbac8b479MsoNormal\" style=\"text-align: justify;\"><span lang=\"ES-MX\" style=\"font-family: helvetica, arial, sans-serif;\">El partido entre\u00a0<b>Brasil y Argentina<\/b>, pendiente por las eliminatorias sudamericanas al\u00a0<b>Mundial de Qatar 2022<\/b>, no se disputar\u00e1 en septiembre como se hab\u00eda establecido.<\/span><\/p>\n<p class=\"x_ydpbac8b479MsoNormal\" style=\"text-align: justify;\"><span lang=\"ES-MX\" style=\"font-family: helvetica, arial, sans-serif;\">Seg\u00fan las determinaciones adoptadas, la\u00a0<b>Asociaci\u00f3n del F\u00fatbol Argentino (AFA) y la Confederaci\u00f3n Brasile\u00f1a de F\u00fatbol (CBF)<\/b>\u00a0aceptaron sus respectivas responsabilidades por los hechos que dieron lugar a la suspensi\u00f3n del partido y asumieron la sanci\u00f3n correspondiente.<\/span><\/p>\n<p class=\"x_ydpbac8b479MsoNormal\" style=\"text-align: justify;\"><span lang=\"ES-MX\" style=\"font-family: helvetica, arial, sans-serif;\">La\u00a0<b>FIFA<\/b>\u00a0orden\u00f3 a la AFA pagar una multa total de 160.000 d\u00f3lares, la mitad de la cual se suspendi\u00f3 por un per\u00edodo de prueba de dos a\u00f1os.<\/span><\/p>\n<p class=\"x_ydpbac8b479MsoNormal\" style=\"text-align: justify;\"><span lang=\"ES-MX\" style=\"font-family: helvetica, arial, sans-serif;\">La mitad de la multa a pagar (25 % de la multa total) ser\u00e1 donada directamente por AFA a la\u00a0<b>Organizaci\u00f3n Mundial de la Salud (OMS)<\/b>, en apoyo a sus esfuerzos continuos para combatir el\u00a0<b>Covid-19<\/b>.<\/span><\/p>\n","protected":false},"excerpt":{"rendered":"<p>El partido entre\u00a0Brasil y Argentina, pendiente por las eliminatorias sudamericanas al\u00a0Mundial de Qatar 2022, no se disputar\u00e1 en septiembre como se hab\u00eda establecido. Seg\u00fan las determinaciones adoptadas, la\u00a0Asociaci\u00f3n del F\u00fatbol Argentino (AFA) y la Confederaci\u00f3n Brasile\u00f1a de F\u00fatbol (CBF)\u00a0aceptaron sus respectivas responsabilidades por los hechos que dieron lugar a la suspensi\u00f3n del partido y asumieron [&hellip;]<\/p>\n","protected":false},"author":5,"featured_media":83946,"comment_status":"open","ping_status":"closed","sticky":false,"template":"","format":"standard","meta":{"_acf_changed":false,"footnotes":""},"categories":[152],"tags":[],"class_list":{"0":"post-83945","1":"post","2":"type-post","3":"status-publish","4":"format-standard","5":"has-post-thumbnail","7":"category-mundo-futbol"},"acf":[],"_links":{"self":[{"href":"https:\/\/futbolhoy.co\/index.php\/wp-json\/wp\/v2\/posts\/83945","targetHints":{"allow":["GET"]}}],"collection":[{"href":"https:\/\/futbolhoy.co\/index.php\/wp-json\/wp\/v2\/posts"}],"about":[{"href":"https:\/\/futbolhoy.co\/index.php\/wp-json\/wp\/v2\/types\/post"}],"author":[{"embeddable":true,"href":"https:\/\/futbolhoy.co\/index.php\/wp-json\/wp\/v2\/users\/5"}],"replies":[{"embeddable":true,"href":"https:\/\/futbolhoy.co\/index.php\/wp-json\/wp\/v2\/comments?post=83945"}],"version-history":[{"count":1,"href":"https:\/\/futbolhoy.co\/index.php\/wp-json\/wp\/v2\/posts\/83945\/revisions"}],"predecessor-version":[{"id":83947,"href":"https:\/\/futbolhoy.co\/index.php\/wp-json\/wp\/v2\/posts\/83945\/revisions\/83947"}],"wp:featuredmedia":[{"embeddable":true,"href":"https:\/\/futbolhoy.co\/index.php\/wp-json\/wp\/v2\/media\/83946"}],"wp:attachment":[{"href":"https:\/\/futbolhoy.co\/index.php\/wp-json\/wp\/v2\/media?parent=83945"}],"wp:term":[{"taxonomy":"category","embeddable":true,"href":"https:\/\/futbolhoy.co\/index.php\/wp-json\/wp\/v2\/categories?post=83945"},{"taxonomy":"post_tag","embeddable":true,"href":"https:\/\/futbolhoy.co\/index.php\/wp-json\/wp\/v2\/tags?post=83945"}],"curies":[{"name":"wp","href":"https:\/\/api.w.org\/{rel}","templated":true}]}}