{"id":83948,"date":"2022-08-16T16:09:09","date_gmt":"2022-08-16T21:09:09","guid":{"rendered":"https:\/\/futbolhoy.co\/?p=83948"},"modified":"2022-08-17T16:40:49","modified_gmt":"2022-08-17T21:40:49","slug":"cali-perderia-su-reconocimiento-deportivo","status":"publish","type":"post","link":"https:\/\/futbolhoy.co\/index.php\/2022\/08\/16\/cali-perderia-su-reconocimiento-deportivo\/","title":{"rendered":"Cali perder\u00eda su reconocimiento deportivo"},"content":{"rendered":"<p style=\"text-align: justify;\"><span style=\"font-family: helvetica, arial, sans-serif;\"><strong>Deportivo Cali<\/strong> no pasa por su mejor momento y ahora se suma la amenaza de perder el reconocimiento deportivo ante el <strong>Ministerio del Deporte.<\/strong><\/span><\/p>\n<p style=\"text-align: justify;\"><span style=\"font-family: helvetica, arial, sans-serif;\"><strong>La Asociaci\u00f3n Colombiana de Futbolistas Profesionales,<\/strong> a trav\u00e9s de sus redes sociales, anunci\u00f3 que hizo una solicitud formal ante el Ministerio para que al equipo \u2018azucarero\u2019 le sea retirado su reconocimiento deportivo por el incumplimiento en el pago de salarios a jugadores.<\/span><\/p>\n<p style=\"text-align: justify;\"><span style=\"font-family: helvetica, arial, sans-serif;\">\u201cCali adeuda al plantel profesional las obligaciones laborales correspondientes a los salarios de los meses de junio y julio de 2022. Acolfutpro solicita al Ministerio del Deporte la suspensi\u00f3n del reconocimiento deportivo del Deportivo Cali por incumplimiento en el pago de las obligaciones laborales con su plantel de futbolistas profesionales, con mora superior a 60 d\u00edas\u201d, dice el comunicado.<\/span><\/p>\n<p style=\"text-align: justify;\"><span style=\"font-family: helvetica, arial, sans-serif;\">Deportivo Cali est\u00e1 en crisis, no solamente en la parte futbol\u00edstica, sino tambi\u00e9n en lo econ\u00f3mico. El equipo vallecaucano tendr\u00eda deudas cercanas a los 90 mil millones de pesos. A su vez, el mismo presidente del equipo, <strong>Luis Fernando Mena,<\/strong> confirm\u00f3 que los premios por el campeonato que consiguieron en diciembre de 2021 no han sido completamente pagados.<\/span><\/p>\n","protected":false},"excerpt":{"rendered":"<p>Deportivo Cali no pasa por su mejor momento y ahora se suma la amenaza de perder el reconocimiento deportivo ante el Ministerio del Deporte. La Asociaci\u00f3n Colombiana de Futbolistas Profesionales, a trav\u00e9s de sus redes sociales, anunci\u00f3 que hizo una solicitud formal ante el Ministerio para que al equipo \u2018azucarero\u2019 le sea retirado su reconocimiento [&hellip;]<\/p>\n","protected":false},"author":5,"featured_media":83949,"comment_status":"open","ping_status":"closed","sticky":false,"template":"","format":"standard","meta":{"_acf_changed":false,"footnotes":""},"categories":[7],"tags":[],"class_list":{"0":"post-83948","1":"post","2":"type-post","3":"status-publish","4":"format-standard","5":"has-post-thumbnail","7":"category-liga-betplay"},"acf":[],"_links":{"self":[{"href":"https:\/\/futbolhoy.co\/index.php\/wp-json\/wp\/v2\/posts\/83948","targetHints":{"allow":["GET"]}}],"collection":[{"href":"https:\/\/futbolhoy.co\/index.php\/wp-json\/wp\/v2\/posts"}],"about":[{"href":"https:\/\/futbolhoy.co\/index.php\/wp-json\/wp\/v2\/types\/post"}],"author":[{"embeddable":true,"href":"https:\/\/futbolhoy.co\/index.php\/wp-json\/wp\/v2\/users\/5"}],"replies":[{"embeddable":true,"href":"https:\/\/futbolhoy.co\/index.php\/wp-json\/wp\/v2\/comments?post=83948"}],"version-history":[{"count":1,"href":"https:\/\/futbolhoy.co\/index.php\/wp-json\/wp\/v2\/posts\/83948\/revisions"}],"predecessor-version":[{"id":83950,"href":"https:\/\/futbolhoy.co\/index.php\/wp-json\/wp\/v2\/posts\/83948\/revisions\/83950"}],"wp:featuredmedia":[{"embeddable":true,"href":"https:\/\/futbolhoy.co\/index.php\/wp-json\/wp\/v2\/media\/83949"}],"wp:attachment":[{"href":"https:\/\/futbolhoy.co\/index.php\/wp-json\/wp\/v2\/media?parent=83948"}],"wp:term":[{"taxonomy":"category","embeddable":true,"href":"https:\/\/futbolhoy.co\/index.php\/wp-json\/wp\/v2\/categories?post=83948"},{"taxonomy":"post_tag","embeddable":true,"href":"https:\/\/futbolhoy.co\/index.php\/wp-json\/wp\/v2\/tags?post=83948"}],"curies":[{"name":"wp","href":"https:\/\/api.w.org\/{rel}","templated":true}]}}