{"id":84002,"date":"2022-08-18T16:00:23","date_gmt":"2022-08-18T21:00:23","guid":{"rendered":"https:\/\/futbolhoy.co\/?p=84002"},"modified":"2022-08-19T08:24:51","modified_gmt":"2022-08-19T13:24:51","slug":"gordillo-cerca-del-junior","status":"publish","type":"post","link":"https:\/\/futbolhoy.co\/index.php\/2022\/08\/18\/gordillo-cerca-del-junior\/","title":{"rendered":"Gordillo, cerca del Junior"},"content":{"rendered":"<p dir=\"ltr\" style=\"text-align: justify;\"><span style=\"font-family: helvetica, arial, sans-serif;\"><strong>Yeison Gordillo<\/strong> est\u00e1 entre amores y odios en el f\u00fatbol colombiano. Cuando estaba a punto de firmar con <strong>Santa Fe<\/strong> y tener su regreso al equipo donde qued\u00f3 campe\u00f3n de la <strong>Copa Sudamericana,<\/strong> todo apunta a que ser\u00e1 nuevo fichaje del <strong>Junior de Barranquilla<\/strong>.<\/span><\/p>\n<p dir=\"ltr\" style=\"text-align: justify;\"><span style=\"font-family: helvetica, arial, sans-serif;\">En los \u00faltimos d\u00edas se conoci\u00f3 que Gordillo estaba a punto de volver a <strong>Bogot\u00e1<\/strong> y que solo hac\u00edan falta documentos pendientes con <strong>San Lorenzo<\/strong> para definir su situaci\u00f3n. Cuando los bogotanos esperaban al volante para la firma, ahora estar\u00eda a punto de reforzar al Junior, a falta de ex\u00e1menes m\u00e9dicos.<\/span><\/p>\n<p dir=\"ltr\" style=\"text-align: justify;\"><span style=\"font-family: helvetica, arial, sans-serif;\">Gordillo tuvo un gran paso por Santa Fe entre 2015 y 2018. El ex San Lorenzo levant\u00f3 cuatro trofeos con el equipo \u2018cardenal\u2019: Copa Sudamericana 2015, <strong>Copa Suruga Bank 2016, Liga 2016-II y Superliga 2017.<\/strong><\/span><\/p>\n<p dir=\"ltr\" style=\"text-align: justify;\"><span style=\"font-family: helvetica, arial, sans-serif;\">As\u00ed las cosas, Gordillo vestir\u00e1 en las pr\u00f3ximas horas la cuarta camiseta de un club colombiano en su carrera, en la que ya ha defendido los colores de <strong>Boyac\u00e1 Chic\u00f3, Santa Fe, Deportes Tolima y, ahora, Junior de Barranquilla.<\/strong><\/span><\/p>\n","protected":false},"excerpt":{"rendered":"<p>Yeison Gordillo est\u00e1 entre amores y odios en el f\u00fatbol colombiano. Cuando estaba a punto de firmar con Santa Fe y tener su regreso al equipo donde qued\u00f3 campe\u00f3n de la Copa Sudamericana, todo apunta a que ser\u00e1 nuevo fichaje del Junior de Barranquilla. En los \u00faltimos d\u00edas se conoci\u00f3 que Gordillo estaba a punto [&hellip;]<\/p>\n","protected":false},"author":5,"featured_media":84003,"comment_status":"open","ping_status":"closed","sticky":false,"template":"","format":"standard","meta":{"_acf_changed":false,"footnotes":""},"categories":[7],"tags":[],"class_list":{"0":"post-84002","1":"post","2":"type-post","3":"status-publish","4":"format-standard","5":"has-post-thumbnail","7":"category-liga-betplay"},"acf":[],"_links":{"self":[{"href":"https:\/\/futbolhoy.co\/index.php\/wp-json\/wp\/v2\/posts\/84002","targetHints":{"allow":["GET"]}}],"collection":[{"href":"https:\/\/futbolhoy.co\/index.php\/wp-json\/wp\/v2\/posts"}],"about":[{"href":"https:\/\/futbolhoy.co\/index.php\/wp-json\/wp\/v2\/types\/post"}],"author":[{"embeddable":true,"href":"https:\/\/futbolhoy.co\/index.php\/wp-json\/wp\/v2\/users\/5"}],"replies":[{"embeddable":true,"href":"https:\/\/futbolhoy.co\/index.php\/wp-json\/wp\/v2\/comments?post=84002"}],"version-history":[{"count":1,"href":"https:\/\/futbolhoy.co\/index.php\/wp-json\/wp\/v2\/posts\/84002\/revisions"}],"predecessor-version":[{"id":84004,"href":"https:\/\/futbolhoy.co\/index.php\/wp-json\/wp\/v2\/posts\/84002\/revisions\/84004"}],"wp:featuredmedia":[{"embeddable":true,"href":"https:\/\/futbolhoy.co\/index.php\/wp-json\/wp\/v2\/media\/84003"}],"wp:attachment":[{"href":"https:\/\/futbolhoy.co\/index.php\/wp-json\/wp\/v2\/media?parent=84002"}],"wp:term":[{"taxonomy":"category","embeddable":true,"href":"https:\/\/futbolhoy.co\/index.php\/wp-json\/wp\/v2\/categories?post=84002"},{"taxonomy":"post_tag","embeddable":true,"href":"https:\/\/futbolhoy.co\/index.php\/wp-json\/wp\/v2\/tags?post=84002"}],"curies":[{"name":"wp","href":"https:\/\/api.w.org\/{rel}","templated":true}]}}