{"id":84054,"date":"2022-08-19T16:50:04","date_gmt":"2022-08-19T21:50:04","guid":{"rendered":"https:\/\/futbolhoy.co\/?p=84054"},"modified":"2022-08-20T09:34:11","modified_gmt":"2022-08-20T14:34:11","slug":"gustavo-costas-llego-a-bolivia","status":"publish","type":"post","link":"https:\/\/futbolhoy.co\/index.php\/2022\/08\/19\/gustavo-costas-llego-a-bolivia\/","title":{"rendered":"Gustavo Costas lleg\u00f3 a Bolivia"},"content":{"rendered":"<p dir=\"ltr\" style=\"text-align: justify;\"><span style=\"font-family: helvetica, arial, sans-serif;\">El argentino <strong>Gustavo Costas<\/strong> ya firm\u00f3 su contrato con la<strong> Selecci\u00f3n de Bolivia<\/strong> y comenzar\u00e1 su camino al frente de su primer equipo nacional a partir de noviembre, cuando termine su paso por Palestino de Chile.<\/span><\/p>\n<p dir=\"ltr\" style=\"text-align: justify;\"><span style=\"font-family: helvetica, arial, sans-serif;\"><strong>Costas,<\/strong> ext\u00e9cnico campe\u00f3n en Independiente <strong>Santa<\/strong> <strong>Fe<\/strong>, asume el cargo tras la salida de <strong>C\u00e9sar<\/strong> <strong>Farias<\/strong> de la Selecci\u00f3n de <strong>Bolivia,<\/strong> que no consigui\u00f3 la clasificaci\u00f3n al<strong> Mundial de Qatar 2022.<\/strong><\/span><\/p>\n<p dir=\"ltr\" style=\"text-align: justify;\"><span style=\"font-family: helvetica, arial, sans-serif;\">\u201cNo les voy a decir que vamos a ir al Mundial, pero s\u00ed que vamos a hacer todo lo posible y estamos ilusionados por lograrlo\u201d, dijo <strong>Costas<\/strong> en su presentaci\u00f3n.<\/span><\/p>\n<p dir=\"ltr\" style=\"text-align: justify;\"><span style=\"font-family: helvetica, arial, sans-serif;\">El argentino espera que la <strong>Selecci\u00f3n<\/strong> de <strong>Bolivia<\/strong> clasifique a la pr\u00f3xima <strong>Copa del Mundo<\/strong>, lo que ser\u00eda una gran gesta pues dejar\u00eda atr\u00e1s 32 a\u00f1os sin un Mundial para los bolivianos.<\/span><\/p>\n","protected":false},"excerpt":{"rendered":"<p>El argentino Gustavo Costas ya firm\u00f3 su contrato con la Selecci\u00f3n de Bolivia y comenzar\u00e1 su camino al frente de su primer equipo nacional a partir de noviembre, cuando termine su paso por Palestino de Chile. Costas, ext\u00e9cnico campe\u00f3n en Independiente Santa Fe, asume el cargo tras la salida de C\u00e9sar Farias de la Selecci\u00f3n [&hellip;]<\/p>\n","protected":false},"author":5,"featured_media":84055,"comment_status":"open","ping_status":"closed","sticky":false,"template":"","format":"standard","meta":{"_acf_changed":false,"footnotes":""},"categories":[152],"tags":[],"class_list":{"0":"post-84054","1":"post","2":"type-post","3":"status-publish","4":"format-standard","5":"has-post-thumbnail","7":"category-mundo-futbol"},"acf":[],"_links":{"self":[{"href":"https:\/\/futbolhoy.co\/index.php\/wp-json\/wp\/v2\/posts\/84054","targetHints":{"allow":["GET"]}}],"collection":[{"href":"https:\/\/futbolhoy.co\/index.php\/wp-json\/wp\/v2\/posts"}],"about":[{"href":"https:\/\/futbolhoy.co\/index.php\/wp-json\/wp\/v2\/types\/post"}],"author":[{"embeddable":true,"href":"https:\/\/futbolhoy.co\/index.php\/wp-json\/wp\/v2\/users\/5"}],"replies":[{"embeddable":true,"href":"https:\/\/futbolhoy.co\/index.php\/wp-json\/wp\/v2\/comments?post=84054"}],"version-history":[{"count":1,"href":"https:\/\/futbolhoy.co\/index.php\/wp-json\/wp\/v2\/posts\/84054\/revisions"}],"predecessor-version":[{"id":84056,"href":"https:\/\/futbolhoy.co\/index.php\/wp-json\/wp\/v2\/posts\/84054\/revisions\/84056"}],"wp:featuredmedia":[{"embeddable":true,"href":"https:\/\/futbolhoy.co\/index.php\/wp-json\/wp\/v2\/media\/84055"}],"wp:attachment":[{"href":"https:\/\/futbolhoy.co\/index.php\/wp-json\/wp\/v2\/media?parent=84054"}],"wp:term":[{"taxonomy":"category","embeddable":true,"href":"https:\/\/futbolhoy.co\/index.php\/wp-json\/wp\/v2\/categories?post=84054"},{"taxonomy":"post_tag","embeddable":true,"href":"https:\/\/futbolhoy.co\/index.php\/wp-json\/wp\/v2\/tags?post=84054"}],"curies":[{"name":"wp","href":"https:\/\/api.w.org\/{rel}","templated":true}]}}