{"id":84206,"date":"2022-08-24T09:37:19","date_gmt":"2022-08-24T14:37:19","guid":{"rendered":"https:\/\/futbolhoy.co\/?p=84206"},"modified":"2022-08-25T09:54:31","modified_gmt":"2022-08-25T14:54:31","slug":"isak-al-newcastle-en-cifra-record","status":"publish","type":"post","link":"https:\/\/futbolhoy.co\/index.php\/2022\/08\/24\/isak-al-newcastle-en-cifra-record\/","title":{"rendered":"Isak al Newcastle en cifra r\u00e9cord"},"content":{"rendered":"<p class=\"ydpb4d319dcMsoNormal\" style=\"text-align: justify;\"><span style=\"font-family: helvetica, arial, sans-serif;\"><b><span lang=\"ES-MX\">La Real Sociedad de San Sebasti\u00e1n<\/span><\/b><span lang=\"ES-MX\"> lleg\u00f3 a un acuerdo con el <b>Newcastle<\/b> de la <b>Liga Premier<\/b> para traspasar al delantero <b>\u00c1leksander Isak<\/b> en 70 millones de euros y 5 m\u00e1s en variables.<\/span><\/span><\/p>\n<p class=\"ydpb4d319dcMsoNormal\" style=\"text-align: justify;\"><span lang=\"ES-MX\" style=\"font-family: helvetica, arial, sans-serif;\">El traspaso se convierte en el m\u00e1s elevado en la historia del club espa\u00f1ol, al cual hab\u00eda legado Isak (22) hace tres temporadas, en las cuales ha marcado 44 goles en todas las competiciones.<\/span><\/p>\n<p class=\"ydpb4d319dcMsoNormal\" style=\"text-align: justify;\"><span lang=\"ES-MX\" style=\"font-family: helvetica, arial, sans-serif;\">La negociaci\u00f3n sorprende por los problemas en ataque que tiene en este momento el club donostiarra con las bajas de <b>Mikel Oyarzabal y Carlos Fern\u00e1ndez.<\/b><\/span><\/p>\n<p class=\"ydpb4d319dcMsoNormal\" style=\"text-align: justify;\"><span lang=\"ES-MX\" style=\"font-family: helvetica, arial, sans-serif;\">Isak ya no har\u00e1 parte de la Real Sociedad en la tercera fecha de <b>LaLiga<\/b>, cuando enfrente al <b>Elche de Helibelton Palacios y Johan Mojica<\/b>.<\/span><\/p>\n","protected":false},"excerpt":{"rendered":"<p>La Real Sociedad de San Sebasti\u00e1n lleg\u00f3 a un acuerdo con el Newcastle de la Liga Premier para traspasar al delantero \u00c1leksander Isak en 70 millones de euros y 5 m\u00e1s en variables. El traspaso se convierte en el m\u00e1s elevado en la historia del club espa\u00f1ol, al cual hab\u00eda legado Isak (22) hace tres [&hellip;]<\/p>\n","protected":false},"author":5,"featured_media":84209,"comment_status":"open","ping_status":"closed","sticky":false,"template":"","format":"standard","meta":{"_acf_changed":false,"footnotes":""},"categories":[152],"tags":[],"class_list":{"0":"post-84206","1":"post","2":"type-post","3":"status-publish","4":"format-standard","5":"has-post-thumbnail","7":"category-mundo-futbol"},"acf":[],"_links":{"self":[{"href":"https:\/\/futbolhoy.co\/index.php\/wp-json\/wp\/v2\/posts\/84206","targetHints":{"allow":["GET"]}}],"collection":[{"href":"https:\/\/futbolhoy.co\/index.php\/wp-json\/wp\/v2\/posts"}],"about":[{"href":"https:\/\/futbolhoy.co\/index.php\/wp-json\/wp\/v2\/types\/post"}],"author":[{"embeddable":true,"href":"https:\/\/futbolhoy.co\/index.php\/wp-json\/wp\/v2\/users\/5"}],"replies":[{"embeddable":true,"href":"https:\/\/futbolhoy.co\/index.php\/wp-json\/wp\/v2\/comments?post=84206"}],"version-history":[{"count":1,"href":"https:\/\/futbolhoy.co\/index.php\/wp-json\/wp\/v2\/posts\/84206\/revisions"}],"predecessor-version":[{"id":84210,"href":"https:\/\/futbolhoy.co\/index.php\/wp-json\/wp\/v2\/posts\/84206\/revisions\/84210"}],"wp:featuredmedia":[{"embeddable":true,"href":"https:\/\/futbolhoy.co\/index.php\/wp-json\/wp\/v2\/media\/84209"}],"wp:attachment":[{"href":"https:\/\/futbolhoy.co\/index.php\/wp-json\/wp\/v2\/media?parent=84206"}],"wp:term":[{"taxonomy":"category","embeddable":true,"href":"https:\/\/futbolhoy.co\/index.php\/wp-json\/wp\/v2\/categories?post=84206"},{"taxonomy":"post_tag","embeddable":true,"href":"https:\/\/futbolhoy.co\/index.php\/wp-json\/wp\/v2\/tags?post=84206"}],"curies":[{"name":"wp","href":"https:\/\/api.w.org\/{rel}","templated":true}]}}