{"id":84228,"date":"2022-08-25T08:02:23","date_gmt":"2022-08-25T13:02:23","guid":{"rendered":"https:\/\/futbolhoy.co\/?p=84228"},"modified":"2022-08-25T17:10:19","modified_gmt":"2022-08-25T22:10:19","slug":"arias-sigue-enchufado","status":"publish","type":"post","link":"https:\/\/futbolhoy.co\/index.php\/2022\/08\/25\/arias-sigue-enchufado\/","title":{"rendered":"Arias sigue enchufado"},"content":{"rendered":"<p class=\"x_ydp92d793c9MsoNormal\" style=\"text-align: justify;\"><span lang=\"ES-MX\" style=\"font-family: helvetica, arial, sans-serif;\">El extremo colombiano\u00a0<b>Jhon Arias<\/b>\u00a0marc\u00f3 de gran manera el segundo gol de\u00a0<b>Fluminense<\/b>\u00a0en el empate 2-2 con\u00a0<b>Corinthians<\/b>\u00a0en la ida por las semifinales de la\u00a0<b>Copa Brasil<\/b>.<\/span><\/p>\n<p class=\"x_ydp92d793c9MsoNormal\" style=\"text-align: justify;\"><span lang=\"ES-MX\" style=\"font-family: helvetica, arial, sans-serif;\">Arias caz\u00f3 un rebote dentro del \u00e1rea y ubic\u00f3 el bal\u00f3n en la parte superior derecha del arco, dejando sin opciones a defensas y al portero\u00a0<b>Cassio<\/b>\u00a0a los 46 minutos.<\/span><\/p>\n<p class=\"x_ydp92d793c9MsoNormal\" style=\"text-align: justify;\"><span lang=\"ES-MX\" style=\"font-family: helvetica, arial, sans-serif;\">El jugador nacional, de 24 a\u00f1os, sum\u00f3 su segundo gol en este campeonato ya que en el <b>Brasileirao<\/b>\u00a0registra cinco tantos en la temporada.<\/span><\/p>\n<p class=\"x_ydp92d793c9MsoNormal\" style=\"text-align: justify;\"><span lang=\"ES-MX\" style=\"font-family: helvetica, arial, sans-serif;\">Arias seguramente ser\u00e1 tenido en cuenta por el nuevo t\u00e9cnico de\u00a0<b>la selecci\u00f3n Colombia, N\u00e9stor Lorenzo,<\/b>\u00a0para la gira de amistosos por\u00a0<b>Estados Unidos<\/b>, donde enfrentar\u00e1 a\u00a0<b>Guatemala y M\u00e9xico<\/b>\u00a0en septiembre.<\/span><\/p>\n<p class=\"x_ydp92d793c9MsoNormal\" style=\"text-align: justify;\"><span lang=\"ES-MX\" style=\"font-family: helvetica, arial, sans-serif;\">El otro gol de\u00a0<b>Flu<\/b>\u00a0fue obra del veterano\u00a0<b>Ganso<\/b>\u00a0de penalti (4\u2019); mientras que por el\u00a0<b>Timao<\/b>\u00a0igualaron\u00a0<b>Renato Augusto<\/b>\u00a0(23\u2019)\u00a0<b>y Roger Guedes<\/b>\u00a0(90\u2019).<\/span><\/p>\n<p class=\"x_ydp92d793c9MsoNormal\" style=\"text-align: justify;\"><span lang=\"ES-MX\" style=\"font-family: helvetica, arial, sans-serif;\">En la otra serie\u00a0<b>Flamengo<\/b>\u00a0tom\u00f3 ventaja, al imponerse 1-3 en campo del\u00a0<b>Sao Paulo<\/b>, con goles de\u00a0<b>Joao Gomes (12\u2019), Gabigol (67\u2019) y Everton (90\u2019+3\u2019)<\/b>. El descuento paulista lo alcanz\u00f3\u00a0<b>Rodrigo Nestor (79\u2019).<\/b><\/span><\/p>\n<p class=\"x_ydp92d793c9MsoNormal\" style=\"text-align: justify;\"><span lang=\"ES-MX\" style=\"font-family: helvetica, arial, sans-serif;\">Los juegos de vuelta ser\u00e1n 14 y 15 de septiembre.<\/span><\/p>\n","protected":false},"excerpt":{"rendered":"<p>El extremo colombiano\u00a0Jhon Arias\u00a0marc\u00f3 de gran manera el segundo gol de\u00a0Fluminense\u00a0en el empate 2-2 con\u00a0Corinthians\u00a0en la ida por las semifinales de la\u00a0Copa Brasil. Arias caz\u00f3 un rebote dentro del \u00e1rea y ubic\u00f3 el bal\u00f3n en la parte superior derecha del arco, dejando sin opciones a defensas y al portero\u00a0Cassio\u00a0a los 46 minutos. El jugador nacional, [&hellip;]<\/p>\n","protected":false},"author":5,"featured_media":84229,"comment_status":"open","ping_status":"closed","sticky":false,"template":"","format":"standard","meta":{"_acf_changed":false,"footnotes":""},"categories":[152],"tags":[],"class_list":{"0":"post-84228","1":"post","2":"type-post","3":"status-publish","4":"format-standard","5":"has-post-thumbnail","7":"category-mundo-futbol"},"acf":[],"_links":{"self":[{"href":"https:\/\/futbolhoy.co\/index.php\/wp-json\/wp\/v2\/posts\/84228","targetHints":{"allow":["GET"]}}],"collection":[{"href":"https:\/\/futbolhoy.co\/index.php\/wp-json\/wp\/v2\/posts"}],"about":[{"href":"https:\/\/futbolhoy.co\/index.php\/wp-json\/wp\/v2\/types\/post"}],"author":[{"embeddable":true,"href":"https:\/\/futbolhoy.co\/index.php\/wp-json\/wp\/v2\/users\/5"}],"replies":[{"embeddable":true,"href":"https:\/\/futbolhoy.co\/index.php\/wp-json\/wp\/v2\/comments?post=84228"}],"version-history":[{"count":2,"href":"https:\/\/futbolhoy.co\/index.php\/wp-json\/wp\/v2\/posts\/84228\/revisions"}],"predecessor-version":[{"id":84231,"href":"https:\/\/futbolhoy.co\/index.php\/wp-json\/wp\/v2\/posts\/84228\/revisions\/84231"}],"wp:featuredmedia":[{"embeddable":true,"href":"https:\/\/futbolhoy.co\/index.php\/wp-json\/wp\/v2\/media\/84229"}],"wp:attachment":[{"href":"https:\/\/futbolhoy.co\/index.php\/wp-json\/wp\/v2\/media?parent=84228"}],"wp:term":[{"taxonomy":"category","embeddable":true,"href":"https:\/\/futbolhoy.co\/index.php\/wp-json\/wp\/v2\/categories?post=84228"},{"taxonomy":"post_tag","embeddable":true,"href":"https:\/\/futbolhoy.co\/index.php\/wp-json\/wp\/v2\/tags?post=84228"}],"curies":[{"name":"wp","href":"https:\/\/api.w.org\/{rel}","templated":true}]}}