{"id":84249,"date":"2022-08-25T17:59:31","date_gmt":"2022-08-25T22:59:31","guid":{"rendered":"https:\/\/futbolhoy.co\/?p=84249"},"modified":"2022-08-26T12:51:14","modified_gmt":"2022-08-26T17:51:14","slug":"luis-diaz-suena-con-un-mundial-con-colombia","status":"publish","type":"post","link":"https:\/\/futbolhoy.co\/index.php\/2022\/08\/25\/luis-diaz-suena-con-un-mundial-con-colombia\/","title":{"rendered":"Luis D\u00edaz sue\u00f1a con un Mundial con Colombia"},"content":{"rendered":"<p dir=\"ltr\" style=\"text-align: justify;\"><span style=\"font-family: helvetica, arial, sans-serif;\"><strong>Luis D\u00edaz<\/strong> habl\u00f3 claro sobre su ilusi\u00f3n de ir con la <strong>Selecci\u00f3n Colombia<\/strong> al <strong>Mundial de 2026<\/strong>, luego de perderse el de <strong>Qatar 2022<\/strong> en las Eliminatorias.<\/span><\/p>\n<p dir=\"ltr\" style=\"text-align: justify;\"><span style=\"font-family: helvetica, arial, sans-serif;\">\u201cMe veo clasificando al pr\u00f3ximo Mundial de la mano del cuerpo t\u00e9cnico que est\u00e1, de cada jugador que tenemos, porque sabemos que tenemos grandes jugadores, de gran calidad para estar en un Mundial\u201d, dijo el candidato al <strong>Bal\u00f3n de Oro 2022<\/strong>.<\/span><\/p>\n<p dir=\"ltr\" style=\"text-align: justify;\"><span style=\"font-family: helvetica, arial, sans-serif;\">En conversaci\u00f3n con ESPN, el colombiano del <strong>Liverpool<\/strong> destac\u00f3 que su r\u00e1pida adaptaci\u00f3n a la <strong>Premier League<\/strong> y el f\u00fatbol ingl\u00e9s se debe, principalmente, al sue\u00f1o cumplido que es jugar en un equipo de este nivel y un torneo tan competitivo.<\/span><\/p>\n<p dir=\"ltr\" style=\"text-align: justify;\"><span style=\"font-family: helvetica, arial, sans-serif;\">\u201cMe he dado cuenta de la manera en que he crecido, que me he fortalecido, he llegado a instancias como estas de estar en un club tan grande, tan ic\u00f3nico como es Liverpool. Para m\u00ed es estar orgulloso de m\u00ed mismo, de mirar para atr\u00e1s y decir que he logrado grandes cosas, que he logrado much\u00edsimo de lo que hab\u00eda pensado. Ha sido incre\u00edble, he vivido un sue\u00f1o como jugador, ojal\u00e1 pueda seguir as\u00ed con la misma concentraci\u00f3n y el mismo trabajo para seguir consiguiendo grandes cosas que es lo que quiero\u201d, dijo.<\/span><\/p>\n<p dir=\"ltr\" style=\"text-align: justify;\"><span style=\"font-family: helvetica, arial, sans-serif;\">A su vez, resalt\u00f3 que la confianza que el t\u00e9cnico <strong>Jurgen Klopp<\/strong> le ha dado ha sido fundamental: \u201cHa sido incre\u00edble conmigo. Desde el primer d\u00eda en que llegu\u00e9, me dio un abrazo, me acogi\u00f3 de una forma incre\u00edble. Fue importante para m\u00ed, sent\u00ed el respaldo de \u00e9l desde el primer d\u00eda, en los trabajos cada d\u00eda me doy cuenta que es un entrenador que tiene cosas buenas para cada uno de nosotros\u201d.<\/span><\/p>\n","protected":false},"excerpt":{"rendered":"<p>Luis D\u00edaz habl\u00f3 claro sobre su ilusi\u00f3n de ir con la Selecci\u00f3n Colombia al Mundial de 2026, luego de perderse el de Qatar 2022 en las Eliminatorias. \u201cMe veo clasificando al pr\u00f3ximo Mundial de la mano del cuerpo t\u00e9cnico que est\u00e1, de cada jugador que tenemos, porque sabemos que tenemos grandes jugadores, de gran calidad [&hellip;]<\/p>\n","protected":false},"author":5,"featured_media":84250,"comment_status":"open","ping_status":"closed","sticky":false,"template":"","format":"standard","meta":{"_acf_changed":false,"footnotes":""},"categories":[418],"tags":[],"class_list":{"0":"post-84249","1":"post","2":"type-post","3":"status-publish","4":"format-standard","5":"has-post-thumbnail","7":"category-colombia"},"acf":[],"_links":{"self":[{"href":"https:\/\/futbolhoy.co\/index.php\/wp-json\/wp\/v2\/posts\/84249","targetHints":{"allow":["GET"]}}],"collection":[{"href":"https:\/\/futbolhoy.co\/index.php\/wp-json\/wp\/v2\/posts"}],"about":[{"href":"https:\/\/futbolhoy.co\/index.php\/wp-json\/wp\/v2\/types\/post"}],"author":[{"embeddable":true,"href":"https:\/\/futbolhoy.co\/index.php\/wp-json\/wp\/v2\/users\/5"}],"replies":[{"embeddable":true,"href":"https:\/\/futbolhoy.co\/index.php\/wp-json\/wp\/v2\/comments?post=84249"}],"version-history":[{"count":1,"href":"https:\/\/futbolhoy.co\/index.php\/wp-json\/wp\/v2\/posts\/84249\/revisions"}],"predecessor-version":[{"id":84251,"href":"https:\/\/futbolhoy.co\/index.php\/wp-json\/wp\/v2\/posts\/84249\/revisions\/84251"}],"wp:featuredmedia":[{"embeddable":true,"href":"https:\/\/futbolhoy.co\/index.php\/wp-json\/wp\/v2\/media\/84250"}],"wp:attachment":[{"href":"https:\/\/futbolhoy.co\/index.php\/wp-json\/wp\/v2\/media?parent=84249"}],"wp:term":[{"taxonomy":"category","embeddable":true,"href":"https:\/\/futbolhoy.co\/index.php\/wp-json\/wp\/v2\/categories?post=84249"},{"taxonomy":"post_tag","embeddable":true,"href":"https:\/\/futbolhoy.co\/index.php\/wp-json\/wp\/v2\/tags?post=84249"}],"curies":[{"name":"wp","href":"https:\/\/api.w.org\/{rel}","templated":true}]}}