{"id":84325,"date":"2022-08-27T19:30:14","date_gmt":"2022-08-28T00:30:14","guid":{"rendered":"https:\/\/futbolhoy.co\/?p=84325"},"modified":"2022-08-28T09:25:48","modified_gmt":"2022-08-28T14:25:48","slug":"alianza-y-pasto-no-se-sacaron-ventajas","status":"publish","type":"post","link":"https:\/\/futbolhoy.co\/index.php\/2022\/08\/27\/alianza-y-pasto-no-se-sacaron-ventajas\/","title":{"rendered":"Alianza y Pasto no se sacaron ventajas"},"content":{"rendered":"<p style=\"text-align: justify;\"><span style=\"font-family: helvetica, arial, sans-serif;\"><strong>Alianza Petrolera<\/strong> y <strong>Deportivo Pasto<\/strong> se repartieron los puntos este s\u00e1bado tras empatar 0-0 en la novena fecha de la<strong> Liga BetPlay.<\/strong><\/span><\/p>\n<p style=\"text-align: justify;\"><span style=\"font-family: helvetica, arial, sans-serif;\">El equipo de <strong>Barrancabermeja<\/strong> sufri\u00f3 la baja a \u00faltima hora de su portero <strong>Jos\u00e9 Luis Chunga<\/strong>, quien adem\u00e1s qued\u00f3 desconvocado del microciclo de la <strong>Selecci\u00f3n Colombia.<\/strong><\/span><\/p>\n<p style=\"text-align: justify;\"><span style=\"font-family: helvetica, arial, sans-serif;\">Con m\u00e1s faltas que llegadas en ambos arcos, Alianza y Pasto se mantienen dentro de los ocho mejores en lo que va de campeonato. Los nari\u00f1enses se ubican terceros en la tabla con 14 puntos mientras que el equipo petrolero es s\u00e9ptimo con 12 unidades.<\/span><\/p>\n<p style=\"text-align: justify;\"><span style=\"font-family: helvetica, arial, sans-serif;\">En la pr\u00f3xima fecha, Alianza visitar\u00e1 a <strong>Atl\u00e9tico Bucaramanga<\/strong> mientras que Deportivo Pasto se medir\u00e1 con <strong>Jaguares de C\u00f3rdoba.<\/strong><\/span><\/p>\n","protected":false},"excerpt":{"rendered":"<p>Alianza Petrolera y Deportivo Pasto se repartieron los puntos este s\u00e1bado tras empatar 0-0 en la novena fecha de la Liga BetPlay. El equipo de Barrancabermeja sufri\u00f3 la baja a \u00faltima hora de su portero Jos\u00e9 Luis Chunga, quien adem\u00e1s qued\u00f3 desconvocado del microciclo de la Selecci\u00f3n Colombia. Con m\u00e1s faltas que llegadas en ambos [&hellip;]<\/p>\n","protected":false},"author":5,"featured_media":84326,"comment_status":"open","ping_status":"open","sticky":false,"template":"","format":"standard","meta":{"_acf_changed":false,"footnotes":""},"categories":[7],"tags":[364,149],"class_list":{"0":"post-84325","1":"post","2":"type-post","3":"status-publish","4":"format-standard","5":"has-post-thumbnail","7":"category-liga-betplay","8":"tag-alianza-petrolera","9":"tag-pasto"},"acf":[],"yoast_head":"<!-- This site is optimized with the Yoast SEO plugin v26.8 - https:\/\/yoast.com\/product\/yoast-seo-wordpress\/ -->\n<title>Alianza y Pasto no se sacaron ventajas -<\/title>\n<meta name=\"robots\" content=\"index, follow, max-snippet:-1, max-image-preview:large, max-video-preview:-1\" \/>\n<link rel=\"canonical\" href=\"https:\/\/futbolhoy.co\/index.php\/2022\/08\/27\/alianza-y-pasto-no-se-sacaron-ventajas\/\" \/>\n<meta property=\"og:locale\" content=\"es_ES\" \/>\n<meta property=\"og:type\" content=\"article\" \/>\n<meta property=\"og:title\" content=\"Alianza y Pasto no se sacaron ventajas -\" \/>\n<meta property=\"og:description\" content=\"Alianza Petrolera y Deportivo Pasto se repartieron los puntos este s\u00e1bado tras empatar 0-0 en la novena fecha de la Liga BetPlay. El equipo de Barrancabermeja sufri\u00f3 la baja a \u00faltima hora de su portero Jos\u00e9 Luis Chunga, quien adem\u00e1s qued\u00f3 desconvocado del microciclo de la Selecci\u00f3n Colombia. Con m\u00e1s faltas que llegadas en ambos [&hellip;]\" \/>\n<meta property=\"og:url\" content=\"https:\/\/futbolhoy.co\/index.php\/2022\/08\/27\/alianza-y-pasto-no-se-sacaron-ventajas\/\" \/>\n<meta property=\"article:publisher\" content=\"https:\/\/www.facebook.com\/FutbolHoyCol\/\" \/>\n<meta property=\"article:published_time\" content=\"2022-08-28T00:30:14+00:00\" \/>\n<meta property=\"article:modified_time\" content=\"2022-08-28T14:25:48+00:00\" \/>\n<meta property=\"og:image\" content=\"https:\/\/futbolhoy.co\/wp-content\/uploads\/2022\/08\/xczrlZfk-1024x768.png\" \/>\n\t<meta property=\"og:image:width\" content=\"1024\" \/>\n\t<meta property=\"og:image:height\" content=\"768\" \/>\n\t<meta property=\"og:image:type\" content=\"image\/png\" \/>\n<meta name=\"author\" content=\"Laura Hern\u00e1ndez\" \/>\n<meta name=\"twitter:card\" content=\"summary_large_image\" \/>\n<meta name=\"twitter:creator\" content=\"@FutbolHoyCol\" \/>\n<meta name=\"twitter:site\" content=\"@FutbolHoyCol\" \/>\n<meta name=\"twitter:label1\" content=\"Escrito por\" \/>\n\t<meta name=\"twitter:data1\" content=\"Laura Hern\u00e1ndez\" \/>\n\t<meta name=\"twitter:label2\" content=\"Tiempo de lectura\" \/>\n\t<meta name=\"twitter:data2\" content=\"1 minuto\" \/>\n<script type=\"application\/ld+json\" class=\"yoast-schema-graph\">{\"@context\":\"https:\/\/schema.org\",\"@graph\":[{\"@type\":\"Article\",\"@id\":\"https:\/\/futbolhoy.co\/index.php\/2022\/08\/27\/alianza-y-pasto-no-se-sacaron-ventajas\/#article\",\"isPartOf\":{\"@id\":\"https:\/\/futbolhoy.co\/index.php\/2022\/08\/27\/alianza-y-pasto-no-se-sacaron-ventajas\/\"},\"author\":{\"name\":\"Laura Hern\u00e1ndez\",\"@id\":\"https:\/\/futbolhoy.co\/#\/schema\/person\/c4a353a512b127643723a34bb1812f7d\"},\"headline\":\"Alianza y Pasto no se sacaron ventajas\",\"datePublished\":\"2022-08-28T00:30:14+00:00\",\"dateModified\":\"2022-08-28T14:25:48+00:00\",\"mainEntityOfPage\":{\"@id\":\"https:\/\/futbolhoy.co\/index.php\/2022\/08\/27\/alianza-y-pasto-no-se-sacaron-ventajas\/\"},\"wordCount\":126,\"commentCount\":0,\"publisher\":{\"@id\":\"https:\/\/futbolhoy.co\/#organization\"},\"image\":{\"@id\":\"https:\/\/futbolhoy.co\/index.php\/2022\/08\/27\/alianza-y-pasto-no-se-sacaron-ventajas\/#primaryimage\"},\"thumbnailUrl\":\"https:\/\/futbolhoy.co\/wp-content\/uploads\/2022\/08\/xczrlZfk.png\",\"keywords\":[\"Alianza Petrolera\",\"Pasto\"],\"articleSection\":[\"Liga BetPlay\"],\"inLanguage\":\"es\",\"potentialAction\":[{\"@type\":\"CommentAction\",\"name\":\"Comment\",\"target\":[\"https:\/\/futbolhoy.co\/index.php\/2022\/08\/27\/alianza-y-pasto-no-se-sacaron-ventajas\/#respond\"]}]},{\"@type\":\"WebPage\",\"@id\":\"https:\/\/futbolhoy.co\/index.php\/2022\/08\/27\/alianza-y-pasto-no-se-sacaron-ventajas\/\",\"url\":\"https:\/\/futbolhoy.co\/index.php\/2022\/08\/27\/alianza-y-pasto-no-se-sacaron-ventajas\/\",\"name\":\"Alianza y Pasto no se sacaron ventajas -\",\"isPartOf\":{\"@id\":\"https:\/\/futbolhoy.co\/#website\"},\"primaryImageOfPage\":{\"@id\":\"https:\/\/futbolhoy.co\/index.php\/2022\/08\/27\/alianza-y-pasto-no-se-sacaron-ventajas\/#primaryimage\"},\"image\":{\"@id\":\"https:\/\/futbolhoy.co\/index.php\/2022\/08\/27\/alianza-y-pasto-no-se-sacaron-ventajas\/#primaryimage\"},\"thumbnailUrl\":\"https:\/\/futbolhoy.co\/wp-content\/uploads\/2022\/08\/xczrlZfk.png\",\"datePublished\":\"2022-08-28T00:30:14+00:00\",\"dateModified\":\"2022-08-28T14:25:48+00:00\",\"breadcrumb\":{\"@id\":\"https:\/\/futbolhoy.co\/index.php\/2022\/08\/27\/alianza-y-pasto-no-se-sacaron-ventajas\/#breadcrumb\"},\"inLanguage\":\"es\",\"potentialAction\":[{\"@type\":\"ReadAction\",\"target\":[\"https:\/\/futbolhoy.co\/index.php\/2022\/08\/27\/alianza-y-pasto-no-se-sacaron-ventajas\/\"]}]},{\"@type\":\"ImageObject\",\"inLanguage\":\"es\",\"@id\":\"https:\/\/futbolhoy.co\/index.php\/2022\/08\/27\/alianza-y-pasto-no-se-sacaron-ventajas\/#primaryimage\",\"url\":\"https:\/\/futbolhoy.co\/wp-content\/uploads\/2022\/08\/xczrlZfk.png\",\"contentUrl\":\"https:\/\/futbolhoy.co\/wp-content\/uploads\/2022\/08\/xczrlZfk.png\",\"width\":1250,\"height\":937},{\"@type\":\"BreadcrumbList\",\"@id\":\"https:\/\/futbolhoy.co\/index.php\/2022\/08\/27\/alianza-y-pasto-no-se-sacaron-ventajas\/#breadcrumb\",\"itemListElement\":[{\"@type\":\"ListItem\",\"position\":1,\"name\":\"Portada\",\"item\":\"https:\/\/futbolhoy.co\/\"},{\"@type\":\"ListItem\",\"position\":2,\"name\":\"Alianza y Pasto no se sacaron ventajas\"}]},{\"@type\":\"WebSite\",\"@id\":\"https:\/\/futbolhoy.co\/#website\",\"url\":\"https:\/\/futbolhoy.co\/\",\"name\":\"FutbolHoy\",\"description\":\"\",\"publisher\":{\"@id\":\"https:\/\/futbolhoy.co\/#organization\"},\"potentialAction\":[{\"@type\":\"SearchAction\",\"target\":{\"@type\":\"EntryPoint\",\"urlTemplate\":\"https:\/\/futbolhoy.co\/?s={search_term_string}\"},\"query-input\":{\"@type\":\"PropertyValueSpecification\",\"valueRequired\":true,\"valueName\":\"search_term_string\"}}],\"inLanguage\":\"es\"},{\"@type\":\"Organization\",\"@id\":\"https:\/\/futbolhoy.co\/#organization\",\"name\":\"Futbolhoy.co\",\"url\":\"https:\/\/futbolhoy.co\/\",\"logo\":{\"@type\":\"ImageObject\",\"inLanguage\":\"es\",\"@id\":\"https:\/\/futbolhoy.co\/#\/schema\/logo\/image\/\",\"url\":\"https:\/\/futbolhoy.co\/wp-content\/uploads\/2018\/08\/17426380_1906371736249227_6326180412931521141_n.jpg\",\"contentUrl\":\"https:\/\/futbolhoy.co\/wp-content\/uploads\/2018\/08\/17426380_1906371736249227_6326180412931521141_n.jpg\",\"width\":960,\"height\":960,\"caption\":\"Futbolhoy.co\"},\"image\":{\"@id\":\"https:\/\/futbolhoy.co\/#\/schema\/logo\/image\/\"},\"sameAs\":[\"https:\/\/www.facebook.com\/FutbolHoyCol\/\",\"https:\/\/x.com\/FutbolHoyCol\",\"https:\/\/www.instagram.com\/futbolhoycol\/\"]},{\"@type\":\"Person\",\"@id\":\"https:\/\/futbolhoy.co\/#\/schema\/person\/c4a353a512b127643723a34bb1812f7d\",\"name\":\"Laura Hern\u00e1ndez\",\"image\":{\"@type\":\"ImageObject\",\"inLanguage\":\"es\",\"@id\":\"https:\/\/futbolhoy.co\/#\/schema\/person\/image\/\",\"url\":\"https:\/\/secure.gravatar.com\/avatar\/d25959a15b9b293a743f99181c7cfd01?s=96&d=mm&r=g\",\"contentUrl\":\"https:\/\/secure.gravatar.com\/avatar\/d25959a15b9b293a743f99181c7cfd01?s=96&d=mm&r=g\",\"caption\":\"Laura Hern\u00e1ndez\"}}]}<\/script>\n<!-- \/ Yoast SEO plugin. -->","yoast_head_json":{"title":"Alianza y Pasto no se sacaron ventajas -","robots":{"index":"index","follow":"follow","max-snippet":"max-snippet:-1","max-image-preview":"max-image-preview:large","max-video-preview":"max-video-preview:-1"},"canonical":"https:\/\/futbolhoy.co\/index.php\/2022\/08\/27\/alianza-y-pasto-no-se-sacaron-ventajas\/","og_locale":"es_ES","og_type":"article","og_title":"Alianza y Pasto no se sacaron ventajas -","og_description":"Alianza Petrolera y Deportivo Pasto se repartieron los puntos este s\u00e1bado tras empatar 0-0 en la novena fecha de la Liga BetPlay. El equipo de Barrancabermeja sufri\u00f3 la baja a \u00faltima hora de su portero Jos\u00e9 Luis Chunga, quien adem\u00e1s qued\u00f3 desconvocado del microciclo de la Selecci\u00f3n Colombia. Con m\u00e1s faltas que llegadas en ambos [&hellip;]","og_url":"https:\/\/futbolhoy.co\/index.php\/2022\/08\/27\/alianza-y-pasto-no-se-sacaron-ventajas\/","article_publisher":"https:\/\/www.facebook.com\/FutbolHoyCol\/","article_published_time":"2022-08-28T00:30:14+00:00","article_modified_time":"2022-08-28T14:25:48+00:00","og_image":[{"width":1024,"height":768,"url":"https:\/\/futbolhoy.co\/wp-content\/uploads\/2022\/08\/xczrlZfk-1024x768.png","type":"image\/png"}],"author":"Laura Hern\u00e1ndez","twitter_card":"summary_large_image","twitter_creator":"@FutbolHoyCol","twitter_site":"@FutbolHoyCol","twitter_misc":{"Escrito por":"Laura Hern\u00e1ndez","Tiempo de lectura":"1 minuto"},"schema":{"@context":"https:\/\/schema.org","@graph":[{"@type":"Article","@id":"https:\/\/futbolhoy.co\/index.php\/2022\/08\/27\/alianza-y-pasto-no-se-sacaron-ventajas\/#article","isPartOf":{"@id":"https:\/\/futbolhoy.co\/index.php\/2022\/08\/27\/alianza-y-pasto-no-se-sacaron-ventajas\/"},"author":{"name":"Laura Hern\u00e1ndez","@id":"https:\/\/futbolhoy.co\/#\/schema\/person\/c4a353a512b127643723a34bb1812f7d"},"headline":"Alianza y Pasto no se sacaron ventajas","datePublished":"2022-08-28T00:30:14+00:00","dateModified":"2022-08-28T14:25:48+00:00","mainEntityOfPage":{"@id":"https:\/\/futbolhoy.co\/index.php\/2022\/08\/27\/alianza-y-pasto-no-se-sacaron-ventajas\/"},"wordCount":126,"commentCount":0,"publisher":{"@id":"https:\/\/futbolhoy.co\/#organization"},"image":{"@id":"https:\/\/futbolhoy.co\/index.php\/2022\/08\/27\/alianza-y-pasto-no-se-sacaron-ventajas\/#primaryimage"},"thumbnailUrl":"https:\/\/futbolhoy.co\/wp-content\/uploads\/2022\/08\/xczrlZfk.png","keywords":["Alianza Petrolera","Pasto"],"articleSection":["Liga BetPlay"],"inLanguage":"es","potentialAction":[{"@type":"CommentAction","name":"Comment","target":["https:\/\/futbolhoy.co\/index.php\/2022\/08\/27\/alianza-y-pasto-no-se-sacaron-ventajas\/#respond"]}]},{"@type":"WebPage","@id":"https:\/\/futbolhoy.co\/index.php\/2022\/08\/27\/alianza-y-pasto-no-se-sacaron-ventajas\/","url":"https:\/\/futbolhoy.co\/index.php\/2022\/08\/27\/alianza-y-pasto-no-se-sacaron-ventajas\/","name":"Alianza y Pasto no se sacaron ventajas -","isPartOf":{"@id":"https:\/\/futbolhoy.co\/#website"},"primaryImageOfPage":{"@id":"https:\/\/futbolhoy.co\/index.php\/2022\/08\/27\/alianza-y-pasto-no-se-sacaron-ventajas\/#primaryimage"},"image":{"@id":"https:\/\/futbolhoy.co\/index.php\/2022\/08\/27\/alianza-y-pasto-no-se-sacaron-ventajas\/#primaryimage"},"thumbnailUrl":"https:\/\/futbolhoy.co\/wp-content\/uploads\/2022\/08\/xczrlZfk.png","datePublished":"2022-08-28T00:30:14+00:00","dateModified":"2022-08-28T14:25:48+00:00","breadcrumb":{"@id":"https:\/\/futbolhoy.co\/index.php\/2022\/08\/27\/alianza-y-pasto-no-se-sacaron-ventajas\/#breadcrumb"},"inLanguage":"es","potentialAction":[{"@type":"ReadAction","target":["https:\/\/futbolhoy.co\/index.php\/2022\/08\/27\/alianza-y-pasto-no-se-sacaron-ventajas\/"]}]},{"@type":"ImageObject","inLanguage":"es","@id":"https:\/\/futbolhoy.co\/index.php\/2022\/08\/27\/alianza-y-pasto-no-se-sacaron-ventajas\/#primaryimage","url":"https:\/\/futbolhoy.co\/wp-content\/uploads\/2022\/08\/xczrlZfk.png","contentUrl":"https:\/\/futbolhoy.co\/wp-content\/uploads\/2022\/08\/xczrlZfk.png","width":1250,"height":937},{"@type":"BreadcrumbList","@id":"https:\/\/futbolhoy.co\/index.php\/2022\/08\/27\/alianza-y-pasto-no-se-sacaron-ventajas\/#breadcrumb","itemListElement":[{"@type":"ListItem","position":1,"name":"Portada","item":"https:\/\/futbolhoy.co\/"},{"@type":"ListItem","position":2,"name":"Alianza y Pasto no se sacaron ventajas"}]},{"@type":"WebSite","@id":"https:\/\/futbolhoy.co\/#website","url":"https:\/\/futbolhoy.co\/","name":"FutbolHoy","description":"","publisher":{"@id":"https:\/\/futbolhoy.co\/#organization"},"potentialAction":[{"@type":"SearchAction","target":{"@type":"EntryPoint","urlTemplate":"https:\/\/futbolhoy.co\/?s={search_term_string}"},"query-input":{"@type":"PropertyValueSpecification","valueRequired":true,"valueName":"search_term_string"}}],"inLanguage":"es"},{"@type":"Organization","@id":"https:\/\/futbolhoy.co\/#organization","name":"Futbolhoy.co","url":"https:\/\/futbolhoy.co\/","logo":{"@type":"ImageObject","inLanguage":"es","@id":"https:\/\/futbolhoy.co\/#\/schema\/logo\/image\/","url":"https:\/\/futbolhoy.co\/wp-content\/uploads\/2018\/08\/17426380_1906371736249227_6326180412931521141_n.jpg","contentUrl":"https:\/\/futbolhoy.co\/wp-content\/uploads\/2018\/08\/17426380_1906371736249227_6326180412931521141_n.jpg","width":960,"height":960,"caption":"Futbolhoy.co"},"image":{"@id":"https:\/\/futbolhoy.co\/#\/schema\/logo\/image\/"},"sameAs":["https:\/\/www.facebook.com\/FutbolHoyCol\/","https:\/\/x.com\/FutbolHoyCol","https:\/\/www.instagram.com\/futbolhoycol\/"]},{"@type":"Person","@id":"https:\/\/futbolhoy.co\/#\/schema\/person\/c4a353a512b127643723a34bb1812f7d","name":"Laura Hern\u00e1ndez","image":{"@type":"ImageObject","inLanguage":"es","@id":"https:\/\/futbolhoy.co\/#\/schema\/person\/image\/","url":"https:\/\/secure.gravatar.com\/avatar\/d25959a15b9b293a743f99181c7cfd01?s=96&d=mm&r=g","contentUrl":"https:\/\/secure.gravatar.com\/avatar\/d25959a15b9b293a743f99181c7cfd01?s=96&d=mm&r=g","caption":"Laura Hern\u00e1ndez"}}]}},"publishpress_future_action":{"enabled":false,"date":"2026-05-02 00:27:23","action":"change-status","newStatus":"draft","terms":[],"taxonomy":"category","extraData":[]},"publishpress_future_workflow_manual_trigger":{"enabledWorkflows":[]},"_links":{"self":[{"href":"https:\/\/futbolhoy.co\/index.php\/wp-json\/wp\/v2\/posts\/84325","targetHints":{"allow":["GET"]}}],"collection":[{"href":"https:\/\/futbolhoy.co\/index.php\/wp-json\/wp\/v2\/posts"}],"about":[{"href":"https:\/\/futbolhoy.co\/index.php\/wp-json\/wp\/v2\/types\/post"}],"author":[{"embeddable":true,"href":"https:\/\/futbolhoy.co\/index.php\/wp-json\/wp\/v2\/users\/5"}],"replies":[{"embeddable":true,"href":"https:\/\/futbolhoy.co\/index.php\/wp-json\/wp\/v2\/comments?post=84325"}],"version-history":[{"count":1,"href":"https:\/\/futbolhoy.co\/index.php\/wp-json\/wp\/v2\/posts\/84325\/revisions"}],"predecessor-version":[{"id":84327,"href":"https:\/\/futbolhoy.co\/index.php\/wp-json\/wp\/v2\/posts\/84325\/revisions\/84327"}],"wp:featuredmedia":[{"embeddable":true,"href":"https:\/\/futbolhoy.co\/index.php\/wp-json\/wp\/v2\/media\/84326"}],"wp:attachment":[{"href":"https:\/\/futbolhoy.co\/index.php\/wp-json\/wp\/v2\/media?parent=84325"}],"wp:term":[{"taxonomy":"category","embeddable":true,"href":"https:\/\/futbolhoy.co\/index.php\/wp-json\/wp\/v2\/categories?post=84325"},{"taxonomy":"post_tag","embeddable":true,"href":"https:\/\/futbolhoy.co\/index.php\/wp-json\/wp\/v2\/tags?post=84325"}],"curies":[{"name":"wp","href":"https:\/\/api.w.org\/{rel}","templated":true}]}}