{"id":84338,"date":"2022-08-28T09:03:35","date_gmt":"2022-08-28T14:03:35","guid":{"rendered":"https:\/\/futbolhoy.co\/?p=84338"},"modified":"2022-08-28T22:02:48","modified_gmt":"2022-08-29T03:02:48","slug":"rayo-le-pide-a-arboleda-que-cumpla-su-contrato","status":"publish","type":"post","link":"https:\/\/futbolhoy.co\/index.php\/2022\/08\/28\/rayo-le-pide-a-arboleda-que-cumpla-su-contrato\/","title":{"rendered":"Rayo le pide a Arboleda que cumpla su contrato"},"content":{"rendered":"<p style=\"text-align: justify;\"><span style=\"font-family: helvetica, arial, sans-serif;\">El <strong>Rayo Vallecano<\/strong> le pidi\u00f3 al portero tumaque\u00f1o\u00a0<strong>Iv\u00e1n Arboleda<\/strong>\u00a0que cumpla el contrato laboral vigente que tiene con el equipo espa\u00f1ol, o se expondr\u00e1 a sanciones deportivas.<\/span><\/p>\n<p style=\"text-align: justify;\"><span style=\"font-family: helvetica, arial, sans-serif;\">Arboleda, en un comunicado a trav\u00e9s de redes sociales, asegur\u00f3 esta semana que hubo incumplimiento salarial del equipo ib\u00e9rico, raz\u00f3n por la que asegur\u00f3 haber rescindido su contrato. El club no solo neg\u00f3 esto, sino que le exigi\u00f3 al colombiano cumplir con su relaci\u00f3n laboral.<\/span><\/p>\n<p style=\"text-align: justify;\"><span style=\"font-family: helvetica, arial, sans-serif;\">\u201cEl <strong>Rayo Vallecano de Madrid, S.A.D,<\/strong> niega categ\u00f3ricamente las alegaciones vertidas por el jugador Iv\u00e1n Mauricio Arboleda en su comunicado de fecha 26 de agosto de 2022 y rechaza frontalmente la terminaci\u00f3n contractual instada con fecha 22 de agosto de 2022\u201d, dice el comunicado publicado en la ma\u00f1ana de este domingo.<\/span><\/p>\n<p style=\"text-align: justify;\"><span style=\"font-family: helvetica, arial, sans-serif;\">Adem\u00e1s, le exigieron al portero que cumpla con su contrato, hasta 2024, de lo contrario se ver\u00e1 expuesto a sanciones deportivas y \u00abal pago de indemnizaciones pactadas\u00bb con el Rayo Vallecano y con <strong>Newell&#8217;s Old Boys,<\/strong> equipo al que se march\u00f3 a pr\u00e9stamo a principio de a\u00f1o.<\/span><\/p>\n<p style=\"text-align: justify;\"><span style=\"font-family: helvetica, arial, sans-serif;\">\u201cEl Club ha solicitado al Sr. Arboleda que reconsidere su resoluci\u00f3n contractual injustificada y d\u00e9 cabal cumplimiento a sus obligaciones contractuales con el Club. No obstante, de persistir en su incumplimiento, deber\u00e1 hacer frente a las sanciones deportivas y al pago de las indemnizaciones pactadas en todos y cada uno de los contratos tanto con Club Atl\u00e9tico Newell&#8217;s Old Boys como con esta entidad, incluyendo el abono de la cl\u00e1usula de rescisi\u00f3n dispuesta en su contrato laboral\u201d.<\/span><\/p>\n<p style=\"text-align: justify;\"><span style=\"font-family: helvetica, arial, sans-serif;\">El portero colombiano, en su paso por el equipo espa\u00f1ol fue convocado en 8 partidos donde no tuvo minutos de juego.<\/span><\/p>\n","protected":false},"excerpt":{"rendered":"<p>El Rayo Vallecano le pidi\u00f3 al portero tumaque\u00f1o\u00a0Iv\u00e1n Arboleda\u00a0que cumpla el contrato laboral vigente que tiene con el equipo espa\u00f1ol, o se expondr\u00e1 a sanciones deportivas. Arboleda, en un comunicado a trav\u00e9s de redes sociales, asegur\u00f3 esta semana que hubo incumplimiento salarial del equipo ib\u00e9rico, raz\u00f3n por la que asegur\u00f3 haber rescindido su contrato. El [&hellip;]<\/p>\n","protected":false},"author":5,"featured_media":84339,"comment_status":"open","ping_status":"closed","sticky":false,"template":"","format":"standard","meta":{"_acf_changed":false,"footnotes":""},"categories":[152],"tags":[],"class_list":{"0":"post-84338","1":"post","2":"type-post","3":"status-publish","4":"format-standard","5":"has-post-thumbnail","7":"category-mundo-futbol"},"acf":[],"_links":{"self":[{"href":"https:\/\/futbolhoy.co\/index.php\/wp-json\/wp\/v2\/posts\/84338","targetHints":{"allow":["GET"]}}],"collection":[{"href":"https:\/\/futbolhoy.co\/index.php\/wp-json\/wp\/v2\/posts"}],"about":[{"href":"https:\/\/futbolhoy.co\/index.php\/wp-json\/wp\/v2\/types\/post"}],"author":[{"embeddable":true,"href":"https:\/\/futbolhoy.co\/index.php\/wp-json\/wp\/v2\/users\/5"}],"replies":[{"embeddable":true,"href":"https:\/\/futbolhoy.co\/index.php\/wp-json\/wp\/v2\/comments?post=84338"}],"version-history":[{"count":1,"href":"https:\/\/futbolhoy.co\/index.php\/wp-json\/wp\/v2\/posts\/84338\/revisions"}],"predecessor-version":[{"id":84340,"href":"https:\/\/futbolhoy.co\/index.php\/wp-json\/wp\/v2\/posts\/84338\/revisions\/84340"}],"wp:featuredmedia":[{"embeddable":true,"href":"https:\/\/futbolhoy.co\/index.php\/wp-json\/wp\/v2\/media\/84339"}],"wp:attachment":[{"href":"https:\/\/futbolhoy.co\/index.php\/wp-json\/wp\/v2\/media?parent=84338"}],"wp:term":[{"taxonomy":"category","embeddable":true,"href":"https:\/\/futbolhoy.co\/index.php\/wp-json\/wp\/v2\/categories?post=84338"},{"taxonomy":"post_tag","embeddable":true,"href":"https:\/\/futbolhoy.co\/index.php\/wp-json\/wp\/v2\/tags?post=84338"}],"curies":[{"name":"wp","href":"https:\/\/api.w.org\/{rel}","templated":true}]}}