{"id":84408,"date":"2022-08-29T12:24:51","date_gmt":"2022-08-29T17:24:51","guid":{"rendered":"https:\/\/futbolhoy.co\/?p=84408"},"modified":"2022-08-30T07:33:10","modified_gmt":"2022-08-30T12:33:10","slug":"la-seleccion-vuelve-al-rojo","status":"publish","type":"post","link":"https:\/\/futbolhoy.co\/index.php\/2022\/08\/29\/la-seleccion-vuelve-al-rojo\/","title":{"rendered":"La Selecci\u00f3n vuelve al rojo"},"content":{"rendered":"<p style=\"text-align: justify;\"><span style=\"font-family: helvetica, arial, sans-serif;\">Las s<strong>elecciones Colombia<\/strong> volver\u00e1n a usar el color rojo en sus camisetas alternativas, oficializaron este lunes la <strong>Federaci\u00f3n Colombiana de F\u00fatbol<\/strong> y <strong>Adidas,<\/strong> fabricante de la indumentaria del combinado nacional.<\/span><\/p>\n<p style=\"text-align: justify;\"><span style=\"font-family: helvetica, arial, sans-serif;\">La nueva camiseta roja de Colombia saldr\u00e1 a la venta en tiendas f\u00edsicas el pr\u00f3ximo 5 de septiembre; mientras que la Selecci\u00f3n la estrenar\u00e1 oficialmente el pr\u00f3ximo 27 de septiembre en el amistoso ante <strong>M\u00e9xico<\/strong> en <strong>Santa Clara (California),<\/strong> <strong>Estados Unidos.<\/strong><\/span><\/p>\n<p style=\"text-align: justify;\"><span style=\"font-family: helvetica, arial, sans-serif;\">\u201cEstamos muy contentos con el nuevo dise\u00f1o de la camiseta de nuestras selecciones Colombia que utilizar\u00e1n en condici\u00f3n de visitante. Ser\u00e1 un orgullo mostrarle a nuestro pa\u00eds esta nueva piel en los amistosos de nuestra Selecci\u00f3n Colombia Masculina de Mayores en el mes de septiembre y en la Copa Mundial Femenina de la FIFA Sub-17 donde estar\u00e1 nuestro equipo en octubre. Agradezco a adidas por su constante apoyo y por estar trabajando junto a nosotros por el crecimiento de nuestro deporte en el plano masculino y femenino\u201d, coment\u00f3 <strong>Ram\u00f3n Jesurun,<\/strong> presidente de la Federaci\u00f3n sobre este lanzamiento.<\/span><\/p>\n<p style=\"text-align: justify;\"><span style=\"font-family: helvetica, arial, sans-serif;\">El segundo uniforme de la Selecci\u00f3n Colombia contar\u00e1 con camiseta roja, pantaloneta roja y medias blancas.<\/span><\/p>\n","protected":false},"excerpt":{"rendered":"<p>Las selecciones Colombia volver\u00e1n a usar el color rojo en sus camisetas alternativas, oficializaron este lunes la Federaci\u00f3n Colombiana de F\u00fatbol y Adidas, fabricante de la indumentaria del combinado nacional. La nueva camiseta roja de Colombia saldr\u00e1 a la venta en tiendas f\u00edsicas el pr\u00f3ximo 5 de septiembre; mientras que la Selecci\u00f3n la estrenar\u00e1 oficialmente [&hellip;]<\/p>\n","protected":false},"author":5,"featured_media":84410,"comment_status":"open","ping_status":"closed","sticky":false,"template":"","format":"standard","meta":{"_acf_changed":false,"footnotes":""},"categories":[418],"tags":[127],"class_list":{"0":"post-84408","1":"post","2":"type-post","3":"status-publish","4":"format-standard","5":"has-post-thumbnail","7":"category-colombia","8":"tag-seleccion-colombia"},"acf":[],"_links":{"self":[{"href":"https:\/\/futbolhoy.co\/index.php\/wp-json\/wp\/v2\/posts\/84408","targetHints":{"allow":["GET"]}}],"collection":[{"href":"https:\/\/futbolhoy.co\/index.php\/wp-json\/wp\/v2\/posts"}],"about":[{"href":"https:\/\/futbolhoy.co\/index.php\/wp-json\/wp\/v2\/types\/post"}],"author":[{"embeddable":true,"href":"https:\/\/futbolhoy.co\/index.php\/wp-json\/wp\/v2\/users\/5"}],"replies":[{"embeddable":true,"href":"https:\/\/futbolhoy.co\/index.php\/wp-json\/wp\/v2\/comments?post=84408"}],"version-history":[{"count":3,"href":"https:\/\/futbolhoy.co\/index.php\/wp-json\/wp\/v2\/posts\/84408\/revisions"}],"predecessor-version":[{"id":84413,"href":"https:\/\/futbolhoy.co\/index.php\/wp-json\/wp\/v2\/posts\/84408\/revisions\/84413"}],"wp:featuredmedia":[{"embeddable":true,"href":"https:\/\/futbolhoy.co\/index.php\/wp-json\/wp\/v2\/media\/84410"}],"wp:attachment":[{"href":"https:\/\/futbolhoy.co\/index.php\/wp-json\/wp\/v2\/media?parent=84408"}],"wp:term":[{"taxonomy":"category","embeddable":true,"href":"https:\/\/futbolhoy.co\/index.php\/wp-json\/wp\/v2\/categories?post=84408"},{"taxonomy":"post_tag","embeddable":true,"href":"https:\/\/futbolhoy.co\/index.php\/wp-json\/wp\/v2\/tags?post=84408"}],"curies":[{"name":"wp","href":"https:\/\/api.w.org\/{rel}","templated":true}]}}