{"id":8445,"date":"2017-10-25T23:00:49","date_gmt":"2017-10-26T04:00:49","guid":{"rendered":"http:\/\/futbolhoy.co\/?p=8445"},"modified":"2017-10-25T23:00:49","modified_gmt":"2017-10-26T04:00:49","slug":"bayern-sin-james-a-octavos-de-la-copa-alemania","status":"publish","type":"post","link":"https:\/\/futbolhoy.co\/index.php\/2017\/10\/25\/bayern-sin-james-a-octavos-de-la-copa-alemania\/","title":{"rendered":"Bayern, sin James, a octavos de la Copa Alemania"},"content":{"rendered":"<p style=\"text-align: left;\"><b>Bayern M\u00fanich<\/b>,\u00a0sin\u00a0<b>James Rodr\u00edguez<\/b>\u00a0afectado por una molestia en la espalda,\u00a0sufri\u00f3 para clasificar a octavos de final de la\u00a0<b>Copa de Alemania<\/b>, donde avanz\u00f3 desde el punto penal.<u><\/u><u><\/u><\/p>\n<p style=\"text-align: justify;\">El equipo de M\u00fanich empat\u00f3 1-1 con Leipzig, en el tiempo reglamentario y en los cobros de penales le super\u00f3 5-4.<u><\/u><u><\/u><\/p>\n<p style=\"text-align: justify;\">La victoria se convirti\u00f3 en la cuarta victoria consecutiva para el Bayern de\u00a0<b>Jupp Heynckes<\/b>, el hombre que sustituy\u00f3 al italiano Carlo Ancelotti.<\/p>\n","protected":false},"excerpt":{"rendered":"<p>Bayern M\u00fanich,\u00a0sin\u00a0James Rodr\u00edguez\u00a0afectado por una molestia en la espalda,\u00a0sufri\u00f3 para clasificar a octavos de final de la\u00a0Copa de Alemania, donde avanz\u00f3 desde el punto penal. El equipo de M\u00fanich empat\u00f3 1-1 con Leipzig, en el tiempo reglamentario y en los cobros de penales le super\u00f3 5-4. La victoria se convirti\u00f3 en la cuarta victoria consecutiva [&hellip;]<\/p>\n","protected":false},"author":5,"featured_media":8446,"comment_status":"open","ping_status":"closed","sticky":false,"template":"","format":"standard","meta":{"_acf_changed":false,"footnotes":""},"categories":[152],"tags":[88,87],"class_list":{"0":"post-8445","1":"post","2":"type-post","3":"status-publish","4":"format-standard","5":"has-post-thumbnail","7":"category-mundo-futbol","8":"tag-bayern-munich","9":"tag-james-rodriguez"},"acf":[],"_links":{"self":[{"href":"https:\/\/futbolhoy.co\/index.php\/wp-json\/wp\/v2\/posts\/8445","targetHints":{"allow":["GET"]}}],"collection":[{"href":"https:\/\/futbolhoy.co\/index.php\/wp-json\/wp\/v2\/posts"}],"about":[{"href":"https:\/\/futbolhoy.co\/index.php\/wp-json\/wp\/v2\/types\/post"}],"author":[{"embeddable":true,"href":"https:\/\/futbolhoy.co\/index.php\/wp-json\/wp\/v2\/users\/5"}],"replies":[{"embeddable":true,"href":"https:\/\/futbolhoy.co\/index.php\/wp-json\/wp\/v2\/comments?post=8445"}],"version-history":[{"count":1,"href":"https:\/\/futbolhoy.co\/index.php\/wp-json\/wp\/v2\/posts\/8445\/revisions"}],"predecessor-version":[{"id":8447,"href":"https:\/\/futbolhoy.co\/index.php\/wp-json\/wp\/v2\/posts\/8445\/revisions\/8447"}],"wp:featuredmedia":[{"embeddable":true,"href":"https:\/\/futbolhoy.co\/index.php\/wp-json\/wp\/v2\/media\/8446"}],"wp:attachment":[{"href":"https:\/\/futbolhoy.co\/index.php\/wp-json\/wp\/v2\/media?parent=8445"}],"wp:term":[{"taxonomy":"category","embeddable":true,"href":"https:\/\/futbolhoy.co\/index.php\/wp-json\/wp\/v2\/categories?post=8445"},{"taxonomy":"post_tag","embeddable":true,"href":"https:\/\/futbolhoy.co\/index.php\/wp-json\/wp\/v2\/tags?post=8445"}],"curies":[{"name":"wp","href":"https:\/\/api.w.org\/{rel}","templated":true}]}}