{"id":8470,"date":"2017-10-26T08:45:11","date_gmt":"2017-10-26T13:45:11","guid":{"rendered":"http:\/\/futbolhoy.co\/?p=8470"},"modified":"2017-10-26T08:45:11","modified_gmt":"2017-10-26T13:45:11","slug":"gremio-da-paso-gigante-a-la-final-de-la-copa-libertadores","status":"publish","type":"post","link":"https:\/\/futbolhoy.co\/index.php\/2017\/10\/26\/gremio-da-paso-gigante-a-la-final-de-la-copa-libertadores\/","title":{"rendered":"Gremio da paso gigante a la final de la Copa Libertadores"},"content":{"rendered":"<p style=\"text-align: justify;\">El brasile\u00f1o <strong>Gremio<\/strong> de Porto Alegre gole\u00f3 como visitante 0-3 al <strong>Barcelona de Guayaquil<\/strong> y dio un gran paso para convertirse en finalista de la <strong>Copa Libertadores,<\/strong> ya que definir\u00e1 la serie semifinal del torneo como local.<\/p>\n<p style=\"text-align: justify;\">Luan, a los 7 y 51 minutos, y Edilson, a los 20, marcaron los goles del equipo brasile\u00f1o en tierras ecuatorianas en su octava semifinal del torneo, donde los locales ya hab\u00edan despachado a Botafogo, <strong>Palmeiras<\/strong> y Santos.<\/p>\n<p style=\"text-align: justify;\">El partido de vuelta se disputar\u00e1 el pr\u00f3ximo mi\u00e9rcoles primero de noviembre en Brasil; mientras que la otra semifinal la est\u00e1n disputando <strong>River Plate<\/strong> y\u00a0 Lan\u00fas de Argentina (1-0).<\/p>\n","protected":false},"excerpt":{"rendered":"<p>El brasile\u00f1o Gremio de Porto Alegre gole\u00f3 como visitante 0-3 al Barcelona de Guayaquil y dio un gran paso para convertirse en finalista de la Copa Libertadores, ya que definir\u00e1 la serie semifinal del torneo como local. Luan, a los 7 y 51 minutos, y Edilson, a los 20, marcaron los goles del equipo brasile\u00f1o [&hellip;]<\/p>\n","protected":false},"author":5,"featured_media":8471,"comment_status":"open","ping_status":"closed","sticky":false,"template":"","format":"standard","meta":{"_acf_changed":false,"footnotes":""},"categories":[152],"tags":[115,377],"class_list":["post-8470","post","type-post","status-publish","format-standard","has-post-thumbnail","category-mundo-futbol","tag-copa-libertadores","tag-gremio"],"acf":[],"yoast_head":"<!-- This site is optimized with the Yoast SEO plugin v28.4 - https:\/\/yoast.com\/product\/yoast-seo-wordpress\/ -->\n<title>Gremio da paso gigante a la final de la Copa Libertadores -<\/title>\n<meta name=\"robots\" content=\"index, follow, max-snippet:-1, max-image-preview:large, max-video-preview:-1\" \/>\n<link rel=\"canonical\" href=\"https:\/\/futbolhoy.co\/index.php\/2017\/10\/26\/gremio-da-paso-gigante-a-la-final-de-la-copa-libertadores\/\" \/>\n<meta property=\"og:locale\" content=\"es_ES\" \/>\n<meta property=\"og:type\" content=\"article\" \/>\n<meta property=\"og:title\" content=\"Gremio da paso gigante a la final de la Copa Libertadores -\" \/>\n<meta property=\"og:description\" content=\"El brasile\u00f1o Gremio de Porto Alegre gole\u00f3 como visitante 0-3 al Barcelona de Guayaquil y dio un gran paso para convertirse en finalista de la Copa Libertadores, ya que definir\u00e1 la serie semifinal del torneo como local. Luan, a los 7 y 51 minutos, y Edilson, a los 20, marcaron los goles del equipo brasile\u00f1o [&hellip;]\" \/>\n<meta property=\"og:url\" content=\"https:\/\/futbolhoy.co\/index.php\/2017\/10\/26\/gremio-da-paso-gigante-a-la-final-de-la-copa-libertadores\/\" \/>\n<meta property=\"article:publisher\" content=\"https:\/\/www.facebook.com\/FutbolHoyCol\/\" \/>\n<meta property=\"article:published_time\" content=\"2017-10-26T13:45:11+00:00\" \/>\n<meta property=\"og:image\" content=\"https:\/\/futbolhoy.co\/wp-content\/uploads\/2017\/10\/IMG_20171026_084356.jpg\" \/>\n\t<meta property=\"og:image:width\" content=\"2048\" \/>\n\t<meta property=\"og:image:height\" content=\"1365\" \/>\n\t<meta property=\"og:image:type\" content=\"image\/jpeg\" \/>\n<meta name=\"author\" content=\"Laura Hern\u00e1ndez\" \/>\n<meta name=\"twitter:card\" content=\"summary_large_image\" \/>\n<meta name=\"twitter:creator\" content=\"@FutbolHoyCol\" \/>\n<meta name=\"twitter:site\" content=\"@FutbolHoyCol\" \/>\n<meta name=\"twitter:label1\" content=\"Escrito por\" \/>\n\t<meta name=\"twitter:data1\" content=\"Laura Hern\u00e1ndez\" \/>\n\t<meta name=\"twitter:label2\" content=\"Tiempo de lectura\" \/>\n\t<meta name=\"twitter:data2\" content=\"1 minuto\" \/>\n<script type=\"application\/ld+json\" class=\"yoast-schema-graph\">{\"@context\":\"https:\\\/\\\/schema.org\",\"@graph\":[{\"@type\":\"Article\",\"@id\":\"https:\\\/\\\/futbolhoy.co\\\/index.php\\\/2017\\\/10\\\/26\\\/gremio-da-paso-gigante-a-la-final-de-la-copa-libertadores\\\/#article\",\"isPartOf\":{\"@id\":\"https:\\\/\\\/futbolhoy.co\\\/index.php\\\/2017\\\/10\\\/26\\\/gremio-da-paso-gigante-a-la-final-de-la-copa-libertadores\\\/\"},\"author\":{\"name\":\"Laura Hern\u00e1ndez\",\"@id\":\"https:\\\/\\\/futbolhoy.co\\\/#\\\/schema\\\/person\\\/c4a353a512b127643723a34bb1812f7d\"},\"headline\":\"Gremio da paso gigante a la final de la Copa Libertadores\",\"datePublished\":\"2017-10-26T13:45:11+00:00\",\"mainEntityOfPage\":{\"@id\":\"https:\\\/\\\/futbolhoy.co\\\/index.php\\\/2017\\\/10\\\/26\\\/gremio-da-paso-gigante-a-la-final-de-la-copa-libertadores\\\/\"},\"wordCount\":119,\"commentCount\":0,\"image\":{\"@id\":\"https:\\\/\\\/futbolhoy.co\\\/index.php\\\/2017\\\/10\\\/26\\\/gremio-da-paso-gigante-a-la-final-de-la-copa-libertadores\\\/#primaryimage\"},\"thumbnailUrl\":\"https:\\\/\\\/futbolhoy.co\\\/wp-content\\\/uploads\\\/2017\\\/10\\\/IMG_20171026_084356.jpg\",\"keywords\":[\"Copa Libertadores\",\"Gremio\"],\"articleSection\":[\"Mundo Futbol\"],\"inLanguage\":\"es\",\"potentialAction\":[{\"@type\":\"CommentAction\",\"name\":\"Comment\",\"target\":[\"https:\\\/\\\/futbolhoy.co\\\/index.php\\\/2017\\\/10\\\/26\\\/gremio-da-paso-gigante-a-la-final-de-la-copa-libertadores\\\/#respond\"]}]},{\"@type\":\"WebPage\",\"@id\":\"https:\\\/\\\/futbolhoy.co\\\/index.php\\\/2017\\\/10\\\/26\\\/gremio-da-paso-gigante-a-la-final-de-la-copa-libertadores\\\/\",\"url\":\"https:\\\/\\\/futbolhoy.co\\\/index.php\\\/2017\\\/10\\\/26\\\/gremio-da-paso-gigante-a-la-final-de-la-copa-libertadores\\\/\",\"name\":\"Gremio da paso gigante a la final de la Copa Libertadores -\",\"isPartOf\":{\"@id\":\"https:\\\/\\\/futbolhoy.co\\\/#website\"},\"primaryImageOfPage\":{\"@id\":\"https:\\\/\\\/futbolhoy.co\\\/index.php\\\/2017\\\/10\\\/26\\\/gremio-da-paso-gigante-a-la-final-de-la-copa-libertadores\\\/#primaryimage\"},\"image\":{\"@id\":\"https:\\\/\\\/futbolhoy.co\\\/index.php\\\/2017\\\/10\\\/26\\\/gremio-da-paso-gigante-a-la-final-de-la-copa-libertadores\\\/#primaryimage\"},\"thumbnailUrl\":\"https:\\\/\\\/futbolhoy.co\\\/wp-content\\\/uploads\\\/2017\\\/10\\\/IMG_20171026_084356.jpg\",\"datePublished\":\"2017-10-26T13:45:11+00:00\",\"author\":{\"@id\":\"https:\\\/\\\/futbolhoy.co\\\/#\\\/schema\\\/person\\\/c4a353a512b127643723a34bb1812f7d\"},\"breadcrumb\":{\"@id\":\"https:\\\/\\\/futbolhoy.co\\\/index.php\\\/2017\\\/10\\\/26\\\/gremio-da-paso-gigante-a-la-final-de-la-copa-libertadores\\\/#breadcrumb\"},\"inLanguage\":\"es\",\"potentialAction\":[{\"@type\":\"ReadAction\",\"target\":[\"https:\\\/\\\/futbolhoy.co\\\/index.php\\\/2017\\\/10\\\/26\\\/gremio-da-paso-gigante-a-la-final-de-la-copa-libertadores\\\/\"]}]},{\"@type\":\"ImageObject\",\"inLanguage\":\"es\",\"@id\":\"https:\\\/\\\/futbolhoy.co\\\/index.php\\\/2017\\\/10\\\/26\\\/gremio-da-paso-gigante-a-la-final-de-la-copa-libertadores\\\/#primaryimage\",\"url\":\"https:\\\/\\\/futbolhoy.co\\\/wp-content\\\/uploads\\\/2017\\\/10\\\/IMG_20171026_084356.jpg\",\"contentUrl\":\"https:\\\/\\\/futbolhoy.co\\\/wp-content\\\/uploads\\\/2017\\\/10\\\/IMG_20171026_084356.jpg\",\"width\":2048,\"height\":1365},{\"@type\":\"BreadcrumbList\",\"@id\":\"https:\\\/\\\/futbolhoy.co\\\/index.php\\\/2017\\\/10\\\/26\\\/gremio-da-paso-gigante-a-la-final-de-la-copa-libertadores\\\/#breadcrumb\",\"itemListElement\":[{\"@type\":\"ListItem\",\"position\":1,\"name\":\"Portada\",\"item\":\"https:\\\/\\\/futbolhoy.co\\\/\"},{\"@type\":\"ListItem\",\"position\":2,\"name\":\"Gremio da paso gigante a la final de la Copa Libertadores\"}]},{\"@type\":\"WebSite\",\"@id\":\"https:\\\/\\\/futbolhoy.co\\\/#website\",\"url\":\"https:\\\/\\\/futbolhoy.co\\\/\",\"name\":\"FutbolHoy\",\"description\":\"\",\"potentialAction\":[{\"@type\":\"SearchAction\",\"target\":{\"@type\":\"EntryPoint\",\"urlTemplate\":\"https:\\\/\\\/futbolhoy.co\\\/?s={search_term_string}\"},\"query-input\":{\"@type\":\"PropertyValueSpecification\",\"valueRequired\":true,\"valueName\":\"search_term_string\"}}],\"inLanguage\":\"es\"},{\"@type\":\"Person\",\"@id\":\"https:\\\/\\\/futbolhoy.co\\\/#\\\/schema\\\/person\\\/c4a353a512b127643723a34bb1812f7d\",\"name\":\"Laura Hern\u00e1ndez\",\"image\":{\"@type\":\"ImageObject\",\"inLanguage\":\"es\",\"@id\":\"https:\\\/\\\/secure.gravatar.com\\\/avatar\\\/1ae6b7966942c60c822ea71afe0e5cf4105b8e983193883c6d026db4d508431d?s=96&d=mm&r=g\",\"url\":\"https:\\\/\\\/secure.gravatar.com\\\/avatar\\\/1ae6b7966942c60c822ea71afe0e5cf4105b8e983193883c6d026db4d508431d?s=96&d=mm&r=g\",\"contentUrl\":\"https:\\\/\\\/secure.gravatar.com\\\/avatar\\\/1ae6b7966942c60c822ea71afe0e5cf4105b8e983193883c6d026db4d508431d?s=96&d=mm&r=g\",\"caption\":\"Laura Hern\u00e1ndez\"}}]}<\/script>\n<!-- \/ Yoast SEO plugin. -->","yoast_head_json":{"title":"Gremio da paso gigante a la final de la Copa Libertadores -","robots":{"index":"index","follow":"follow","max-snippet":"max-snippet:-1","max-image-preview":"max-image-preview:large","max-video-preview":"max-video-preview:-1"},"canonical":"https:\/\/futbolhoy.co\/index.php\/2017\/10\/26\/gremio-da-paso-gigante-a-la-final-de-la-copa-libertadores\/","og_locale":"es_ES","og_type":"article","og_title":"Gremio da paso gigante a la final de la Copa Libertadores -","og_description":"El brasile\u00f1o Gremio de Porto Alegre gole\u00f3 como visitante 0-3 al Barcelona de Guayaquil y dio un gran paso para convertirse en finalista de la Copa Libertadores, ya que definir\u00e1 la serie semifinal del torneo como local. Luan, a los 7 y 51 minutos, y Edilson, a los 20, marcaron los goles del equipo brasile\u00f1o [&hellip;]","og_url":"https:\/\/futbolhoy.co\/index.php\/2017\/10\/26\/gremio-da-paso-gigante-a-la-final-de-la-copa-libertadores\/","article_publisher":"https:\/\/www.facebook.com\/FutbolHoyCol\/","article_published_time":"2017-10-26T13:45:11+00:00","og_image":[{"width":2048,"height":1365,"url":"https:\/\/futbolhoy.co\/wp-content\/uploads\/2017\/10\/IMG_20171026_084356.jpg","type":"image\/jpeg"}],"author":"Laura Hern\u00e1ndez","twitter_card":"summary_large_image","twitter_creator":"@FutbolHoyCol","twitter_site":"@FutbolHoyCol","twitter_misc":{"Escrito por":"Laura Hern\u00e1ndez","Tiempo de lectura":"1 minuto"},"schema":{"@context":"https:\/\/schema.org","@graph":[{"@type":"Article","@id":"https:\/\/futbolhoy.co\/index.php\/2017\/10\/26\/gremio-da-paso-gigante-a-la-final-de-la-copa-libertadores\/#article","isPartOf":{"@id":"https:\/\/futbolhoy.co\/index.php\/2017\/10\/26\/gremio-da-paso-gigante-a-la-final-de-la-copa-libertadores\/"},"author":{"name":"Laura Hern\u00e1ndez","@id":"https:\/\/futbolhoy.co\/#\/schema\/person\/c4a353a512b127643723a34bb1812f7d"},"headline":"Gremio da paso gigante a la final de la Copa Libertadores","datePublished":"2017-10-26T13:45:11+00:00","mainEntityOfPage":{"@id":"https:\/\/futbolhoy.co\/index.php\/2017\/10\/26\/gremio-da-paso-gigante-a-la-final-de-la-copa-libertadores\/"},"wordCount":119,"commentCount":0,"image":{"@id":"https:\/\/futbolhoy.co\/index.php\/2017\/10\/26\/gremio-da-paso-gigante-a-la-final-de-la-copa-libertadores\/#primaryimage"},"thumbnailUrl":"https:\/\/futbolhoy.co\/wp-content\/uploads\/2017\/10\/IMG_20171026_084356.jpg","keywords":["Copa Libertadores","Gremio"],"articleSection":["Mundo Futbol"],"inLanguage":"es","potentialAction":[{"@type":"CommentAction","name":"Comment","target":["https:\/\/futbolhoy.co\/index.php\/2017\/10\/26\/gremio-da-paso-gigante-a-la-final-de-la-copa-libertadores\/#respond"]}]},{"@type":"WebPage","@id":"https:\/\/futbolhoy.co\/index.php\/2017\/10\/26\/gremio-da-paso-gigante-a-la-final-de-la-copa-libertadores\/","url":"https:\/\/futbolhoy.co\/index.php\/2017\/10\/26\/gremio-da-paso-gigante-a-la-final-de-la-copa-libertadores\/","name":"Gremio da paso gigante a la final de la Copa Libertadores -","isPartOf":{"@id":"https:\/\/futbolhoy.co\/#website"},"primaryImageOfPage":{"@id":"https:\/\/futbolhoy.co\/index.php\/2017\/10\/26\/gremio-da-paso-gigante-a-la-final-de-la-copa-libertadores\/#primaryimage"},"image":{"@id":"https:\/\/futbolhoy.co\/index.php\/2017\/10\/26\/gremio-da-paso-gigante-a-la-final-de-la-copa-libertadores\/#primaryimage"},"thumbnailUrl":"https:\/\/futbolhoy.co\/wp-content\/uploads\/2017\/10\/IMG_20171026_084356.jpg","datePublished":"2017-10-26T13:45:11+00:00","author":{"@id":"https:\/\/futbolhoy.co\/#\/schema\/person\/c4a353a512b127643723a34bb1812f7d"},"breadcrumb":{"@id":"https:\/\/futbolhoy.co\/index.php\/2017\/10\/26\/gremio-da-paso-gigante-a-la-final-de-la-copa-libertadores\/#breadcrumb"},"inLanguage":"es","potentialAction":[{"@type":"ReadAction","target":["https:\/\/futbolhoy.co\/index.php\/2017\/10\/26\/gremio-da-paso-gigante-a-la-final-de-la-copa-libertadores\/"]}]},{"@type":"ImageObject","inLanguage":"es","@id":"https:\/\/futbolhoy.co\/index.php\/2017\/10\/26\/gremio-da-paso-gigante-a-la-final-de-la-copa-libertadores\/#primaryimage","url":"https:\/\/futbolhoy.co\/wp-content\/uploads\/2017\/10\/IMG_20171026_084356.jpg","contentUrl":"https:\/\/futbolhoy.co\/wp-content\/uploads\/2017\/10\/IMG_20171026_084356.jpg","width":2048,"height":1365},{"@type":"BreadcrumbList","@id":"https:\/\/futbolhoy.co\/index.php\/2017\/10\/26\/gremio-da-paso-gigante-a-la-final-de-la-copa-libertadores\/#breadcrumb","itemListElement":[{"@type":"ListItem","position":1,"name":"Portada","item":"https:\/\/futbolhoy.co\/"},{"@type":"ListItem","position":2,"name":"Gremio da paso gigante a la final de la Copa Libertadores"}]},{"@type":"WebSite","@id":"https:\/\/futbolhoy.co\/#website","url":"https:\/\/futbolhoy.co\/","name":"FutbolHoy","description":"","potentialAction":[{"@type":"SearchAction","target":{"@type":"EntryPoint","urlTemplate":"https:\/\/futbolhoy.co\/?s={search_term_string}"},"query-input":{"@type":"PropertyValueSpecification","valueRequired":true,"valueName":"search_term_string"}}],"inLanguage":"es"},{"@type":"Person","@id":"https:\/\/futbolhoy.co\/#\/schema\/person\/c4a353a512b127643723a34bb1812f7d","name":"Laura Hern\u00e1ndez","image":{"@type":"ImageObject","inLanguage":"es","@id":"https:\/\/secure.gravatar.com\/avatar\/1ae6b7966942c60c822ea71afe0e5cf4105b8e983193883c6d026db4d508431d?s=96&d=mm&r=g","url":"https:\/\/secure.gravatar.com\/avatar\/1ae6b7966942c60c822ea71afe0e5cf4105b8e983193883c6d026db4d508431d?s=96&d=mm&r=g","contentUrl":"https:\/\/secure.gravatar.com\/avatar\/1ae6b7966942c60c822ea71afe0e5cf4105b8e983193883c6d026db4d508431d?s=96&d=mm&r=g","caption":"Laura Hern\u00e1ndez"}}]}},"_links":{"self":[{"href":"https:\/\/futbolhoy.co\/index.php\/wp-json\/wp\/v2\/posts\/8470","targetHints":{"allow":["GET"]}}],"collection":[{"href":"https:\/\/futbolhoy.co\/index.php\/wp-json\/wp\/v2\/posts"}],"about":[{"href":"https:\/\/futbolhoy.co\/index.php\/wp-json\/wp\/v2\/types\/post"}],"author":[{"embeddable":true,"href":"https:\/\/futbolhoy.co\/index.php\/wp-json\/wp\/v2\/users\/5"}],"replies":[{"embeddable":true,"href":"https:\/\/futbolhoy.co\/index.php\/wp-json\/wp\/v2\/comments?post=8470"}],"version-history":[{"count":1,"href":"https:\/\/futbolhoy.co\/index.php\/wp-json\/wp\/v2\/posts\/8470\/revisions"}],"predecessor-version":[{"id":8472,"href":"https:\/\/futbolhoy.co\/index.php\/wp-json\/wp\/v2\/posts\/8470\/revisions\/8472"}],"wp:featuredmedia":[{"embeddable":true,"href":"https:\/\/futbolhoy.co\/index.php\/wp-json\/wp\/v2\/media\/8471"}],"wp:attachment":[{"href":"https:\/\/futbolhoy.co\/index.php\/wp-json\/wp\/v2\/media?parent=8470"}],"wp:term":[{"taxonomy":"category","embeddable":true,"href":"https:\/\/futbolhoy.co\/index.php\/wp-json\/wp\/v2\/categories?post=8470"},{"taxonomy":"post_tag","embeddable":true,"href":"https:\/\/futbolhoy.co\/index.php\/wp-json\/wp\/v2\/tags?post=8470"}],"curies":[{"name":"wp","href":"https:\/\/api.w.org\/{rel}","templated":true}]}}