{"id":8473,"date":"2017-10-26T08:48:54","date_gmt":"2017-10-26T13:48:54","guid":{"rendered":"http:\/\/futbolhoy.co\/?p=8473"},"modified":"2017-10-27T23:47:12","modified_gmt":"2017-10-28T04:47:12","slug":"falcao-rompe-acuerdo-con-hacienda-en-espana","status":"publish","type":"post","link":"https:\/\/futbolhoy.co\/index.php\/2017\/10\/26\/falcao-rompe-acuerdo-con-hacienda-en-espana\/","title":{"rendered":"Falcao rompe acuerdo con Hacienda en Espa\u00f1a"},"content":{"rendered":"<p style=\"text-align: justify;\">Hacienda de Espa\u00f1a rompi\u00f3 el pacto de pago que ten\u00eda con el delantero colombiano <strong>Falcao Garc\u00eda<\/strong>, por una supuesta evasi\u00f3n de impuestos\u00a0luego que el jugador pidiera una rebaja de 2 millones de euros a la multa, tras haber acordado pagar 6,9 millones y declararse culpable, seg\u00fan public\u00f3 el diario <strong>El Mundo.<\/strong><\/p>\n<p style=\"text-align: justify;\">Sin embargo, \u2018El Tigre\u2019 ya habr\u00eda abonado 8,2 millones de euros al fisco espa\u00f1ol, por lo que Hacienda deber\u00eda devolverle 1,3 millones.<\/p>\n<p style=\"text-align: justify;\">El colombiano contrat\u00f3 a Jos\u00e9 Antonio Choclan, abogado de <strong>Cristiano Ronaldo<\/strong> en un litigio similar, para solucionar los problemas que han surgido en su caso.<\/p>\n","protected":false},"excerpt":{"rendered":"<p>Hacienda de Espa\u00f1a rompi\u00f3 el pacto de pago que ten\u00eda con el delantero colombiano Falcao Garc\u00eda, por una supuesta evasi\u00f3n de impuestos\u00a0luego que el jugador pidiera una rebaja de 2 millones de euros a la multa, tras haber acordado pagar 6,9 millones y declararse culpable, seg\u00fan public\u00f3 el diario El Mundo. Sin embargo, \u2018El Tigre\u2019 [&hellip;]<\/p>\n","protected":false},"author":5,"featured_media":8474,"comment_status":"open","ping_status":"closed","sticky":false,"template":"","format":"standard","meta":{"_acf_changed":false,"footnotes":""},"categories":[152],"tags":[141,378],"class_list":{"0":"post-8473","1":"post","2":"type-post","3":"status-publish","4":"format-standard","5":"has-post-thumbnail","7":"category-mundo-futbol","8":"tag-falcao-garcia","9":"tag-hacienda"},"acf":[],"_links":{"self":[{"href":"https:\/\/futbolhoy.co\/index.php\/wp-json\/wp\/v2\/posts\/8473","targetHints":{"allow":["GET"]}}],"collection":[{"href":"https:\/\/futbolhoy.co\/index.php\/wp-json\/wp\/v2\/posts"}],"about":[{"href":"https:\/\/futbolhoy.co\/index.php\/wp-json\/wp\/v2\/types\/post"}],"author":[{"embeddable":true,"href":"https:\/\/futbolhoy.co\/index.php\/wp-json\/wp\/v2\/users\/5"}],"replies":[{"embeddable":true,"href":"https:\/\/futbolhoy.co\/index.php\/wp-json\/wp\/v2\/comments?post=8473"}],"version-history":[{"count":1,"href":"https:\/\/futbolhoy.co\/index.php\/wp-json\/wp\/v2\/posts\/8473\/revisions"}],"predecessor-version":[{"id":8475,"href":"https:\/\/futbolhoy.co\/index.php\/wp-json\/wp\/v2\/posts\/8473\/revisions\/8475"}],"wp:featuredmedia":[{"embeddable":true,"href":"https:\/\/futbolhoy.co\/index.php\/wp-json\/wp\/v2\/media\/8474"}],"wp:attachment":[{"href":"https:\/\/futbolhoy.co\/index.php\/wp-json\/wp\/v2\/media?parent=8473"}],"wp:term":[{"taxonomy":"category","embeddable":true,"href":"https:\/\/futbolhoy.co\/index.php\/wp-json\/wp\/v2\/categories?post=8473"},{"taxonomy":"post_tag","embeddable":true,"href":"https:\/\/futbolhoy.co\/index.php\/wp-json\/wp\/v2\/tags?post=8473"}],"curies":[{"name":"wp","href":"https:\/\/api.w.org\/{rel}","templated":true}]}}