{"id":85231,"date":"2022-09-14T10:03:28","date_gmt":"2022-09-14T15:03:28","guid":{"rendered":"https:\/\/futbolhoy.co\/?p=85231"},"modified":"2022-09-14T22:38:10","modified_gmt":"2022-09-15T03:38:10","slug":"cucuta-despidio-a-aquivaldo","status":"publish","type":"post","link":"https:\/\/futbolhoy.co\/index.php\/2022\/09\/14\/cucuta-despidio-a-aquivaldo\/","title":{"rendered":"C\u00facuta despidi\u00f3 a Aquivaldo"},"content":{"rendered":"<p style=\"text-align: justify;\"><span style=\"font-family: helvetica, arial, sans-serif;\">El t\u00e9cnico <strong>Aquivaldo Mosquera<\/strong> fue cesado de sus funciones en el <strong>C\u00facuta Deportivo,<\/strong> luego de la derrota 2-0 frente a <strong>Quind\u00edo,<\/strong> por la fecha 12 del <strong>Torneo BetPlay Dimayor II-2022.<\/strong><\/span><\/p>\n<p style=\"text-align: justify;\"><span style=\"font-family: helvetica, arial, sans-serif;\">Mosquera, quien lleg\u00f3 al club para su regreso al <strong>Torneo<\/strong> de <strong>Ascenso,<\/strong> ha dirigido 12 partidos.<\/span><\/p>\n<p style=\"text-align: justify;\"><span style=\"font-family: helvetica, arial, sans-serif;\">El equipo acumula 3 victorias, 3 empates y 6 derrotas con 12 puntos y un 33.3 % de rendimiento.<\/span><\/p>\n<p style=\"text-align: justify;\"><span style=\"font-family: helvetica, arial, sans-serif;\">En la pr\u00f3xima jornada, C\u00facuta recibir\u00e1 a <strong>Valledupar.<\/strong><\/span><\/p>\n<p><img fetchpriority=\"high\" decoding=\"async\" class=\"alignnone size-full wp-image-85233\" src=\"https:\/\/futbolhoy.co\/wp-content\/uploads\/2022\/09\/WhatsApp-Image-2022-09-14-at-9.41.49-AM.jpeg\" alt=\"\" width=\"1024\" height=\"923\" srcset=\"https:\/\/futbolhoy.co\/wp-content\/uploads\/2022\/09\/WhatsApp-Image-2022-09-14-at-9.41.49-AM.jpeg 1024w, https:\/\/futbolhoy.co\/wp-content\/uploads\/2022\/09\/WhatsApp-Image-2022-09-14-at-9.41.49-AM-300x270.jpeg 300w, https:\/\/futbolhoy.co\/wp-content\/uploads\/2022\/09\/WhatsApp-Image-2022-09-14-at-9.41.49-AM-768x692.jpeg 768w, https:\/\/futbolhoy.co\/wp-content\/uploads\/2022\/09\/WhatsApp-Image-2022-09-14-at-9.41.49-AM-696x627.jpeg 696w, https:\/\/futbolhoy.co\/wp-content\/uploads\/2022\/09\/WhatsApp-Image-2022-09-14-at-9.41.49-AM-466x420.jpeg 466w, https:\/\/futbolhoy.co\/wp-content\/uploads\/2022\/09\/WhatsApp-Image-2022-09-14-at-9.41.49-AM-128x115.jpeg 128w, https:\/\/futbolhoy.co\/wp-content\/uploads\/2022\/09\/WhatsApp-Image-2022-09-14-at-9.41.49-AM-32x29.jpeg 32w\" sizes=\"(max-width: 1024px) 100vw, 1024px\" \/><\/p>\n","protected":false},"excerpt":{"rendered":"<p>El t\u00e9cnico Aquivaldo Mosquera fue cesado de sus funciones en el C\u00facuta Deportivo, luego de la derrota 2-0 frente a Quind\u00edo, por la fecha 12 del Torneo BetPlay Dimayor II-2022. Mosquera, quien lleg\u00f3 al club para su regreso al Torneo de Ascenso, ha dirigido 12 partidos. El equipo acumula 3 victorias, 3 empates y 6 [&hellip;]<\/p>\n","protected":false},"author":5,"featured_media":85232,"comment_status":"open","ping_status":"open","sticky":false,"template":"","format":"standard","meta":{"_acf_changed":false,"footnotes":""},"categories":[7],"tags":[],"class_list":{"0":"post-85231","1":"post","2":"type-post","3":"status-publish","4":"format-standard","5":"has-post-thumbnail","7":"category-liga-betplay"},"acf":[],"yoast_head":"<!-- This site is optimized with the Yoast SEO plugin v26.8 - https:\/\/yoast.com\/product\/yoast-seo-wordpress\/ -->\n<title>C\u00facuta despidi\u00f3 a Aquivaldo -<\/title>\n<meta name=\"robots\" content=\"index, follow, max-snippet:-1, max-image-preview:large, max-video-preview:-1\" \/>\n<link rel=\"canonical\" href=\"https:\/\/futbolhoy.co\/index.php\/2022\/09\/14\/cucuta-despidio-a-aquivaldo\/\" \/>\n<meta property=\"og:locale\" content=\"es_ES\" \/>\n<meta property=\"og:type\" content=\"article\" \/>\n<meta property=\"og:title\" content=\"C\u00facuta despidi\u00f3 a Aquivaldo -\" \/>\n<meta property=\"og:description\" content=\"El t\u00e9cnico Aquivaldo Mosquera fue cesado de sus funciones en el C\u00facuta Deportivo, luego de la derrota 2-0 frente a Quind\u00edo, por la fecha 12 del Torneo BetPlay Dimayor II-2022. Mosquera, quien lleg\u00f3 al club para su regreso al Torneo de Ascenso, ha dirigido 12 partidos. El equipo acumula 3 victorias, 3 empates y 6 [&hellip;]\" \/>\n<meta property=\"og:url\" content=\"https:\/\/futbolhoy.co\/index.php\/2022\/09\/14\/cucuta-despidio-a-aquivaldo\/\" \/>\n<meta property=\"article:publisher\" content=\"https:\/\/www.facebook.com\/FutbolHoyCol\/\" \/>\n<meta property=\"article:published_time\" content=\"2022-09-14T15:03:28+00:00\" \/>\n<meta property=\"article:modified_time\" content=\"2022-09-15T03:38:10+00:00\" \/>\n<meta property=\"og:image\" content=\"https:\/\/futbolhoy.co\/wp-content\/uploads\/2022\/09\/FceIt4WWYAAAL9n.jpg\" \/>\n\t<meta property=\"og:image:width\" content=\"684\" \/>\n\t<meta property=\"og:image:height\" content=\"457\" \/>\n\t<meta property=\"og:image:type\" content=\"image\/jpeg\" \/>\n<meta name=\"author\" content=\"Laura Hern\u00e1ndez\" \/>\n<meta name=\"twitter:card\" content=\"summary_large_image\" \/>\n<meta name=\"twitter:creator\" content=\"@FutbolHoyCol\" \/>\n<meta name=\"twitter:site\" content=\"@FutbolHoyCol\" \/>\n<meta name=\"twitter:label1\" content=\"Escrito por\" \/>\n\t<meta name=\"twitter:data1\" content=\"Laura Hern\u00e1ndez\" \/>\n<script type=\"application\/ld+json\" class=\"yoast-schema-graph\">{\"@context\":\"https:\/\/schema.org\",\"@graph\":[{\"@type\":\"Article\",\"@id\":\"https:\/\/futbolhoy.co\/index.php\/2022\/09\/14\/cucuta-despidio-a-aquivaldo\/#article\",\"isPartOf\":{\"@id\":\"https:\/\/futbolhoy.co\/index.php\/2022\/09\/14\/cucuta-despidio-a-aquivaldo\/\"},\"author\":{\"name\":\"Laura Hern\u00e1ndez\",\"@id\":\"https:\/\/futbolhoy.co\/#\/schema\/person\/c4a353a512b127643723a34bb1812f7d\"},\"headline\":\"C\u00facuta despidi\u00f3 a Aquivaldo\",\"datePublished\":\"2022-09-14T15:03:28+00:00\",\"dateModified\":\"2022-09-15T03:38:10+00:00\",\"mainEntityOfPage\":{\"@id\":\"https:\/\/futbolhoy.co\/index.php\/2022\/09\/14\/cucuta-despidio-a-aquivaldo\/\"},\"wordCount\":75,\"commentCount\":0,\"publisher\":{\"@id\":\"https:\/\/futbolhoy.co\/#organization\"},\"image\":{\"@id\":\"https:\/\/futbolhoy.co\/index.php\/2022\/09\/14\/cucuta-despidio-a-aquivaldo\/#primaryimage\"},\"thumbnailUrl\":\"https:\/\/futbolhoy.co\/wp-content\/uploads\/2022\/09\/FceIt4WWYAAAL9n.jpg\",\"articleSection\":[\"Liga BetPlay\"],\"inLanguage\":\"es\",\"potentialAction\":[{\"@type\":\"CommentAction\",\"name\":\"Comment\",\"target\":[\"https:\/\/futbolhoy.co\/index.php\/2022\/09\/14\/cucuta-despidio-a-aquivaldo\/#respond\"]}]},{\"@type\":\"WebPage\",\"@id\":\"https:\/\/futbolhoy.co\/index.php\/2022\/09\/14\/cucuta-despidio-a-aquivaldo\/\",\"url\":\"https:\/\/futbolhoy.co\/index.php\/2022\/09\/14\/cucuta-despidio-a-aquivaldo\/\",\"name\":\"C\u00facuta despidi\u00f3 a Aquivaldo -\",\"isPartOf\":{\"@id\":\"https:\/\/futbolhoy.co\/#website\"},\"primaryImageOfPage\":{\"@id\":\"https:\/\/futbolhoy.co\/index.php\/2022\/09\/14\/cucuta-despidio-a-aquivaldo\/#primaryimage\"},\"image\":{\"@id\":\"https:\/\/futbolhoy.co\/index.php\/2022\/09\/14\/cucuta-despidio-a-aquivaldo\/#primaryimage\"},\"thumbnailUrl\":\"https:\/\/futbolhoy.co\/wp-content\/uploads\/2022\/09\/FceIt4WWYAAAL9n.jpg\",\"datePublished\":\"2022-09-14T15:03:28+00:00\",\"dateModified\":\"2022-09-15T03:38:10+00:00\",\"breadcrumb\":{\"@id\":\"https:\/\/futbolhoy.co\/index.php\/2022\/09\/14\/cucuta-despidio-a-aquivaldo\/#breadcrumb\"},\"inLanguage\":\"es\",\"potentialAction\":[{\"@type\":\"ReadAction\",\"target\":[\"https:\/\/futbolhoy.co\/index.php\/2022\/09\/14\/cucuta-despidio-a-aquivaldo\/\"]}]},{\"@type\":\"ImageObject\",\"inLanguage\":\"es\",\"@id\":\"https:\/\/futbolhoy.co\/index.php\/2022\/09\/14\/cucuta-despidio-a-aquivaldo\/#primaryimage\",\"url\":\"https:\/\/futbolhoy.co\/wp-content\/uploads\/2022\/09\/FceIt4WWYAAAL9n.jpg\",\"contentUrl\":\"https:\/\/futbolhoy.co\/wp-content\/uploads\/2022\/09\/FceIt4WWYAAAL9n.jpg\",\"width\":684,\"height\":457},{\"@type\":\"BreadcrumbList\",\"@id\":\"https:\/\/futbolhoy.co\/index.php\/2022\/09\/14\/cucuta-despidio-a-aquivaldo\/#breadcrumb\",\"itemListElement\":[{\"@type\":\"ListItem\",\"position\":1,\"name\":\"Portada\",\"item\":\"https:\/\/futbolhoy.co\/\"},{\"@type\":\"ListItem\",\"position\":2,\"name\":\"C\u00facuta despidi\u00f3 a Aquivaldo\"}]},{\"@type\":\"WebSite\",\"@id\":\"https:\/\/futbolhoy.co\/#website\",\"url\":\"https:\/\/futbolhoy.co\/\",\"name\":\"FutbolHoy\",\"description\":\"\",\"publisher\":{\"@id\":\"https:\/\/futbolhoy.co\/#organization\"},\"potentialAction\":[{\"@type\":\"SearchAction\",\"target\":{\"@type\":\"EntryPoint\",\"urlTemplate\":\"https:\/\/futbolhoy.co\/?s={search_term_string}\"},\"query-input\":{\"@type\":\"PropertyValueSpecification\",\"valueRequired\":true,\"valueName\":\"search_term_string\"}}],\"inLanguage\":\"es\"},{\"@type\":\"Organization\",\"@id\":\"https:\/\/futbolhoy.co\/#organization\",\"name\":\"Futbolhoy.co\",\"url\":\"https:\/\/futbolhoy.co\/\",\"logo\":{\"@type\":\"ImageObject\",\"inLanguage\":\"es\",\"@id\":\"https:\/\/futbolhoy.co\/#\/schema\/logo\/image\/\",\"url\":\"https:\/\/futbolhoy.co\/wp-content\/uploads\/2018\/08\/17426380_1906371736249227_6326180412931521141_n.jpg\",\"contentUrl\":\"https:\/\/futbolhoy.co\/wp-content\/uploads\/2018\/08\/17426380_1906371736249227_6326180412931521141_n.jpg\",\"width\":960,\"height\":960,\"caption\":\"Futbolhoy.co\"},\"image\":{\"@id\":\"https:\/\/futbolhoy.co\/#\/schema\/logo\/image\/\"},\"sameAs\":[\"https:\/\/www.facebook.com\/FutbolHoyCol\/\",\"https:\/\/x.com\/FutbolHoyCol\",\"https:\/\/www.instagram.com\/futbolhoycol\/\"]},{\"@type\":\"Person\",\"@id\":\"https:\/\/futbolhoy.co\/#\/schema\/person\/c4a353a512b127643723a34bb1812f7d\",\"name\":\"Laura Hern\u00e1ndez\",\"image\":{\"@type\":\"ImageObject\",\"inLanguage\":\"es\",\"@id\":\"https:\/\/futbolhoy.co\/#\/schema\/person\/image\/\",\"url\":\"https:\/\/secure.gravatar.com\/avatar\/d25959a15b9b293a743f99181c7cfd01?s=96&d=mm&r=g\",\"contentUrl\":\"https:\/\/secure.gravatar.com\/avatar\/d25959a15b9b293a743f99181c7cfd01?s=96&d=mm&r=g\",\"caption\":\"Laura Hern\u00e1ndez\"}}]}<\/script>\n<!-- \/ Yoast SEO plugin. -->","yoast_head_json":{"title":"C\u00facuta despidi\u00f3 a Aquivaldo -","robots":{"index":"index","follow":"follow","max-snippet":"max-snippet:-1","max-image-preview":"max-image-preview:large","max-video-preview":"max-video-preview:-1"},"canonical":"https:\/\/futbolhoy.co\/index.php\/2022\/09\/14\/cucuta-despidio-a-aquivaldo\/","og_locale":"es_ES","og_type":"article","og_title":"C\u00facuta despidi\u00f3 a Aquivaldo -","og_description":"El t\u00e9cnico Aquivaldo Mosquera fue cesado de sus funciones en el C\u00facuta Deportivo, luego de la derrota 2-0 frente a Quind\u00edo, por la fecha 12 del Torneo BetPlay Dimayor II-2022. Mosquera, quien lleg\u00f3 al club para su regreso al Torneo de Ascenso, ha dirigido 12 partidos. El equipo acumula 3 victorias, 3 empates y 6 [&hellip;]","og_url":"https:\/\/futbolhoy.co\/index.php\/2022\/09\/14\/cucuta-despidio-a-aquivaldo\/","article_publisher":"https:\/\/www.facebook.com\/FutbolHoyCol\/","article_published_time":"2022-09-14T15:03:28+00:00","article_modified_time":"2022-09-15T03:38:10+00:00","og_image":[{"width":684,"height":457,"url":"https:\/\/futbolhoy.co\/wp-content\/uploads\/2022\/09\/FceIt4WWYAAAL9n.jpg","type":"image\/jpeg"}],"author":"Laura Hern\u00e1ndez","twitter_card":"summary_large_image","twitter_creator":"@FutbolHoyCol","twitter_site":"@FutbolHoyCol","twitter_misc":{"Escrito por":"Laura Hern\u00e1ndez"},"schema":{"@context":"https:\/\/schema.org","@graph":[{"@type":"Article","@id":"https:\/\/futbolhoy.co\/index.php\/2022\/09\/14\/cucuta-despidio-a-aquivaldo\/#article","isPartOf":{"@id":"https:\/\/futbolhoy.co\/index.php\/2022\/09\/14\/cucuta-despidio-a-aquivaldo\/"},"author":{"name":"Laura Hern\u00e1ndez","@id":"https:\/\/futbolhoy.co\/#\/schema\/person\/c4a353a512b127643723a34bb1812f7d"},"headline":"C\u00facuta despidi\u00f3 a Aquivaldo","datePublished":"2022-09-14T15:03:28+00:00","dateModified":"2022-09-15T03:38:10+00:00","mainEntityOfPage":{"@id":"https:\/\/futbolhoy.co\/index.php\/2022\/09\/14\/cucuta-despidio-a-aquivaldo\/"},"wordCount":75,"commentCount":0,"publisher":{"@id":"https:\/\/futbolhoy.co\/#organization"},"image":{"@id":"https:\/\/futbolhoy.co\/index.php\/2022\/09\/14\/cucuta-despidio-a-aquivaldo\/#primaryimage"},"thumbnailUrl":"https:\/\/futbolhoy.co\/wp-content\/uploads\/2022\/09\/FceIt4WWYAAAL9n.jpg","articleSection":["Liga BetPlay"],"inLanguage":"es","potentialAction":[{"@type":"CommentAction","name":"Comment","target":["https:\/\/futbolhoy.co\/index.php\/2022\/09\/14\/cucuta-despidio-a-aquivaldo\/#respond"]}]},{"@type":"WebPage","@id":"https:\/\/futbolhoy.co\/index.php\/2022\/09\/14\/cucuta-despidio-a-aquivaldo\/","url":"https:\/\/futbolhoy.co\/index.php\/2022\/09\/14\/cucuta-despidio-a-aquivaldo\/","name":"C\u00facuta despidi\u00f3 a Aquivaldo -","isPartOf":{"@id":"https:\/\/futbolhoy.co\/#website"},"primaryImageOfPage":{"@id":"https:\/\/futbolhoy.co\/index.php\/2022\/09\/14\/cucuta-despidio-a-aquivaldo\/#primaryimage"},"image":{"@id":"https:\/\/futbolhoy.co\/index.php\/2022\/09\/14\/cucuta-despidio-a-aquivaldo\/#primaryimage"},"thumbnailUrl":"https:\/\/futbolhoy.co\/wp-content\/uploads\/2022\/09\/FceIt4WWYAAAL9n.jpg","datePublished":"2022-09-14T15:03:28+00:00","dateModified":"2022-09-15T03:38:10+00:00","breadcrumb":{"@id":"https:\/\/futbolhoy.co\/index.php\/2022\/09\/14\/cucuta-despidio-a-aquivaldo\/#breadcrumb"},"inLanguage":"es","potentialAction":[{"@type":"ReadAction","target":["https:\/\/futbolhoy.co\/index.php\/2022\/09\/14\/cucuta-despidio-a-aquivaldo\/"]}]},{"@type":"ImageObject","inLanguage":"es","@id":"https:\/\/futbolhoy.co\/index.php\/2022\/09\/14\/cucuta-despidio-a-aquivaldo\/#primaryimage","url":"https:\/\/futbolhoy.co\/wp-content\/uploads\/2022\/09\/FceIt4WWYAAAL9n.jpg","contentUrl":"https:\/\/futbolhoy.co\/wp-content\/uploads\/2022\/09\/FceIt4WWYAAAL9n.jpg","width":684,"height":457},{"@type":"BreadcrumbList","@id":"https:\/\/futbolhoy.co\/index.php\/2022\/09\/14\/cucuta-despidio-a-aquivaldo\/#breadcrumb","itemListElement":[{"@type":"ListItem","position":1,"name":"Portada","item":"https:\/\/futbolhoy.co\/"},{"@type":"ListItem","position":2,"name":"C\u00facuta despidi\u00f3 a Aquivaldo"}]},{"@type":"WebSite","@id":"https:\/\/futbolhoy.co\/#website","url":"https:\/\/futbolhoy.co\/","name":"FutbolHoy","description":"","publisher":{"@id":"https:\/\/futbolhoy.co\/#organization"},"potentialAction":[{"@type":"SearchAction","target":{"@type":"EntryPoint","urlTemplate":"https:\/\/futbolhoy.co\/?s={search_term_string}"},"query-input":{"@type":"PropertyValueSpecification","valueRequired":true,"valueName":"search_term_string"}}],"inLanguage":"es"},{"@type":"Organization","@id":"https:\/\/futbolhoy.co\/#organization","name":"Futbolhoy.co","url":"https:\/\/futbolhoy.co\/","logo":{"@type":"ImageObject","inLanguage":"es","@id":"https:\/\/futbolhoy.co\/#\/schema\/logo\/image\/","url":"https:\/\/futbolhoy.co\/wp-content\/uploads\/2018\/08\/17426380_1906371736249227_6326180412931521141_n.jpg","contentUrl":"https:\/\/futbolhoy.co\/wp-content\/uploads\/2018\/08\/17426380_1906371736249227_6326180412931521141_n.jpg","width":960,"height":960,"caption":"Futbolhoy.co"},"image":{"@id":"https:\/\/futbolhoy.co\/#\/schema\/logo\/image\/"},"sameAs":["https:\/\/www.facebook.com\/FutbolHoyCol\/","https:\/\/x.com\/FutbolHoyCol","https:\/\/www.instagram.com\/futbolhoycol\/"]},{"@type":"Person","@id":"https:\/\/futbolhoy.co\/#\/schema\/person\/c4a353a512b127643723a34bb1812f7d","name":"Laura Hern\u00e1ndez","image":{"@type":"ImageObject","inLanguage":"es","@id":"https:\/\/futbolhoy.co\/#\/schema\/person\/image\/","url":"https:\/\/secure.gravatar.com\/avatar\/d25959a15b9b293a743f99181c7cfd01?s=96&d=mm&r=g","contentUrl":"https:\/\/secure.gravatar.com\/avatar\/d25959a15b9b293a743f99181c7cfd01?s=96&d=mm&r=g","caption":"Laura Hern\u00e1ndez"}}]}},"publishpress_future_action":{"enabled":false,"date":"2026-05-02 00:14:07","action":"change-status","newStatus":"draft","terms":[],"taxonomy":"category","extraData":[]},"publishpress_future_workflow_manual_trigger":{"enabledWorkflows":[]},"_links":{"self":[{"href":"https:\/\/futbolhoy.co\/index.php\/wp-json\/wp\/v2\/posts\/85231","targetHints":{"allow":["GET"]}}],"collection":[{"href":"https:\/\/futbolhoy.co\/index.php\/wp-json\/wp\/v2\/posts"}],"about":[{"href":"https:\/\/futbolhoy.co\/index.php\/wp-json\/wp\/v2\/types\/post"}],"author":[{"embeddable":true,"href":"https:\/\/futbolhoy.co\/index.php\/wp-json\/wp\/v2\/users\/5"}],"replies":[{"embeddable":true,"href":"https:\/\/futbolhoy.co\/index.php\/wp-json\/wp\/v2\/comments?post=85231"}],"version-history":[{"count":1,"href":"https:\/\/futbolhoy.co\/index.php\/wp-json\/wp\/v2\/posts\/85231\/revisions"}],"predecessor-version":[{"id":85234,"href":"https:\/\/futbolhoy.co\/index.php\/wp-json\/wp\/v2\/posts\/85231\/revisions\/85234"}],"wp:featuredmedia":[{"embeddable":true,"href":"https:\/\/futbolhoy.co\/index.php\/wp-json\/wp\/v2\/media\/85232"}],"wp:attachment":[{"href":"https:\/\/futbolhoy.co\/index.php\/wp-json\/wp\/v2\/media?parent=85231"}],"wp:term":[{"taxonomy":"category","embeddable":true,"href":"https:\/\/futbolhoy.co\/index.php\/wp-json\/wp\/v2\/categories?post=85231"},{"taxonomy":"post_tag","embeddable":true,"href":"https:\/\/futbolhoy.co\/index.php\/wp-json\/wp\/v2\/tags?post=85231"}],"curies":[{"name":"wp","href":"https:\/\/api.w.org\/{rel}","templated":true}]}}