{"id":85241,"date":"2022-09-14T07:00:43","date_gmt":"2022-09-14T12:00:43","guid":{"rendered":"https:\/\/futbolhoy.co\/?p=85241"},"modified":"2022-09-14T21:08:53","modified_gmt":"2022-09-15T02:08:53","slug":"cali-buscara-su-primer-triunfo","status":"publish","type":"post","link":"https:\/\/futbolhoy.co\/index.php\/2022\/09\/14\/cali-buscara-su-primer-triunfo\/","title":{"rendered":"Cali buscar\u00e1 su primer triunfo"},"content":{"rendered":"<p class=\"ydpdef9c4f6MsoNormal\" style=\"text-align: justify;\"><span style=\"font-family: helvetica, arial, sans-serif;\"><strong>Deportivo Cali<\/strong>, que esta semana ratific\u00f3 a su t\u00e9cnico <strong>Mayer Candelo<\/strong>, tiene <span dir=\"ltr\">este mi\u00e9rcoles<\/span> frente al <strong>Pasto<\/strong>, en juego aplazado de la s\u00e9ptima fecha, la gran opci\u00f3n de conseguir su primera victoria en Liga durante este Finalizaci\u00f3n.<\/span><\/p>\n<p class=\"ydpdef9c4f6MsoNormal\" style=\"text-align: justify;\"><span style=\"font-family: helvetica, arial, sans-serif;\">Los \u2018Azucareros\u2019, en 12 jornadas disputadas, suman 5 empates y 5 derrotas. El equipo est\u00e1 \u00faltimo en la tabla con 5 puntos.<\/span><\/p>\n<p class=\"ydpdef9c4f6MsoNormal\" style=\"text-align: justify;\"><span style=\"font-family: helvetica, arial, sans-serif;\">El equipo nari\u00f1ense ocupa la sexta posici\u00f3n con 17 unidades.<\/span><\/p>\n<p class=\"ydpdef9c4f6MsoNormal\" style=\"text-align: justify;\"><strong><span style=\"font-family: helvetica, arial, sans-serif;\"><i>Cali-Pasto<\/i><\/span><\/strong><\/p>\n<p class=\"ydpdef9c4f6MsoNormal\" style=\"text-align: justify;\"><span style=\"font-family: helvetica, arial, sans-serif;\">\u2022 Deportivo Pasto no perdi\u00f3 en sus \u00faltimos cuatro partidos ante Deportivo Cali en Liga (2V 2E). Es su mejor racha invicta ante los \u2018Azucareros\u2019 en el torneo desde una de ocho partidos entre junio de 2006 y abril de 2009 (3V 5E).<\/span><\/p>\n<p class=\"ydpdef9c4f6MsoNormal\" style=\"text-align: justify;\"><span style=\"font-family: helvetica, arial, sans-serif;\">\u2022 El equipo vallecaucano complet\u00f3 12 encuentros sin victorias en Primera Divisi\u00f3n (6E 6D). Es su peor racha en el torneo en el Siglo XXI. Los cale\u00f1os recibieron al menos un gol en todos los partidos en ese intervalo.<\/span><\/p>\n<p class=\"ydpdef9c4f6MsoNormal\" style=\"text-align: justify;\"><span style=\"font-family: helvetica, arial, sans-serif;\">\u2022 Los nari\u00f1enses tienen cinco triunfos en 10 partidos en la Liga BetPlay Dimayor II-2022 (5V2E 3D). Es el mismo n\u00famero de victorias que tuvo en 20 partidos en el Apertura de la actual temporada (5V 7E 8D).<\/span><\/p>\n<p class=\"ydpdef9c4f6MsoNormal\" style=\"text-align: justify;\"><span style=\"font-family: helvetica, arial, sans-serif;\">\u2022 Los encuentros del Cali en la Liga tuvieron 37 goles anotados (14 en favor, 23 en contra). Es el mayor promedio de goles en los partidos de un equipo en la actual temporada del torneo (3.7 por partido).<\/span><\/p>\n","protected":false},"excerpt":{"rendered":"<p>Deportivo Cali, que esta semana ratific\u00f3 a su t\u00e9cnico Mayer Candelo, tiene este mi\u00e9rcoles frente al Pasto, en juego aplazado de la s\u00e9ptima fecha, la gran opci\u00f3n de conseguir su primera victoria en Liga durante este Finalizaci\u00f3n. Los \u2018Azucareros\u2019, en 12 jornadas disputadas, suman 5 empates y 5 derrotas. El equipo est\u00e1 \u00faltimo en la [&hellip;]<\/p>\n","protected":false},"author":5,"featured_media":85242,"comment_status":"open","ping_status":"open","sticky":false,"template":"","format":"standard","meta":{"_acf_changed":false,"footnotes":""},"categories":[7],"tags":[],"class_list":{"0":"post-85241","1":"post","2":"type-post","3":"status-publish","4":"format-standard","5":"has-post-thumbnail","7":"category-liga-betplay"},"acf":[],"yoast_head":"<!-- This site is optimized with the Yoast SEO plugin v26.8 - https:\/\/yoast.com\/product\/yoast-seo-wordpress\/ -->\n<title>Cali buscar\u00e1 su primer triunfo -<\/title>\n<meta name=\"robots\" content=\"index, follow, max-snippet:-1, max-image-preview:large, max-video-preview:-1\" \/>\n<link rel=\"canonical\" href=\"https:\/\/futbolhoy.co\/index.php\/2022\/09\/14\/cali-buscara-su-primer-triunfo\/\" \/>\n<meta property=\"og:locale\" content=\"es_ES\" \/>\n<meta property=\"og:type\" content=\"article\" \/>\n<meta property=\"og:title\" content=\"Cali buscar\u00e1 su primer triunfo -\" \/>\n<meta property=\"og:description\" content=\"Deportivo Cali, que esta semana ratific\u00f3 a su t\u00e9cnico Mayer Candelo, tiene este mi\u00e9rcoles frente al Pasto, en juego aplazado de la s\u00e9ptima fecha, la gran opci\u00f3n de conseguir su primera victoria en Liga durante este Finalizaci\u00f3n. Los \u2018Azucareros\u2019, en 12 jornadas disputadas, suman 5 empates y 5 derrotas. El equipo est\u00e1 \u00faltimo en la [&hellip;]\" \/>\n<meta property=\"og:url\" content=\"https:\/\/futbolhoy.co\/index.php\/2022\/09\/14\/cali-buscara-su-primer-triunfo\/\" \/>\n<meta property=\"article:publisher\" content=\"https:\/\/www.facebook.com\/FutbolHoyCol\/\" \/>\n<meta property=\"article:published_time\" content=\"2022-09-14T12:00:43+00:00\" \/>\n<meta property=\"article:modified_time\" content=\"2022-09-15T02:08:53+00:00\" \/>\n<meta property=\"og:image\" content=\"https:\/\/futbolhoy.co\/wp-content\/uploads\/2022\/09\/9574CDCC-AFA2-482F-B5DB-6A8B1D9563B5.jpeg\" \/>\n\t<meta property=\"og:image:width\" content=\"2048\" \/>\n\t<meta property=\"og:image:height\" content=\"1366\" \/>\n\t<meta property=\"og:image:type\" content=\"image\/jpeg\" \/>\n<meta name=\"author\" content=\"Laura Hern\u00e1ndez\" \/>\n<meta name=\"twitter:card\" content=\"summary_large_image\" \/>\n<meta name=\"twitter:creator\" content=\"@FutbolHoyCol\" \/>\n<meta name=\"twitter:site\" content=\"@FutbolHoyCol\" \/>\n<meta name=\"twitter:label1\" content=\"Escrito por\" \/>\n\t<meta name=\"twitter:data1\" content=\"Laura Hern\u00e1ndez\" \/>\n\t<meta name=\"twitter:label2\" content=\"Tiempo de lectura\" \/>\n\t<meta name=\"twitter:data2\" content=\"1 minuto\" \/>\n<script type=\"application\/ld+json\" class=\"yoast-schema-graph\">{\"@context\":\"https:\/\/schema.org\",\"@graph\":[{\"@type\":\"Article\",\"@id\":\"https:\/\/futbolhoy.co\/index.php\/2022\/09\/14\/cali-buscara-su-primer-triunfo\/#article\",\"isPartOf\":{\"@id\":\"https:\/\/futbolhoy.co\/index.php\/2022\/09\/14\/cali-buscara-su-primer-triunfo\/\"},\"author\":{\"name\":\"Laura Hern\u00e1ndez\",\"@id\":\"https:\/\/futbolhoy.co\/#\/schema\/person\/c4a353a512b127643723a34bb1812f7d\"},\"headline\":\"Cali buscar\u00e1 su primer triunfo\",\"datePublished\":\"2022-09-14T12:00:43+00:00\",\"dateModified\":\"2022-09-15T02:08:53+00:00\",\"mainEntityOfPage\":{\"@id\":\"https:\/\/futbolhoy.co\/index.php\/2022\/09\/14\/cali-buscara-su-primer-triunfo\/\"},\"wordCount\":228,\"commentCount\":0,\"publisher\":{\"@id\":\"https:\/\/futbolhoy.co\/#organization\"},\"image\":{\"@id\":\"https:\/\/futbolhoy.co\/index.php\/2022\/09\/14\/cali-buscara-su-primer-triunfo\/#primaryimage\"},\"thumbnailUrl\":\"https:\/\/futbolhoy.co\/wp-content\/uploads\/2022\/09\/9574CDCC-AFA2-482F-B5DB-6A8B1D9563B5.jpeg\",\"articleSection\":[\"Liga BetPlay\"],\"inLanguage\":\"es\",\"potentialAction\":[{\"@type\":\"CommentAction\",\"name\":\"Comment\",\"target\":[\"https:\/\/futbolhoy.co\/index.php\/2022\/09\/14\/cali-buscara-su-primer-triunfo\/#respond\"]}]},{\"@type\":\"WebPage\",\"@id\":\"https:\/\/futbolhoy.co\/index.php\/2022\/09\/14\/cali-buscara-su-primer-triunfo\/\",\"url\":\"https:\/\/futbolhoy.co\/index.php\/2022\/09\/14\/cali-buscara-su-primer-triunfo\/\",\"name\":\"Cali buscar\u00e1 su primer triunfo -\",\"isPartOf\":{\"@id\":\"https:\/\/futbolhoy.co\/#website\"},\"primaryImageOfPage\":{\"@id\":\"https:\/\/futbolhoy.co\/index.php\/2022\/09\/14\/cali-buscara-su-primer-triunfo\/#primaryimage\"},\"image\":{\"@id\":\"https:\/\/futbolhoy.co\/index.php\/2022\/09\/14\/cali-buscara-su-primer-triunfo\/#primaryimage\"},\"thumbnailUrl\":\"https:\/\/futbolhoy.co\/wp-content\/uploads\/2022\/09\/9574CDCC-AFA2-482F-B5DB-6A8B1D9563B5.jpeg\",\"datePublished\":\"2022-09-14T12:00:43+00:00\",\"dateModified\":\"2022-09-15T02:08:53+00:00\",\"breadcrumb\":{\"@id\":\"https:\/\/futbolhoy.co\/index.php\/2022\/09\/14\/cali-buscara-su-primer-triunfo\/#breadcrumb\"},\"inLanguage\":\"es\",\"potentialAction\":[{\"@type\":\"ReadAction\",\"target\":[\"https:\/\/futbolhoy.co\/index.php\/2022\/09\/14\/cali-buscara-su-primer-triunfo\/\"]}]},{\"@type\":\"ImageObject\",\"inLanguage\":\"es\",\"@id\":\"https:\/\/futbolhoy.co\/index.php\/2022\/09\/14\/cali-buscara-su-primer-triunfo\/#primaryimage\",\"url\":\"https:\/\/futbolhoy.co\/wp-content\/uploads\/2022\/09\/9574CDCC-AFA2-482F-B5DB-6A8B1D9563B5.jpeg\",\"contentUrl\":\"https:\/\/futbolhoy.co\/wp-content\/uploads\/2022\/09\/9574CDCC-AFA2-482F-B5DB-6A8B1D9563B5.jpeg\",\"width\":2048,\"height\":1366},{\"@type\":\"BreadcrumbList\",\"@id\":\"https:\/\/futbolhoy.co\/index.php\/2022\/09\/14\/cali-buscara-su-primer-triunfo\/#breadcrumb\",\"itemListElement\":[{\"@type\":\"ListItem\",\"position\":1,\"name\":\"Portada\",\"item\":\"https:\/\/futbolhoy.co\/\"},{\"@type\":\"ListItem\",\"position\":2,\"name\":\"Cali buscar\u00e1 su primer triunfo\"}]},{\"@type\":\"WebSite\",\"@id\":\"https:\/\/futbolhoy.co\/#website\",\"url\":\"https:\/\/futbolhoy.co\/\",\"name\":\"FutbolHoy\",\"description\":\"\",\"publisher\":{\"@id\":\"https:\/\/futbolhoy.co\/#organization\"},\"potentialAction\":[{\"@type\":\"SearchAction\",\"target\":{\"@type\":\"EntryPoint\",\"urlTemplate\":\"https:\/\/futbolhoy.co\/?s={search_term_string}\"},\"query-input\":{\"@type\":\"PropertyValueSpecification\",\"valueRequired\":true,\"valueName\":\"search_term_string\"}}],\"inLanguage\":\"es\"},{\"@type\":\"Organization\",\"@id\":\"https:\/\/futbolhoy.co\/#organization\",\"name\":\"Futbolhoy.co\",\"url\":\"https:\/\/futbolhoy.co\/\",\"logo\":{\"@type\":\"ImageObject\",\"inLanguage\":\"es\",\"@id\":\"https:\/\/futbolhoy.co\/#\/schema\/logo\/image\/\",\"url\":\"https:\/\/futbolhoy.co\/wp-content\/uploads\/2018\/08\/17426380_1906371736249227_6326180412931521141_n.jpg\",\"contentUrl\":\"https:\/\/futbolhoy.co\/wp-content\/uploads\/2018\/08\/17426380_1906371736249227_6326180412931521141_n.jpg\",\"width\":960,\"height\":960,\"caption\":\"Futbolhoy.co\"},\"image\":{\"@id\":\"https:\/\/futbolhoy.co\/#\/schema\/logo\/image\/\"},\"sameAs\":[\"https:\/\/www.facebook.com\/FutbolHoyCol\/\",\"https:\/\/x.com\/FutbolHoyCol\",\"https:\/\/www.instagram.com\/futbolhoycol\/\"]},{\"@type\":\"Person\",\"@id\":\"https:\/\/futbolhoy.co\/#\/schema\/person\/c4a353a512b127643723a34bb1812f7d\",\"name\":\"Laura Hern\u00e1ndez\",\"image\":{\"@type\":\"ImageObject\",\"inLanguage\":\"es\",\"@id\":\"https:\/\/futbolhoy.co\/#\/schema\/person\/image\/\",\"url\":\"https:\/\/secure.gravatar.com\/avatar\/d25959a15b9b293a743f99181c7cfd01?s=96&d=mm&r=g\",\"contentUrl\":\"https:\/\/secure.gravatar.com\/avatar\/d25959a15b9b293a743f99181c7cfd01?s=96&d=mm&r=g\",\"caption\":\"Laura Hern\u00e1ndez\"}}]}<\/script>\n<!-- \/ Yoast SEO plugin. -->","yoast_head_json":{"title":"Cali buscar\u00e1 su primer triunfo -","robots":{"index":"index","follow":"follow","max-snippet":"max-snippet:-1","max-image-preview":"max-image-preview:large","max-video-preview":"max-video-preview:-1"},"canonical":"https:\/\/futbolhoy.co\/index.php\/2022\/09\/14\/cali-buscara-su-primer-triunfo\/","og_locale":"es_ES","og_type":"article","og_title":"Cali buscar\u00e1 su primer triunfo -","og_description":"Deportivo Cali, que esta semana ratific\u00f3 a su t\u00e9cnico Mayer Candelo, tiene este mi\u00e9rcoles frente al Pasto, en juego aplazado de la s\u00e9ptima fecha, la gran opci\u00f3n de conseguir su primera victoria en Liga durante este Finalizaci\u00f3n. Los \u2018Azucareros\u2019, en 12 jornadas disputadas, suman 5 empates y 5 derrotas. El equipo est\u00e1 \u00faltimo en la [&hellip;]","og_url":"https:\/\/futbolhoy.co\/index.php\/2022\/09\/14\/cali-buscara-su-primer-triunfo\/","article_publisher":"https:\/\/www.facebook.com\/FutbolHoyCol\/","article_published_time":"2022-09-14T12:00:43+00:00","article_modified_time":"2022-09-15T02:08:53+00:00","og_image":[{"width":2048,"height":1366,"url":"https:\/\/futbolhoy.co\/wp-content\/uploads\/2022\/09\/9574CDCC-AFA2-482F-B5DB-6A8B1D9563B5.jpeg","type":"image\/jpeg"}],"author":"Laura Hern\u00e1ndez","twitter_card":"summary_large_image","twitter_creator":"@FutbolHoyCol","twitter_site":"@FutbolHoyCol","twitter_misc":{"Escrito por":"Laura Hern\u00e1ndez","Tiempo de lectura":"1 minuto"},"schema":{"@context":"https:\/\/schema.org","@graph":[{"@type":"Article","@id":"https:\/\/futbolhoy.co\/index.php\/2022\/09\/14\/cali-buscara-su-primer-triunfo\/#article","isPartOf":{"@id":"https:\/\/futbolhoy.co\/index.php\/2022\/09\/14\/cali-buscara-su-primer-triunfo\/"},"author":{"name":"Laura Hern\u00e1ndez","@id":"https:\/\/futbolhoy.co\/#\/schema\/person\/c4a353a512b127643723a34bb1812f7d"},"headline":"Cali buscar\u00e1 su primer triunfo","datePublished":"2022-09-14T12:00:43+00:00","dateModified":"2022-09-15T02:08:53+00:00","mainEntityOfPage":{"@id":"https:\/\/futbolhoy.co\/index.php\/2022\/09\/14\/cali-buscara-su-primer-triunfo\/"},"wordCount":228,"commentCount":0,"publisher":{"@id":"https:\/\/futbolhoy.co\/#organization"},"image":{"@id":"https:\/\/futbolhoy.co\/index.php\/2022\/09\/14\/cali-buscara-su-primer-triunfo\/#primaryimage"},"thumbnailUrl":"https:\/\/futbolhoy.co\/wp-content\/uploads\/2022\/09\/9574CDCC-AFA2-482F-B5DB-6A8B1D9563B5.jpeg","articleSection":["Liga BetPlay"],"inLanguage":"es","potentialAction":[{"@type":"CommentAction","name":"Comment","target":["https:\/\/futbolhoy.co\/index.php\/2022\/09\/14\/cali-buscara-su-primer-triunfo\/#respond"]}]},{"@type":"WebPage","@id":"https:\/\/futbolhoy.co\/index.php\/2022\/09\/14\/cali-buscara-su-primer-triunfo\/","url":"https:\/\/futbolhoy.co\/index.php\/2022\/09\/14\/cali-buscara-su-primer-triunfo\/","name":"Cali buscar\u00e1 su primer triunfo -","isPartOf":{"@id":"https:\/\/futbolhoy.co\/#website"},"primaryImageOfPage":{"@id":"https:\/\/futbolhoy.co\/index.php\/2022\/09\/14\/cali-buscara-su-primer-triunfo\/#primaryimage"},"image":{"@id":"https:\/\/futbolhoy.co\/index.php\/2022\/09\/14\/cali-buscara-su-primer-triunfo\/#primaryimage"},"thumbnailUrl":"https:\/\/futbolhoy.co\/wp-content\/uploads\/2022\/09\/9574CDCC-AFA2-482F-B5DB-6A8B1D9563B5.jpeg","datePublished":"2022-09-14T12:00:43+00:00","dateModified":"2022-09-15T02:08:53+00:00","breadcrumb":{"@id":"https:\/\/futbolhoy.co\/index.php\/2022\/09\/14\/cali-buscara-su-primer-triunfo\/#breadcrumb"},"inLanguage":"es","potentialAction":[{"@type":"ReadAction","target":["https:\/\/futbolhoy.co\/index.php\/2022\/09\/14\/cali-buscara-su-primer-triunfo\/"]}]},{"@type":"ImageObject","inLanguage":"es","@id":"https:\/\/futbolhoy.co\/index.php\/2022\/09\/14\/cali-buscara-su-primer-triunfo\/#primaryimage","url":"https:\/\/futbolhoy.co\/wp-content\/uploads\/2022\/09\/9574CDCC-AFA2-482F-B5DB-6A8B1D9563B5.jpeg","contentUrl":"https:\/\/futbolhoy.co\/wp-content\/uploads\/2022\/09\/9574CDCC-AFA2-482F-B5DB-6A8B1D9563B5.jpeg","width":2048,"height":1366},{"@type":"BreadcrumbList","@id":"https:\/\/futbolhoy.co\/index.php\/2022\/09\/14\/cali-buscara-su-primer-triunfo\/#breadcrumb","itemListElement":[{"@type":"ListItem","position":1,"name":"Portada","item":"https:\/\/futbolhoy.co\/"},{"@type":"ListItem","position":2,"name":"Cali buscar\u00e1 su primer triunfo"}]},{"@type":"WebSite","@id":"https:\/\/futbolhoy.co\/#website","url":"https:\/\/futbolhoy.co\/","name":"FutbolHoy","description":"","publisher":{"@id":"https:\/\/futbolhoy.co\/#organization"},"potentialAction":[{"@type":"SearchAction","target":{"@type":"EntryPoint","urlTemplate":"https:\/\/futbolhoy.co\/?s={search_term_string}"},"query-input":{"@type":"PropertyValueSpecification","valueRequired":true,"valueName":"search_term_string"}}],"inLanguage":"es"},{"@type":"Organization","@id":"https:\/\/futbolhoy.co\/#organization","name":"Futbolhoy.co","url":"https:\/\/futbolhoy.co\/","logo":{"@type":"ImageObject","inLanguage":"es","@id":"https:\/\/futbolhoy.co\/#\/schema\/logo\/image\/","url":"https:\/\/futbolhoy.co\/wp-content\/uploads\/2018\/08\/17426380_1906371736249227_6326180412931521141_n.jpg","contentUrl":"https:\/\/futbolhoy.co\/wp-content\/uploads\/2018\/08\/17426380_1906371736249227_6326180412931521141_n.jpg","width":960,"height":960,"caption":"Futbolhoy.co"},"image":{"@id":"https:\/\/futbolhoy.co\/#\/schema\/logo\/image\/"},"sameAs":["https:\/\/www.facebook.com\/FutbolHoyCol\/","https:\/\/x.com\/FutbolHoyCol","https:\/\/www.instagram.com\/futbolhoycol\/"]},{"@type":"Person","@id":"https:\/\/futbolhoy.co\/#\/schema\/person\/c4a353a512b127643723a34bb1812f7d","name":"Laura Hern\u00e1ndez","image":{"@type":"ImageObject","inLanguage":"es","@id":"https:\/\/futbolhoy.co\/#\/schema\/person\/image\/","url":"https:\/\/secure.gravatar.com\/avatar\/d25959a15b9b293a743f99181c7cfd01?s=96&d=mm&r=g","contentUrl":"https:\/\/secure.gravatar.com\/avatar\/d25959a15b9b293a743f99181c7cfd01?s=96&d=mm&r=g","caption":"Laura Hern\u00e1ndez"}}]}},"publishpress_future_action":{"enabled":false,"date":"2026-05-02 02:58:59","action":"change-status","newStatus":"draft","terms":[],"taxonomy":"category","extraData":[]},"publishpress_future_workflow_manual_trigger":{"enabledWorkflows":[]},"_links":{"self":[{"href":"https:\/\/futbolhoy.co\/index.php\/wp-json\/wp\/v2\/posts\/85241","targetHints":{"allow":["GET"]}}],"collection":[{"href":"https:\/\/futbolhoy.co\/index.php\/wp-json\/wp\/v2\/posts"}],"about":[{"href":"https:\/\/futbolhoy.co\/index.php\/wp-json\/wp\/v2\/types\/post"}],"author":[{"embeddable":true,"href":"https:\/\/futbolhoy.co\/index.php\/wp-json\/wp\/v2\/users\/5"}],"replies":[{"embeddable":true,"href":"https:\/\/futbolhoy.co\/index.php\/wp-json\/wp\/v2\/comments?post=85241"}],"version-history":[{"count":1,"href":"https:\/\/futbolhoy.co\/index.php\/wp-json\/wp\/v2\/posts\/85241\/revisions"}],"predecessor-version":[{"id":85243,"href":"https:\/\/futbolhoy.co\/index.php\/wp-json\/wp\/v2\/posts\/85241\/revisions\/85243"}],"wp:featuredmedia":[{"embeddable":true,"href":"https:\/\/futbolhoy.co\/index.php\/wp-json\/wp\/v2\/media\/85242"}],"wp:attachment":[{"href":"https:\/\/futbolhoy.co\/index.php\/wp-json\/wp\/v2\/media?parent=85241"}],"wp:term":[{"taxonomy":"category","embeddable":true,"href":"https:\/\/futbolhoy.co\/index.php\/wp-json\/wp\/v2\/categories?post=85241"},{"taxonomy":"post_tag","embeddable":true,"href":"https:\/\/futbolhoy.co\/index.php\/wp-json\/wp\/v2\/tags?post=85241"}],"curies":[{"name":"wp","href":"https:\/\/api.w.org\/{rel}","templated":true}]}}