{"id":8549,"date":"2017-10-27T10:35:41","date_gmt":"2017-10-27T15:35:41","guid":{"rendered":"http:\/\/futbolhoy.co\/?p=8549"},"modified":"2017-11-02T10:49:16","modified_gmt":"2017-11-02T15:49:16","slug":"sport-recife-despide-a-luxemburgo-tras-derrota-en-copa-suramericana","status":"publish","type":"post","link":"https:\/\/futbolhoy.co\/index.php\/2017\/10\/27\/sport-recife-despide-a-luxemburgo-tras-derrota-en-copa-suramericana\/","title":{"rendered":"Sport Recife despide a Luxemburgo tras derrota en Copa Suramericana"},"content":{"rendered":"<p style=\"text-align: justify;\"><b>Sport Recife<\/b>\u00a0destituy\u00f3 al t\u00e9cnico\u00a0<b>Vanderlei Luxemburgo <\/b>minutos\u00a0despu\u00e9s que el club cayera derrotado 2-0 frente al <strong>Atl\u00e9tico<\/strong><b>\u00a0Junior<\/b>\u00a0en la ida de los cuartos de final de la\u00a0<b>Copa Sudamericana<\/b>.<u><\/u><u><\/u><\/p>\n<p style=\"text-align: justify;\">\u00abNuestra posici\u00f3n no es por este juego, los quiero felicitar (&#8230;) [el Junior] era un equipo mejor que el nuestro\u00bb, dijo el vicepresidente del Sport Recife,\u00a0<b>Gustavo Dubeux<\/b>, en rueda de prensa.<u><\/u><u><\/u><\/p>\n<p style=\"text-align: justify;\">El directivo, que no respondi\u00f3 preguntas, enfatiz\u00f3 que el foco del equipo debe ser el campeonato brasile\u00f1o de f\u00fatbol, en donde el equipo ocupa la decimoquinta posici\u00f3n y lucha por evitar la zona del descenso.<u><\/u><u><\/u><\/p>\n<p style=\"text-align: justify;\">El dirigente agradeci\u00f3 al t\u00e9cnico, al que calific\u00f3 de ser un \u00abexcelente profesional\u00bb.<u><\/u><u><\/u><\/p>\n<p style=\"text-align: justify;\">Luxemburgo, aparentemente molesto, dedic\u00f3 palabras de agradecimiento a la prensa y a la hinchada pernambucana. \u00abInfelizmente el f\u00fatbol es as\u00ed, todo se vuelve culpa del t\u00e9cnico. Para ellos era mejor que yo saliera\u00bb, coment\u00f3.<u><\/u><u><\/u><\/p>\n","protected":false},"excerpt":{"rendered":"<p>Sport Recife\u00a0destituy\u00f3 al t\u00e9cnico\u00a0Vanderlei Luxemburgo minutos\u00a0despu\u00e9s que el club cayera derrotado 2-0 frente al Atl\u00e9tico\u00a0Junior\u00a0en la ida de los cuartos de final de la\u00a0Copa Sudamericana. \u00abNuestra posici\u00f3n no es por este juego, los quiero felicitar (&#8230;) [el Junior] era un equipo mejor que el nuestro\u00bb, dijo el vicepresidente del Sport Recife,\u00a0Gustavo Dubeux, en rueda de [&hellip;]<\/p>\n","protected":false},"author":5,"featured_media":8551,"comment_status":"open","ping_status":"closed","sticky":false,"template":"","format":"standard","meta":{"_acf_changed":false,"footnotes":""},"categories":[152],"tags":[91,90,381],"class_list":{"0":"post-8549","1":"post","2":"type-post","3":"status-publish","4":"format-standard","5":"has-post-thumbnail","7":"category-mundo-futbol","8":"tag-copa-sudamericana","9":"tag-junior","10":"tag-sport-recife"},"acf":[],"_links":{"self":[{"href":"https:\/\/futbolhoy.co\/index.php\/wp-json\/wp\/v2\/posts\/8549","targetHints":{"allow":["GET"]}}],"collection":[{"href":"https:\/\/futbolhoy.co\/index.php\/wp-json\/wp\/v2\/posts"}],"about":[{"href":"https:\/\/futbolhoy.co\/index.php\/wp-json\/wp\/v2\/types\/post"}],"author":[{"embeddable":true,"href":"https:\/\/futbolhoy.co\/index.php\/wp-json\/wp\/v2\/users\/5"}],"replies":[{"embeddable":true,"href":"https:\/\/futbolhoy.co\/index.php\/wp-json\/wp\/v2\/comments?post=8549"}],"version-history":[{"count":1,"href":"https:\/\/futbolhoy.co\/index.php\/wp-json\/wp\/v2\/posts\/8549\/revisions"}],"predecessor-version":[{"id":8552,"href":"https:\/\/futbolhoy.co\/index.php\/wp-json\/wp\/v2\/posts\/8549\/revisions\/8552"}],"wp:featuredmedia":[{"embeddable":true,"href":"https:\/\/futbolhoy.co\/index.php\/wp-json\/wp\/v2\/media\/8551"}],"wp:attachment":[{"href":"https:\/\/futbolhoy.co\/index.php\/wp-json\/wp\/v2\/media?parent=8549"}],"wp:term":[{"taxonomy":"category","embeddable":true,"href":"https:\/\/futbolhoy.co\/index.php\/wp-json\/wp\/v2\/categories?post=8549"},{"taxonomy":"post_tag","embeddable":true,"href":"https:\/\/futbolhoy.co\/index.php\/wp-json\/wp\/v2\/tags?post=8549"}],"curies":[{"name":"wp","href":"https:\/\/api.w.org\/{rel}","templated":true}]}}