{"id":8553,"date":"2017-10-27T10:39:10","date_gmt":"2017-10-27T15:39:10","guid":{"rendered":"http:\/\/futbolhoy.co\/?p=8553"},"modified":"2017-11-02T10:49:20","modified_gmt":"2017-11-02T15:49:20","slug":"james-regresa-a-la-convocatoria-del-bayern-para-la-liga","status":"publish","type":"post","link":"https:\/\/futbolhoy.co\/index.php\/2017\/10\/27\/james-regresa-a-la-convocatoria-del-bayern-para-la-liga\/","title":{"rendered":"James regresa a la convocatoria del Bayern para la Liga"},"content":{"rendered":"<p style=\"text-align: justify;\">El entrenador del\u00a0<b>Bayern M\u00fanich<\/b>,\u00a0<b>Jupp Heynckes<\/b>, anunci\u00f3 que\u00a0<b>James Rodr\u00edguez<\/b>\u00a0particip\u00f3 en los dos \u00faltimos entrenamientos con el grupo y podr\u00e1 participar este s\u00e1bado en la convocatoria para el partido de la Bundesliga contra el\u00a0<b>Leipzig<\/b>.<u><\/u><u><\/u><\/p>\n<p style=\"text-align: justify;\">Heynckes record\u00f3 que James present\u00f3 un problema en la espalda, lo que caus\u00f3 su baja para el partido de la <strong>Copa de Alemania<\/strong>, tambi\u00e9n contra el Leipzig.<u><\/u><u><\/u><\/p>\n<p style=\"text-align: justify;\">\u00abHoy (viernes) James entren\u00f3 normalmente y estar\u00e1 ma\u00f1ana en la convocatoria\u00bb, dijo Heynckes.<\/p>\n","protected":false},"excerpt":{"rendered":"<p>El entrenador del\u00a0Bayern M\u00fanich,\u00a0Jupp Heynckes, anunci\u00f3 que\u00a0James Rodr\u00edguez\u00a0particip\u00f3 en los dos \u00faltimos entrenamientos con el grupo y podr\u00e1 participar este s\u00e1bado en la convocatoria para el partido de la Bundesliga contra el\u00a0Leipzig. Heynckes record\u00f3 que James present\u00f3 un problema en la espalda, lo que caus\u00f3 su baja para el partido de la Copa de Alemania, [&hellip;]<\/p>\n","protected":false},"author":5,"featured_media":8554,"comment_status":"open","ping_status":"closed","sticky":false,"template":"","format":"standard","meta":{"_acf_changed":false,"footnotes":""},"categories":[153],"tags":[88,140,87,165,336],"class_list":{"0":"post-8553","1":"post","2":"type-post","3":"status-publish","4":"format-standard","5":"has-post-thumbnail","7":"category-selecion-colombia","8":"tag-bayern-munich","9":"tag-bundesliga","10":"tag-james-rodriguez","11":"tag-jugadores-colombianos","12":"tag-jupp-heynckes"},"acf":[],"_links":{"self":[{"href":"https:\/\/futbolhoy.co\/index.php\/wp-json\/wp\/v2\/posts\/8553","targetHints":{"allow":["GET"]}}],"collection":[{"href":"https:\/\/futbolhoy.co\/index.php\/wp-json\/wp\/v2\/posts"}],"about":[{"href":"https:\/\/futbolhoy.co\/index.php\/wp-json\/wp\/v2\/types\/post"}],"author":[{"embeddable":true,"href":"https:\/\/futbolhoy.co\/index.php\/wp-json\/wp\/v2\/users\/5"}],"replies":[{"embeddable":true,"href":"https:\/\/futbolhoy.co\/index.php\/wp-json\/wp\/v2\/comments?post=8553"}],"version-history":[{"count":1,"href":"https:\/\/futbolhoy.co\/index.php\/wp-json\/wp\/v2\/posts\/8553\/revisions"}],"predecessor-version":[{"id":8555,"href":"https:\/\/futbolhoy.co\/index.php\/wp-json\/wp\/v2\/posts\/8553\/revisions\/8555"}],"wp:featuredmedia":[{"embeddable":true,"href":"https:\/\/futbolhoy.co\/index.php\/wp-json\/wp\/v2\/media\/8554"}],"wp:attachment":[{"href":"https:\/\/futbolhoy.co\/index.php\/wp-json\/wp\/v2\/media?parent=8553"}],"wp:term":[{"taxonomy":"category","embeddable":true,"href":"https:\/\/futbolhoy.co\/index.php\/wp-json\/wp\/v2\/categories?post=8553"},{"taxonomy":"post_tag","embeddable":true,"href":"https:\/\/futbolhoy.co\/index.php\/wp-json\/wp\/v2\/tags?post=8553"}],"curies":[{"name":"wp","href":"https:\/\/api.w.org\/{rel}","templated":true}]}}