{"id":85605,"date":"2022-09-26T07:11:22","date_gmt":"2022-09-26T12:11:22","guid":{"rendered":"https:\/\/futbolhoy.co\/?p=85605"},"modified":"2022-09-26T20:14:10","modified_gmt":"2022-09-27T01:14:10","slug":"matheus-unica-novedad-de-colombia","status":"publish","type":"post","link":"https:\/\/futbolhoy.co\/index.php\/2022\/09\/26\/matheus-unica-novedad-de-colombia\/","title":{"rendered":"Matheus, \u00fanica novedad de Colombia"},"content":{"rendered":"<p style=\"text-align: justify;\"><span style=\"font-family: helvetica, arial, sans-serif;\">El volante <strong>Matheus<\/strong> <strong>Uribe<\/strong>, que sufri\u00f3 un leve golpe en el partido frente a <strong>Guatemala<\/strong>, es la \u00fanica novedad m\u00e9dica en la <strong>selecci\u00f3n Colombia<\/strong>, que ma\u00f1ana disputar\u00e1 amistoso frente a <strong>M\u00e9xico<\/strong>.<\/span><\/p>\n<p style=\"text-align: justify;\"><span style=\"font-family: helvetica, arial, sans-serif;\">La situaci\u00f3n de Uribe no reviste gravedad y estar\u00e1 disponible para el compromiso de este martes.<\/span><\/p>\n<p style=\"text-align: justify;\"><span style=\"font-family: helvetica, arial, sans-serif;\">El equipo nacional lleg\u00f3 en la tarde del domingo a <strong>Santa Clara, California<\/strong>, y adelant\u00f3 una pr\u00e1ctica.<\/span><\/p>\n<p style=\"text-align: justify;\"><span style=\"font-family: helvetica, arial, sans-serif;\">El grupo titular en la victoria 4-1 sobre Guatemala, hizo un trabajo de recuperaci\u00f3n en el hotel de concentraci\u00f3n y los otros entrenaron en el<strong> Estadio de San Jos\u00e9<\/strong>, donde realizaron trabajos t\u00e1cticos.<\/span><\/p>\n<p style=\"text-align: justify;\"><span style=\"font-family: helvetica, arial, sans-serif;\">La totalidad del grupo practicar\u00e1 este lunes en el<strong> Levi&#8217;s Stadium<\/strong> de <strong>Santa<\/strong> <strong>Clara<\/strong>, donde ma\u00f1ana se medir\u00e1 a M\u00e9xico en el segundo encuentro de la etapa del argentino, <strong>N\u00e9stor<\/strong> <strong>Lorenzo<\/strong>.<\/span><\/p>\n<p style=\"text-align: justify;\"><span style=\"font-family: helvetica, arial, sans-serif;\">El partido <strong>Colombia-M\u00e9xico<\/strong>\u00a0se disputar\u00e1 desde las 7pm, hora local, 9 de la noche hora en nuestro pa\u00eds.<\/span><\/p>\n","protected":false},"excerpt":{"rendered":"<p>El volante Matheus Uribe, que sufri\u00f3 un leve golpe en el partido frente a Guatemala, es la \u00fanica novedad m\u00e9dica en la selecci\u00f3n Colombia, que ma\u00f1ana disputar\u00e1 amistoso frente a M\u00e9xico. La situaci\u00f3n de Uribe no reviste gravedad y estar\u00e1 disponible para el compromiso de este martes. El equipo nacional lleg\u00f3 en la tarde del [&hellip;]<\/p>\n","protected":false},"author":5,"featured_media":85608,"comment_status":"open","ping_status":"closed","sticky":false,"template":"","format":"standard","meta":{"_acf_changed":false,"footnotes":""},"categories":[418],"tags":[883,127],"class_list":{"0":"post-85605","1":"post","2":"type-post","3":"status-publish","4":"format-standard","5":"has-post-thumbnail","7":"category-colombia","8":"tag-matheus-uribe","9":"tag-seleccion-colombia"},"acf":[],"_links":{"self":[{"href":"https:\/\/futbolhoy.co\/index.php\/wp-json\/wp\/v2\/posts\/85605","targetHints":{"allow":["GET"]}}],"collection":[{"href":"https:\/\/futbolhoy.co\/index.php\/wp-json\/wp\/v2\/posts"}],"about":[{"href":"https:\/\/futbolhoy.co\/index.php\/wp-json\/wp\/v2\/types\/post"}],"author":[{"embeddable":true,"href":"https:\/\/futbolhoy.co\/index.php\/wp-json\/wp\/v2\/users\/5"}],"replies":[{"embeddable":true,"href":"https:\/\/futbolhoy.co\/index.php\/wp-json\/wp\/v2\/comments?post=85605"}],"version-history":[{"count":1,"href":"https:\/\/futbolhoy.co\/index.php\/wp-json\/wp\/v2\/posts\/85605\/revisions"}],"predecessor-version":[{"id":85607,"href":"https:\/\/futbolhoy.co\/index.php\/wp-json\/wp\/v2\/posts\/85605\/revisions\/85607"}],"wp:featuredmedia":[{"embeddable":true,"href":"https:\/\/futbolhoy.co\/index.php\/wp-json\/wp\/v2\/media\/85608"}],"wp:attachment":[{"href":"https:\/\/futbolhoy.co\/index.php\/wp-json\/wp\/v2\/media?parent=85605"}],"wp:term":[{"taxonomy":"category","embeddable":true,"href":"https:\/\/futbolhoy.co\/index.php\/wp-json\/wp\/v2\/categories?post=85605"},{"taxonomy":"post_tag","embeddable":true,"href":"https:\/\/futbolhoy.co\/index.php\/wp-json\/wp\/v2\/tags?post=85605"}],"curies":[{"name":"wp","href":"https:\/\/api.w.org\/{rel}","templated":true}]}}