{"id":85748,"date":"2022-09-29T22:02:23","date_gmt":"2022-09-30T03:02:23","guid":{"rendered":"https:\/\/futbolhoy.co\/?p=85748"},"modified":"2022-09-30T12:03:59","modified_gmt":"2022-09-30T17:03:59","slug":"santa-fe-y-nacional-empataron-en-el-campin","status":"publish","type":"post","link":"https:\/\/futbolhoy.co\/index.php\/2022\/09\/29\/santa-fe-y-nacional-empataron-en-el-campin\/","title":{"rendered":"Santa Fe y Nacional empataron en El Camp\u00edn"},"content":{"rendered":"<div>\n<p style=\"text-align: justify;\"><span style=\"font-family: helvetica, arial, sans-serif;\"><b>Independiente Santa Fe y Atl\u00e9tico Nacional igualaron 1-1\u00a0<\/b>en partido pendiente por la fecha 13 de la\u00a0<b>Liga colombiana<\/b>\u00a0celebrado en el estadio\u00a0<b>El Camp\u00edn de Bogot\u00e1.<\/b><\/span><\/p>\n<p style=\"text-align: justify;\"><span style=\"font-family: helvetica, arial, sans-serif;\">El anfitri\u00f3n sali\u00f3 con mucha intensidad a presionar al rival y llev\u00e1rselo por delante, lo que se tradujo en una r\u00e1pida ventaja con el gol de\u00a0<b>Andrey Estupi\u00f1\u00e1n<\/b>\u00a0a los 4 minutos, luego de un excelente centro de\u00a0<b>Wilfrido de la Rosa<\/b>.<\/span><\/p>\n<p style=\"text-align: justify;\"><span style=\"font-family: helvetica, arial, sans-serif;\">El empate del\u00a0<b>\u2018verde paisa\u2019<\/b>\u00a0fue obra del lateral\u00a0<b>Andr\u00e9s Felipe Rom\u00e1n<\/b>\u00a0a los 19, capitalizando un centro a ras de piso de\u00a0<b>Daniel Mantilla<\/b>.<\/span><\/p>\n<p style=\"text-align: justify;\"><span style=\"font-family: helvetica, arial, sans-serif;\">El partido tuvo como condimento un terreno de juego r\u00e1pido y liso, producto de la lluvia ca\u00edda en la capital de la Rep\u00fablica en las \u00faltimas horas.<\/span><\/p>\n<p style=\"text-align: justify;\"><span style=\"font-family: helvetica, arial, sans-serif;\"><b>Dorlan Pab\u00f3n<\/b>\u00a0en la visita, y\u00a0<b>Neyder Moreno<\/b>\u00a0en el\u00a0<b>\u2018cardenal\u2019<\/b>, tuvieron claras ocasiones de ampliar el marcador para sus equipos, sin fortuna.<\/span><\/p>\n<p style=\"text-align: justify;\"><span style=\"font-family: helvetica, arial, sans-serif;\">El portero nacionalista\u00a0<b>Kevin Mier<\/b>\u00a0fue la figura del compromiso.<\/span><\/p>\n<p style=\"text-align: justify;\"><span style=\"font-family: helvetica, arial, sans-serif;\"><b>\u2018El Le\u00f3n\u2019<\/b>\u00a0tuvo un mayor control del juego y dominio territorial, pero no supo profundizar; mientras que el campe\u00f3n supo aguantar sin sufrir el partido.<\/span><\/p>\n<p style=\"text-align: justify;\"><span style=\"font-family: helvetica, arial, sans-serif;\">Santa Fe, que perdi\u00f3 la oportunidad de meterse al grupo de los 8, recibir\u00e1 el domingo al\u00a0<b>Envigado<\/b>\u00a0(8.15pm) y Nacional visitar\u00e1 al\u00a0<b>Am\u00e9rica<\/b> a las 6.10pm.<\/span><\/p>\n<\/div>\n","protected":false},"excerpt":{"rendered":"<p>Independiente Santa Fe y Atl\u00e9tico Nacional igualaron 1-1\u00a0en partido pendiente por la fecha 13 de la\u00a0Liga colombiana\u00a0celebrado en el estadio\u00a0El Camp\u00edn de Bogot\u00e1. El anfitri\u00f3n sali\u00f3 con mucha intensidad a presionar al rival y llev\u00e1rselo por delante, lo que se tradujo en una r\u00e1pida ventaja con el gol de\u00a0Andrey Estupi\u00f1\u00e1n\u00a0a los 4 minutos, luego de [&hellip;]<\/p>\n","protected":false},"author":5,"featured_media":85749,"comment_status":"open","ping_status":"closed","sticky":false,"template":"","format":"standard","meta":{"_acf_changed":false,"footnotes":""},"categories":[7],"tags":[],"class_list":{"0":"post-85748","1":"post","2":"type-post","3":"status-publish","4":"format-standard","5":"has-post-thumbnail","7":"category-liga-betplay"},"acf":[],"_links":{"self":[{"href":"https:\/\/futbolhoy.co\/index.php\/wp-json\/wp\/v2\/posts\/85748","targetHints":{"allow":["GET"]}}],"collection":[{"href":"https:\/\/futbolhoy.co\/index.php\/wp-json\/wp\/v2\/posts"}],"about":[{"href":"https:\/\/futbolhoy.co\/index.php\/wp-json\/wp\/v2\/types\/post"}],"author":[{"embeddable":true,"href":"https:\/\/futbolhoy.co\/index.php\/wp-json\/wp\/v2\/users\/5"}],"replies":[{"embeddable":true,"href":"https:\/\/futbolhoy.co\/index.php\/wp-json\/wp\/v2\/comments?post=85748"}],"version-history":[{"count":1,"href":"https:\/\/futbolhoy.co\/index.php\/wp-json\/wp\/v2\/posts\/85748\/revisions"}],"predecessor-version":[{"id":85750,"href":"https:\/\/futbolhoy.co\/index.php\/wp-json\/wp\/v2\/posts\/85748\/revisions\/85750"}],"wp:featuredmedia":[{"embeddable":true,"href":"https:\/\/futbolhoy.co\/index.php\/wp-json\/wp\/v2\/media\/85749"}],"wp:attachment":[{"href":"https:\/\/futbolhoy.co\/index.php\/wp-json\/wp\/v2\/media?parent=85748"}],"wp:term":[{"taxonomy":"category","embeddable":true,"href":"https:\/\/futbolhoy.co\/index.php\/wp-json\/wp\/v2\/categories?post=85748"},{"taxonomy":"post_tag","embeddable":true,"href":"https:\/\/futbolhoy.co\/index.php\/wp-json\/wp\/v2\/tags?post=85748"}],"curies":[{"name":"wp","href":"https:\/\/api.w.org\/{rel}","templated":true}]}}