{"id":85754,"date":"2022-09-30T08:50:23","date_gmt":"2022-09-30T13:50:23","guid":{"rendered":"https:\/\/futbolhoy.co\/?p=85754"},"modified":"2022-09-30T18:56:28","modified_gmt":"2022-09-30T23:56:28","slug":"james-llego-lesionado-a-grecia","status":"publish","type":"post","link":"https:\/\/futbolhoy.co\/index.php\/2022\/09\/30\/james-llego-lesionado-a-grecia\/","title":{"rendered":"James lleg\u00f3 lesionado a Grecia"},"content":{"rendered":"<p class=\"x_ydp94edee35MsoNormal\" style=\"text-align: justify;\"><span style=\"font-family: helvetica, arial, sans-serif;\"><b><span lang=\"ES-MX\">James Rodr\u00edguez<\/span><\/b><span lang=\"ES-MX\">\u00a0present\u00f3 un leve problema f\u00edsico que le ha impedido entrenar con el\u00a0<b>Olympiacos<\/b>\u00a0a su regreso de\u00a0<b>la selecci\u00f3n Colombia<\/b>, por lo que su presencia en el partido del domingo en la\u00a0<b>Liga de Grecia ante el Atromitos Atenas<\/b>.<\/span><\/span><\/p>\n<p class=\"x_ydp94edee35MsoNormal\" style=\"text-align: justify;\"><span lang=\"ES-MX\" style=\"font-family: helvetica, arial, sans-serif;\">El volante nacional actu\u00f3 109 minutos entre los dos partidos amistosos que sostuvo\u00a0<b>Colombia en Estados Unidos ante Guatemala (4-1) y M\u00e9xico (3-2),<\/b>\u00a0marcando el primer gol ante los guatemaltecos.<\/span><\/p>\n<p class=\"x_ydp94edee35MsoNormal\" style=\"text-align: justify;\"><span style=\"font-family: helvetica, arial, sans-serif;\"><b><span lang=\"ES-MX\">James<\/span><\/b><span lang=\"ES-MX\">\u00a0(31) ya actu\u00f3 72 minutos con el conjunto griego en la derrota 2-1 ante el\u00a0<b>Aris Tesal\u00f3nica<\/b>, sin marcar, ni dar asistencias.<\/span><\/span><\/p>\n<p class=\"x_ydp94edee35MsoNormal\" style=\"text-align: justify;\"><span lang=\"ES-MX\" style=\"font-family: helvetica, arial, sans-serif;\">El t\u00e9cnico espa\u00f1ol\u00a0<b>Michel<\/b>, del Olympiacos, asegur\u00f3 que espera la evoluci\u00f3n del jugador para conocer cuando dispone de \u00e9l.<\/span><\/p>\n<p class=\"x_ydp94edee35MsoNormal\" style=\"text-align: justify;\"><span lang=\"ES-MX\" style=\"font-family: helvetica, arial, sans-serif;\">El lateral brasile\u00f1o\u00a0<b>Marcelo<\/b>, quien tambi\u00e9n lleg\u00f3 como refuerzo esta temporada, tampoco ha podido debutar.<\/span><\/p>\n","protected":false},"excerpt":{"rendered":"<p>James Rodr\u00edguez\u00a0present\u00f3 un leve problema f\u00edsico que le ha impedido entrenar con el\u00a0Olympiacos\u00a0a su regreso de\u00a0la selecci\u00f3n Colombia, por lo que su presencia en el partido del domingo en la\u00a0Liga de Grecia ante el Atromitos Atenas. El volante nacional actu\u00f3 109 minutos entre los dos partidos amistosos que sostuvo\u00a0Colombia en Estados Unidos ante Guatemala (4-1) [&hellip;]<\/p>\n","protected":false},"author":5,"featured_media":85756,"comment_status":"open","ping_status":"closed","sticky":false,"template":"","format":"standard","meta":{"_acf_changed":false,"footnotes":""},"categories":[418],"tags":[],"class_list":{"0":"post-85754","1":"post","2":"type-post","3":"status-publish","4":"format-standard","5":"has-post-thumbnail","7":"category-colombia"},"acf":[],"_links":{"self":[{"href":"https:\/\/futbolhoy.co\/index.php\/wp-json\/wp\/v2\/posts\/85754","targetHints":{"allow":["GET"]}}],"collection":[{"href":"https:\/\/futbolhoy.co\/index.php\/wp-json\/wp\/v2\/posts"}],"about":[{"href":"https:\/\/futbolhoy.co\/index.php\/wp-json\/wp\/v2\/types\/post"}],"author":[{"embeddable":true,"href":"https:\/\/futbolhoy.co\/index.php\/wp-json\/wp\/v2\/users\/5"}],"replies":[{"embeddable":true,"href":"https:\/\/futbolhoy.co\/index.php\/wp-json\/wp\/v2\/comments?post=85754"}],"version-history":[{"count":1,"href":"https:\/\/futbolhoy.co\/index.php\/wp-json\/wp\/v2\/posts\/85754\/revisions"}],"predecessor-version":[{"id":85757,"href":"https:\/\/futbolhoy.co\/index.php\/wp-json\/wp\/v2\/posts\/85754\/revisions\/85757"}],"wp:featuredmedia":[{"embeddable":true,"href":"https:\/\/futbolhoy.co\/index.php\/wp-json\/wp\/v2\/media\/85756"}],"wp:attachment":[{"href":"https:\/\/futbolhoy.co\/index.php\/wp-json\/wp\/v2\/media?parent=85754"}],"wp:term":[{"taxonomy":"category","embeddable":true,"href":"https:\/\/futbolhoy.co\/index.php\/wp-json\/wp\/v2\/categories?post=85754"},{"taxonomy":"post_tag","embeddable":true,"href":"https:\/\/futbolhoy.co\/index.php\/wp-json\/wp\/v2\/tags?post=85754"}],"curies":[{"name":"wp","href":"https:\/\/api.w.org\/{rel}","templated":true}]}}