{"id":85764,"date":"2022-09-30T12:05:26","date_gmt":"2022-09-30T17:05:26","guid":{"rendered":"https:\/\/futbolhoy.co\/?p=85764"},"modified":"2022-10-01T07:19:21","modified_gmt":"2022-10-01T12:19:21","slug":"peru-y-chile-pidieron-descalificacion-de-ecuador-del-mundial","status":"publish","type":"post","link":"https:\/\/futbolhoy.co\/index.php\/2022\/09\/30\/peru-y-chile-pidieron-descalificacion-de-ecuador-del-mundial\/","title":{"rendered":"Per\u00fa y Chile pidieron descalificaci\u00f3n de Ecuador del Mundial"},"content":{"rendered":"<p class=\"x_ydp23ec6a3dMsoNormal\" style=\"text-align: justify;\"><span lang=\"ES-MX\" style=\"font-family: helvetica, arial, sans-serif;\">El\u00a0<b>Tribunal Arbitral del Deporte (TAS)<\/b>\u00a0inici\u00f3 el estudio e investigaci\u00f3n por el caso que afecta al futbolista\u00a0<b>Byron Castillo<\/b>\u00a0y tras recibir las apelaciones presentadas por las federaciones de\u00a0<b>Per\u00fa y Chile<\/b>\u00a0contra la decisi\u00f3n dictada por la\u00a0<b>Comisi\u00f3n de Apelaci\u00f3n de la FIFA<\/b>\u00a0el 15 de septiembre de 2022.<\/span><\/p>\n<p class=\"x_ydp23ec6a3dMsoNormal\" style=\"text-align: justify;\"><span lang=\"ES-MX\" style=\"font-family: helvetica, arial, sans-serif;\">El TAS record\u00f3 que la controversia \u00abest\u00e1 ligada a la elegibilidad del jugador\u00a0<b>Byron David Castillo Segura\u00a0<\/b>para participar en los partidos de la selecci\u00f3n nacional de la\u00a0<b>Federaci\u00f3n Ecuatoriana de F\u00fatbol<\/b>, correspondientes a las eliminatorias sudamericanas al\u00a0<b>Mundial de Qatar 2022<\/b>, entre septiembre de 2021 y marzo de 2022&#8243;.<\/span><\/p>\n<p class=\"x_ydp23ec6a3dMsoNormal\" style=\"text-align: justify;\"><span lang=\"ES-MX\" style=\"font-family: helvetica, arial, sans-serif;\">La apelaci\u00f3n presentada por la\u00a0<b>Federaci\u00f3n Peruana de F\u00fatbol<\/b>\u00a0est\u00e1 dirigida contra la FEF y la FIFA, se\u00f1ala el TAS, que indica que los peruanos solicitan que Ecuador sea excluido de la fase final de la Copa del Mundo y sea reemplazado por Per\u00fa, que era el equipo mejor ubicado en la clasificaci\u00f3n despu\u00e9s de los ecuatorianos.<\/span><\/p>\n<p class=\"x_ydp23ec6a3dMsoNormal\" style=\"text-align: justify;\"><span lang=\"ES-MX\" style=\"font-family: helvetica, arial, sans-serif;\">La apelaci\u00f3n presentada por la\u00a0<b>Federaci\u00f3n de F\u00fatbol de Chile<\/b>, se\u00f1ala el TAS, est\u00e1 dirigida contra la FEF, el jugador Byron Castillo y la FIFA. Los chilenos solicitan al TAS que determine que el jugador no era elegible en los ocho partidos que disput\u00f3 en las eliminatorias, y que considere dichos partidos perdidos por Ecuador, lo que colocar\u00eda a Chile en la cuarta posici\u00f3n de las eliminatorias de la\u00a0<b>Conmebol<\/b>\u00a0para el Mundial qatar\u00ed.<\/span><\/p>\n<p class=\"x_ydp23ec6a3dMsoNormal\" style=\"text-align: justify;\"><span lang=\"ES-MX\" style=\"font-family: helvetica, arial, sans-serif;\">Ambos Apelantes solicitan al TAS que el laudo final sea dictado, como muy tarde, el 10 de noviembre de 2022, diez antes del comienzo el Mundial.<\/span><\/p>\n","protected":false},"excerpt":{"rendered":"<p>El\u00a0Tribunal Arbitral del Deporte (TAS)\u00a0inici\u00f3 el estudio e investigaci\u00f3n por el caso que afecta al futbolista\u00a0Byron Castillo\u00a0y tras recibir las apelaciones presentadas por las federaciones de\u00a0Per\u00fa y Chile\u00a0contra la decisi\u00f3n dictada por la\u00a0Comisi\u00f3n de Apelaci\u00f3n de la FIFA\u00a0el 15 de septiembre de 2022. El TAS record\u00f3 que la controversia \u00abest\u00e1 ligada a la elegibilidad del [&hellip;]<\/p>\n","protected":false},"author":5,"featured_media":43366,"comment_status":"open","ping_status":"closed","sticky":false,"template":"","format":"standard","meta":{"_acf_changed":false,"footnotes":""},"categories":[152],"tags":[],"class_list":{"0":"post-85764","1":"post","2":"type-post","3":"status-publish","4":"format-standard","5":"has-post-thumbnail","7":"category-mundo-futbol"},"acf":[],"_links":{"self":[{"href":"https:\/\/futbolhoy.co\/index.php\/wp-json\/wp\/v2\/posts\/85764","targetHints":{"allow":["GET"]}}],"collection":[{"href":"https:\/\/futbolhoy.co\/index.php\/wp-json\/wp\/v2\/posts"}],"about":[{"href":"https:\/\/futbolhoy.co\/index.php\/wp-json\/wp\/v2\/types\/post"}],"author":[{"embeddable":true,"href":"https:\/\/futbolhoy.co\/index.php\/wp-json\/wp\/v2\/users\/5"}],"replies":[{"embeddable":true,"href":"https:\/\/futbolhoy.co\/index.php\/wp-json\/wp\/v2\/comments?post=85764"}],"version-history":[{"count":1,"href":"https:\/\/futbolhoy.co\/index.php\/wp-json\/wp\/v2\/posts\/85764\/revisions"}],"predecessor-version":[{"id":85765,"href":"https:\/\/futbolhoy.co\/index.php\/wp-json\/wp\/v2\/posts\/85764\/revisions\/85765"}],"wp:featuredmedia":[{"embeddable":true,"href":"https:\/\/futbolhoy.co\/index.php\/wp-json\/wp\/v2\/media\/43366"}],"wp:attachment":[{"href":"https:\/\/futbolhoy.co\/index.php\/wp-json\/wp\/v2\/media?parent=85764"}],"wp:term":[{"taxonomy":"category","embeddable":true,"href":"https:\/\/futbolhoy.co\/index.php\/wp-json\/wp\/v2\/categories?post=85764"},{"taxonomy":"post_tag","embeddable":true,"href":"https:\/\/futbolhoy.co\/index.php\/wp-json\/wp\/v2\/tags?post=85764"}],"curies":[{"name":"wp","href":"https:\/\/api.w.org\/{rel}","templated":true}]}}