{"id":85767,"date":"2022-09-30T15:03:07","date_gmt":"2022-09-30T20:03:07","guid":{"rendered":"https:\/\/futbolhoy.co\/?p=85767"},"modified":"2022-10-01T07:24:49","modified_gmt":"2022-10-01T12:24:49","slug":"lorenzo-convoco-24-jugadores-de-la-liga-para-microciclo","status":"publish","type":"post","link":"https:\/\/futbolhoy.co\/index.php\/2022\/09\/30\/lorenzo-convoco-24-jugadores-de-la-liga-para-microciclo\/","title":{"rendered":"Lorenzo convoc\u00f3 24 jugadores de la Liga para microciclo"},"content":{"rendered":"<p style=\"text-align: justify;\"><span style=\"font-family: helvetica, arial, sans-serif;\"><strong>N\u00e9stor Lorenzo<\/strong> dio a conocer la lista de 24 jugadores convocados de la <strong>Liga<\/strong> local para el microciclo de trabajos de octubre, el cual se llevar\u00e1 a cabo del 4 al 6 de octubre en la sede deportiva de la <strong>Federaci\u00f3n Colombiana de F\u00fatbol<\/strong> en <strong>Barranquilla<\/strong>.<\/span><\/p>\n<p style=\"text-align: justify;\"><span style=\"font-family: helvetica, arial, sans-serif;\"><strong>Deportivo Pereira<\/strong> es el equipo que m\u00e1s jugadores aporta para esta convocatoria con un total de cuatro futbolistas.<\/span><\/p>\n<p style=\"text-align: justify;\"><span style=\"font-family: helvetica, arial, sans-serif;\">Luego de que se adelantara el cl\u00e1sico bogotano de la fecha 17 para el 5 de octubre, <strong>Millonarios<\/strong> y <strong>Santa Fe<\/strong> tendr\u00e1n bajas para el compromiso por su aporte a la convocatoria. <strong>Carlos<\/strong> <strong>G\u00f3mez<\/strong> y <strong>Daniel<\/strong> <strong>Ruiz<\/strong> en los azules; Johan Torres en los rojos.<\/span><\/p>\n<p style=\"text-align: justify;\"><strong><span style=\"font-family: helvetica, arial, sans-serif;\">Convocados al microciclo de la Selecci\u00f3n Colombia<\/span><\/strong><\/p>\n<p style=\"text-align: justify;\"><span style=\"font-family: helvetica, arial, sans-serif;\">Andr\u00e9s Correa \u2013 La Equidad<\/span><br \/>\n<span style=\"font-family: helvetica, arial, sans-serif;\">Brayan Vera \u2013 Am\u00e9rica de Cali<\/span><br \/>\n<span style=\"font-family: helvetica, arial, sans-serif;\">Carlos Garc\u00e9s \u2013 Deportivo Pereira<\/span><br \/>\n<span style=\"font-family: helvetica, arial, sans-serif;\">Carlos G\u00f3mez \u2013 Millonarios FC<\/span><br \/>\n<span style=\"font-family: helvetica, arial, sans-serif;\">Dany Rosero \u2013 Junior FC<\/span><br \/>\n<span style=\"font-family: helvetica, arial, sans-serif;\">Daniel Ruiz \u2013 Millonarios FC<\/span><br \/>\n<span style=\"font-family: helvetica, arial, sans-serif;\">Esneyder Mena \u2013 Am\u00e9rica de Cali<\/span><br \/>\n<span style=\"font-family: helvetica, arial, sans-serif;\">Jherson Mosquera \u2013 Deportivo Pereira<\/span><br \/>\n<span style=\"font-family: helvetica, arial, sans-serif;\">Joan Felipe Parra \u2013 Envigado FC<\/span><br \/>\n<span style=\"font-family: helvetica, arial, sans-serif;\">Johan Torres \u2013 Independiente Santa Fe<\/span><br \/>\n<span style=\"font-family: helvetica, arial, sans-serif;\">Jos\u00e9 Luis Chunga \u2013 Alianza Petrolera<\/span><br \/>\n<span style=\"font-family: helvetica, arial, sans-serif;\">Juan Camilo Chaverra \u2013 Atl\u00e9tico Bucaramanga<\/span><br \/>\n<span style=\"font-family: helvetica, arial, sans-serif;\">Juan Portilla \u2013 Am\u00e9rica de Cali<\/span><br \/>\n<span style=\"font-family: helvetica, arial, sans-serif;\">Junior Hern\u00e1ndez \u2013 Deportes Tolima<\/span><br \/>\n<span style=\"font-family: helvetica, arial, sans-serif;\">Kevin Casta\u00f1o \u2013 \u00c1guilas Doradas<\/span><br \/>\n<span style=\"font-family: helvetica, arial, sans-serif;\">Kevin Velasco \u2013 Deportivo Cali<\/span><br \/>\n<span style=\"font-family: helvetica, arial, sans-serif;\">Leonardo Castro \u2013 Deportivo Pereira<\/span><br \/>\n<span style=\"font-family: helvetica, arial, sans-serif;\">Maicol Medina \u2013 Deportivo Pereira<\/span><br \/>\n<span style=\"font-family: helvetica, arial, sans-serif;\">Nelson Deossa \u2013 Junior FC<\/span><br \/>\n<span style=\"font-family: helvetica, arial, sans-serif;\">Nicol\u00e1s Gil Uribe \u2013 Uni\u00f3n Magdalena<\/span><br \/>\n<span style=\"font-family: helvetica, arial, sans-serif;\">Ricardo M\u00e1rquez \u2013 Uni\u00f3n Magdalena<\/span><br \/>\n<span style=\"font-family: helvetica, arial, sans-serif;\">Roberto Hinojosa \u2013 Uni\u00f3n Magdalena<\/span><br \/>\n<span style=\"font-family: helvetica, arial, sans-serif;\">William Cuesta \u2013 Deportes Tolima<\/span><br \/>\n<span style=\"font-family: helvetica, arial, sans-serif;\">W\u00e1lmer Pacheco \u2013 Junior FC<\/span><\/p>\n","protected":false},"excerpt":{"rendered":"<p>N\u00e9stor Lorenzo dio a conocer la lista de 24 jugadores convocados de la Liga local para el microciclo de trabajos de octubre, el cual se llevar\u00e1 a cabo del 4 al 6 de octubre en la sede deportiva de la Federaci\u00f3n Colombiana de F\u00fatbol en Barranquilla. Deportivo Pereira es el equipo que m\u00e1s jugadores aporta [&hellip;]<\/p>\n","protected":false},"author":5,"featured_media":85768,"comment_status":"open","ping_status":"closed","sticky":false,"template":"","format":"standard","meta":{"_acf_changed":false,"footnotes":""},"categories":[418],"tags":[],"class_list":{"0":"post-85767","1":"post","2":"type-post","3":"status-publish","4":"format-standard","5":"has-post-thumbnail","7":"category-colombia"},"acf":[],"_links":{"self":[{"href":"https:\/\/futbolhoy.co\/index.php\/wp-json\/wp\/v2\/posts\/85767","targetHints":{"allow":["GET"]}}],"collection":[{"href":"https:\/\/futbolhoy.co\/index.php\/wp-json\/wp\/v2\/posts"}],"about":[{"href":"https:\/\/futbolhoy.co\/index.php\/wp-json\/wp\/v2\/types\/post"}],"author":[{"embeddable":true,"href":"https:\/\/futbolhoy.co\/index.php\/wp-json\/wp\/v2\/users\/5"}],"replies":[{"embeddable":true,"href":"https:\/\/futbolhoy.co\/index.php\/wp-json\/wp\/v2\/comments?post=85767"}],"version-history":[{"count":1,"href":"https:\/\/futbolhoy.co\/index.php\/wp-json\/wp\/v2\/posts\/85767\/revisions"}],"predecessor-version":[{"id":85769,"href":"https:\/\/futbolhoy.co\/index.php\/wp-json\/wp\/v2\/posts\/85767\/revisions\/85769"}],"wp:featuredmedia":[{"embeddable":true,"href":"https:\/\/futbolhoy.co\/index.php\/wp-json\/wp\/v2\/media\/85768"}],"wp:attachment":[{"href":"https:\/\/futbolhoy.co\/index.php\/wp-json\/wp\/v2\/media?parent=85767"}],"wp:term":[{"taxonomy":"category","embeddable":true,"href":"https:\/\/futbolhoy.co\/index.php\/wp-json\/wp\/v2\/categories?post=85767"},{"taxonomy":"post_tag","embeddable":true,"href":"https:\/\/futbolhoy.co\/index.php\/wp-json\/wp\/v2\/tags?post=85767"}],"curies":[{"name":"wp","href":"https:\/\/api.w.org\/{rel}","templated":true}]}}