{"id":85899,"date":"2022-10-03T16:00:27","date_gmt":"2022-10-03T21:00:27","guid":{"rendered":"https:\/\/futbolhoy.co\/?p=85899"},"modified":"2022-10-04T11:03:29","modified_gmt":"2022-10-04T16:03:29","slug":"watford-se-reforzara-con-nueva-promesa-colombiana","status":"publish","type":"post","link":"https:\/\/futbolhoy.co\/index.php\/2022\/10\/03\/watford-se-reforzara-con-nueva-promesa-colombiana\/","title":{"rendered":"Watford se reforzar\u00e1 con nueva promesa colombiana"},"content":{"rendered":"<p style=\"text-align: justify;\"><span style=\"font-family: helvetica, arial, sans-serif;\">El <strong>Watford<\/strong> de la segunda divisi\u00f3n de Inglaterra (Championship), anunci\u00f3 la contrataci\u00f3n del delantero tumaque\u00f1o, <strong>Jorge Legu\u00edn Cabezas Hurtado,<\/strong> quien viene jugando con <strong>Real Cartagena.<\/strong><\/span><\/p>\n<p style=\"text-align: justify;\"><span style=\"font-family: helvetica, arial, sans-serif;\">El equipo ingl\u00e9s adquiri\u00f3 el 80 % de los derechos deportivo de <strong>Cabezas,<\/strong> quien permanecer\u00e1 jugando en el club colombiano hasta junio del 2023.<\/span><\/p>\n<p style=\"text-align: justify;\"><span style=\"font-family: helvetica, arial, sans-serif;\">El delantero, tambi\u00e9n conocido como \u2018Paquito\u2019, ha participado en 16 partidos con <strong>Real Cartagena<\/strong> de la categor\u00eda B, donde acumula 4 goles anotados.<\/span><\/p>\n<p style=\"text-align: justify;\"><span style=\"font-family: helvetica, arial, sans-serif;\">Adem\u00e1s, integr\u00f3 el plantel de la <strong>selecci\u00f3n Colombia sub-20<\/strong> que particip\u00f3 en el <strong>Torneo Maurice Revello<\/strong>, antiguo Esperanzas de Toulon, en Francia.<\/span><\/p>\n<p style=\"text-align: justify;\"><span style=\"font-family: helvetica, arial, sans-serif;\">El equipo ingl\u00e9s cuenta en su nomina con el chocoano <strong>Yaser Asprilla<\/strong>. Previamente cont\u00f3 en su plantel con el pereirano <strong>Juan Camilo \u2018Cucho\u2019 Hern\u00e1ndez,<\/strong> transferido al Columbus Crew de la MLS.<\/span><\/p>\n<p><img fetchpriority=\"high\" decoding=\"async\" class=\"alignnone size-full wp-image-85901\" src=\"https:\/\/futbolhoy.co\/wp-content\/uploads\/2022\/10\/Screenshot_20221004_055728.jpg\" alt=\"\" width=\"1080\" height=\"1266\" srcset=\"https:\/\/futbolhoy.co\/wp-content\/uploads\/2022\/10\/Screenshot_20221004_055728.jpg 1080w, https:\/\/futbolhoy.co\/wp-content\/uploads\/2022\/10\/Screenshot_20221004_055728-256x300.jpg 256w, https:\/\/futbolhoy.co\/wp-content\/uploads\/2022\/10\/Screenshot_20221004_055728-874x1024.jpg 874w, https:\/\/futbolhoy.co\/wp-content\/uploads\/2022\/10\/Screenshot_20221004_055728-768x900.jpg 768w, https:\/\/futbolhoy.co\/wp-content\/uploads\/2022\/10\/Screenshot_20221004_055728-696x816.jpg 696w, https:\/\/futbolhoy.co\/wp-content\/uploads\/2022\/10\/Screenshot_20221004_055728-1068x1252.jpg 1068w, https:\/\/futbolhoy.co\/wp-content\/uploads\/2022\/10\/Screenshot_20221004_055728-358x420.jpg 358w, https:\/\/futbolhoy.co\/wp-content\/uploads\/2022\/10\/Screenshot_20221004_055728-109x128.jpg 109w, https:\/\/futbolhoy.co\/wp-content\/uploads\/2022\/10\/Screenshot_20221004_055728-27x32.jpg 27w\" sizes=\"(max-width: 1080px) 100vw, 1080px\" \/><\/p>\n","protected":false},"excerpt":{"rendered":"<p>El Watford de la segunda divisi\u00f3n de Inglaterra (Championship), anunci\u00f3 la contrataci\u00f3n del delantero tumaque\u00f1o, Jorge Legu\u00edn Cabezas Hurtado, quien viene jugando con Real Cartagena. El equipo ingl\u00e9s adquiri\u00f3 el 80 % de los derechos deportivo de Cabezas, quien permanecer\u00e1 jugando en el club colombiano hasta junio del 2023. El delantero, tambi\u00e9n conocido como \u2018Paquito\u2019, [&hellip;]<\/p>\n","protected":false},"author":5,"featured_media":85900,"comment_status":"open","ping_status":"closed","sticky":false,"template":"","format":"standard","meta":{"_acf_changed":false,"footnotes":""},"categories":[152],"tags":[],"class_list":{"0":"post-85899","1":"post","2":"type-post","3":"status-publish","4":"format-standard","5":"has-post-thumbnail","7":"category-mundo-futbol"},"acf":[],"_links":{"self":[{"href":"https:\/\/futbolhoy.co\/index.php\/wp-json\/wp\/v2\/posts\/85899","targetHints":{"allow":["GET"]}}],"collection":[{"href":"https:\/\/futbolhoy.co\/index.php\/wp-json\/wp\/v2\/posts"}],"about":[{"href":"https:\/\/futbolhoy.co\/index.php\/wp-json\/wp\/v2\/types\/post"}],"author":[{"embeddable":true,"href":"https:\/\/futbolhoy.co\/index.php\/wp-json\/wp\/v2\/users\/5"}],"replies":[{"embeddable":true,"href":"https:\/\/futbolhoy.co\/index.php\/wp-json\/wp\/v2\/comments?post=85899"}],"version-history":[{"count":1,"href":"https:\/\/futbolhoy.co\/index.php\/wp-json\/wp\/v2\/posts\/85899\/revisions"}],"predecessor-version":[{"id":85902,"href":"https:\/\/futbolhoy.co\/index.php\/wp-json\/wp\/v2\/posts\/85899\/revisions\/85902"}],"wp:featuredmedia":[{"embeddable":true,"href":"https:\/\/futbolhoy.co\/index.php\/wp-json\/wp\/v2\/media\/85900"}],"wp:attachment":[{"href":"https:\/\/futbolhoy.co\/index.php\/wp-json\/wp\/v2\/media?parent=85899"}],"wp:term":[{"taxonomy":"category","embeddable":true,"href":"https:\/\/futbolhoy.co\/index.php\/wp-json\/wp\/v2\/categories?post=85899"},{"taxonomy":"post_tag","embeddable":true,"href":"https:\/\/futbolhoy.co\/index.php\/wp-json\/wp\/v2\/tags?post=85899"}],"curies":[{"name":"wp","href":"https:\/\/api.w.org\/{rel}","templated":true}]}}