{"id":86829,"date":"2022-10-27T16:58:30","date_gmt":"2022-10-27T21:58:30","guid":{"rendered":"https:\/\/futbolhoy.co\/?p=86829"},"modified":"2022-10-28T16:05:38","modified_gmt":"2022-10-28T21:05:38","slug":"cristiano-ronaldo-volvio-con-gol-al-manu","status":"publish","type":"post","link":"https:\/\/futbolhoy.co\/index.php\/2022\/10\/27\/cristiano-ronaldo-volvio-con-gol-al-manu\/","title":{"rendered":"Cristiano Ronaldo volvi\u00f3 con gol al ManU"},"content":{"rendered":"<p style=\"text-align: justify;\"><span style=\"font-family: helvetica, arial, sans-serif;\"><span lang=\"ES-MX\">El delantero portugu\u00e9s\u00a0<\/span><b><span lang=\"ES-MX\">Cristiano Ronaldo<\/span><\/b><span lang=\"ES-MX\">\u00a0regres\u00f3 despu\u00e9s de tres partidos de ausencia en la formaci\u00f3n titular del\u00a0<\/span><b><span lang=\"ES-MX\">Manchester United<\/span><\/b><span lang=\"ES-MX\">\u00a0y marc\u00f3 el gol que cerr\u00f3 la amplia victoria 3-0 sobre el\u00a0<\/span><b><span lang=\"ES-MX\">Sheriff Tiraspol de Moldavia<\/span><\/b><span lang=\"ES-MX\">\u00a0en la quinta fecha de la\u00a0<\/span><b><span lang=\"ES-MX\">Europa League<\/span><\/b><span lang=\"ES-MX\">.<\/span><\/span><\/p>\n<p style=\"text-align: justify;\"><span style=\"font-family: helvetica, arial, sans-serif;\"><span lang=\"ES-MX\">Por el equipo brit\u00e1nico ya hab\u00edan marcado\u00a0<\/span><b><span lang=\"ES-MX\">Diogo Dalot (44\u2019) y Marcus Rashford (65\u2019)<\/span><\/b><span lang=\"ES-MX\">; mientras que\u00a0<\/span><b><span lang=\"ES-MX\">CR7<\/span><\/b><span lang=\"ES-MX\">\u00a0lo hizo al 81\u2019.<\/span><\/span><\/p>\n<p style=\"text-align: justify;\"><span style=\"font-family: helvetica, arial, sans-serif;\"><span lang=\"ES-MX\">Entretanto, el\u00a0<\/span><b><span lang=\"ES-MX\">Arsenal<\/span><\/b><span lang=\"ES-MX\">, l\u00edder de la\u00a0<\/span><b><span lang=\"ES-MX\">Liga Premier<\/span><\/b><span lang=\"ES-MX\">, cay\u00f3 2-0 en su visita al\u00a0<\/span><b><span lang=\"ES-MX\">PSV Eindhoven<\/span><\/b><span lang=\"ES-MX\">\u00a0neerland\u00e9s; mientras que el\u00a0<\/span><b><span lang=\"ES-MX\">Betis<\/span><\/b><span lang=\"ES-MX\">\u00a0super\u00f3 0-1 al\u00a0<\/span><b><span lang=\"ES-MX\">Ludogorets b\u00falgaro<\/span><\/b><span lang=\"ES-MX\">, la\u00a0<\/span><b><span lang=\"ES-MX\">Real Sociedad<\/span><\/b><span lang=\"ES-MX\">\u00a0venci\u00f3 0-2 al\u00a0<\/span><b><span lang=\"ES-MX\">Omonia Nicosia de Chipre<\/span><\/b><span lang=\"ES-MX\">,\u00a0<\/span><b><span lang=\"ES-MX\">la Roma<\/span><\/b><span lang=\"ES-MX\">\u00a01-2 al\u00a0<\/span><b><span lang=\"ES-MX\">Helsinki<\/span><\/b><span lang=\"ES-MX\">\u00a0y\u00a0<\/span><b><span lang=\"ES-MX\">Ferencvaros<\/span><\/b><span lang=\"ES-MX\">\u00a0y\u00a0<\/span><b><span lang=\"ES-MX\">M\u00f3naco<\/span><\/b><span lang=\"ES-MX\">\u00a0empataron 1-1.<\/span><\/span><\/p>\n<p style=\"text-align: justify;\"><span style=\"font-family: helvetica, arial, sans-serif;\"><b><span lang=\"ES-MX\">El Olympiacos<\/span><\/b><span lang=\"ES-MX\">\u00a0igual\u00f3 1-1 en campo del\u00a0<\/span><b><span lang=\"ES-MX\">Friburgo<\/span><\/b><span lang=\"ES-MX\">\u00a0alem\u00e1n y se mantuvo colero del grupo G con solo dos puntos, por lo que no solo qued\u00f3 eliminado del torneo, sino que no podr\u00e1 disputar en 2023 la\u00a0<\/span><b><span lang=\"ES-MX\">Conference League<\/span><\/b><span lang=\"ES-MX\">, dejando a\u00a0<\/span><b><span lang=\"ES-MX\">James Rodr\u00edguez<\/span><\/b><span lang=\"ES-MX\">\u00a0sin competir en\u00a0<\/span><b><span lang=\"ES-MX\">Europa<\/span><\/b><span lang=\"ES-MX\"> el cierre de temporada.<\/span><\/span><\/p>\n","protected":false},"excerpt":{"rendered":"<p>El delantero portugu\u00e9s\u00a0Cristiano Ronaldo\u00a0regres\u00f3 despu\u00e9s de tres partidos de ausencia en la formaci\u00f3n titular del\u00a0Manchester United\u00a0y marc\u00f3 el gol que cerr\u00f3 la amplia victoria 3-0 sobre el\u00a0Sheriff Tiraspol de Moldavia\u00a0en la quinta fecha de la\u00a0Europa League. Por el equipo brit\u00e1nico ya hab\u00edan marcado\u00a0Diogo Dalot (44\u2019) y Marcus Rashford (65\u2019); mientras que\u00a0CR7\u00a0lo hizo al 81\u2019. Entretanto, [&hellip;]<\/p>\n","protected":false},"author":5,"featured_media":86833,"comment_status":"open","ping_status":"closed","sticky":false,"template":"","format":"standard","meta":{"_acf_changed":false,"footnotes":""},"categories":[152],"tags":[],"class_list":{"0":"post-86829","1":"post","2":"type-post","3":"status-publish","4":"format-standard","5":"has-post-thumbnail","7":"category-mundo-futbol"},"acf":[],"_links":{"self":[{"href":"https:\/\/futbolhoy.co\/index.php\/wp-json\/wp\/v2\/posts\/86829","targetHints":{"allow":["GET"]}}],"collection":[{"href":"https:\/\/futbolhoy.co\/index.php\/wp-json\/wp\/v2\/posts"}],"about":[{"href":"https:\/\/futbolhoy.co\/index.php\/wp-json\/wp\/v2\/types\/post"}],"author":[{"embeddable":true,"href":"https:\/\/futbolhoy.co\/index.php\/wp-json\/wp\/v2\/users\/5"}],"replies":[{"embeddable":true,"href":"https:\/\/futbolhoy.co\/index.php\/wp-json\/wp\/v2\/comments?post=86829"}],"version-history":[{"count":1,"href":"https:\/\/futbolhoy.co\/index.php\/wp-json\/wp\/v2\/posts\/86829\/revisions"}],"predecessor-version":[{"id":86834,"href":"https:\/\/futbolhoy.co\/index.php\/wp-json\/wp\/v2\/posts\/86829\/revisions\/86834"}],"wp:featuredmedia":[{"embeddable":true,"href":"https:\/\/futbolhoy.co\/index.php\/wp-json\/wp\/v2\/media\/86833"}],"wp:attachment":[{"href":"https:\/\/futbolhoy.co\/index.php\/wp-json\/wp\/v2\/media?parent=86829"}],"wp:term":[{"taxonomy":"category","embeddable":true,"href":"https:\/\/futbolhoy.co\/index.php\/wp-json\/wp\/v2\/categories?post=86829"},{"taxonomy":"post_tag","embeddable":true,"href":"https:\/\/futbolhoy.co\/index.php\/wp-json\/wp\/v2\/tags?post=86829"}],"curies":[{"name":"wp","href":"https:\/\/api.w.org\/{rel}","templated":true}]}}