{"id":86836,"date":"2022-10-27T20:06:46","date_gmt":"2022-10-28T01:06:46","guid":{"rendered":"https:\/\/futbolhoy.co\/?p=86836"},"modified":"2022-10-28T18:34:00","modified_gmt":"2022-10-28T23:34:00","slug":"que-la-federacion-saque-el-billete-para-las-peladas-el-pibe","status":"publish","type":"post","link":"https:\/\/futbolhoy.co\/index.php\/2022\/10\/27\/que-la-federacion-saque-el-billete-para-las-peladas-el-pibe\/","title":{"rendered":"\u201cQue la Federaci\u00f3n saque el billete para las peladas\u201d, \u2018El Pibe\u2019"},"content":{"rendered":"<div>\n<p style=\"text-align: justify;\"><span style=\"font-family: helvetica, arial, sans-serif;\"><span lang=\"ES-MX\">El eterno capit\u00e1n de la\u00a0<\/span><b><span lang=\"ES-MX\">Selecci\u00f3n Colombia, Carlos \u2018El Pibe\u2019 Valderrama<\/span><\/b><span lang=\"ES-MX\">, elogio el desempe\u00f1o del equipo nacional en el\u00a0<\/span><b><span lang=\"ES-MX\">Mundial Femenino sub 17 en India<\/span><\/b><span lang=\"ES-MX\">, donde se alista para disputar la final el domingo contra\u00a0<\/span><b><span lang=\"ES-MX\">Espa\u00f1a<\/span><\/b><span lang=\"ES-MX\">\u00a0(9.30AM).<\/span><\/span><\/p>\n<p style=\"text-align: justify;\"><span style=\"font-family: helvetica, arial, sans-serif;\"><span lang=\"ES-MX\">Valderrama se mostr\u00f3 complacido con el nivel y estilo de juego del combinado patrio, pero tambi\u00e9n reclam\u00f3 que la\u00a0<\/span><b><span lang=\"ES-MX\">Federaci\u00f3n Colombiana de F\u00fatbol<\/span><\/b><span lang=\"ES-MX\">, les reconozca su esfuerzo y logro con dinero y casas para las jugadoras.<\/span><\/span><\/p>\n<p style=\"text-align: justify;\"><span style=\"font-family: helvetica, arial, sans-serif;\"><span lang=\"ES-MX\">\u201cYo, si fuera la Federaci\u00f3n, les tiraba una casa bacana, una casa que la escogieran ellas para que cuando pase el tiempo digan, tengo mi casa por que estuve en el Mundial eso no se olvida nunca. Si la Federaci\u00f3n no las incentiva entonces quien, donde est\u00e1n los patrocinadores de la Federaci\u00f3n, que saquen el billete para las \u2018peladas\u2019\u201d, declar\u00f3\u00a0<\/span><b><span lang=\"ES-MX\">\u2018El Pibe\u2019<\/span><\/b><span lang=\"ES-MX\">\u00a0en un evento social de la\u00a0<\/span><b><span lang=\"ES-MX\">Alcald\u00eda de Barranquilla.<\/span><\/b><\/span><\/p>\n<p style=\"text-align: justify;\"><span lang=\"ES-MX\" style=\"font-family: helvetica, arial, sans-serif;\">\u201cEstoy esperando el afiche del equipo para guardarlo, tengo mi colecci\u00f3n por que es historia, estas \u2018peladas\u2019 juegan bien, no llegaron de suerte, de \u2018leche\u2019\u201d, a\u00f1adi\u00f3 el samario.<\/span><\/p>\n<p style=\"text-align: justify;\"><span style=\"font-family: helvetica, arial, sans-serif;\"><span lang=\"ES-MX\">Respecto a la capitana del equipo,\u00a0<\/span><b><span lang=\"ES-MX\">Linda Caicedo<\/span><\/b><span lang=\"ES-MX\">, indic\u00f3 que le recuerda a\u00a0<\/span><b><span lang=\"ES-MX\">Faustino Asprilla<\/span><\/b><span lang=\"ES-MX\">, a quien consider\u00f3 el mejor jugador de su generaci\u00f3n.<\/span><\/span><\/p>\n<\/div>\n","protected":false},"excerpt":{"rendered":"<p>El eterno capit\u00e1n de la\u00a0Selecci\u00f3n Colombia, Carlos \u2018El Pibe\u2019 Valderrama, elogio el desempe\u00f1o del equipo nacional en el\u00a0Mundial Femenino sub 17 en India, donde se alista para disputar la final el domingo contra\u00a0Espa\u00f1a\u00a0(9.30AM). Valderrama se mostr\u00f3 complacido con el nivel y estilo de juego del combinado patrio, pero tambi\u00e9n reclam\u00f3 que la\u00a0Federaci\u00f3n Colombiana de F\u00fatbol, [&hellip;]<\/p>\n","protected":false},"author":5,"featured_media":86837,"comment_status":"open","ping_status":"closed","sticky":false,"template":"","format":"standard","meta":{"_acf_changed":false,"footnotes":""},"categories":[418],"tags":[],"class_list":{"0":"post-86836","1":"post","2":"type-post","3":"status-publish","4":"format-standard","5":"has-post-thumbnail","7":"category-colombia"},"acf":[],"_links":{"self":[{"href":"https:\/\/futbolhoy.co\/index.php\/wp-json\/wp\/v2\/posts\/86836","targetHints":{"allow":["GET"]}}],"collection":[{"href":"https:\/\/futbolhoy.co\/index.php\/wp-json\/wp\/v2\/posts"}],"about":[{"href":"https:\/\/futbolhoy.co\/index.php\/wp-json\/wp\/v2\/types\/post"}],"author":[{"embeddable":true,"href":"https:\/\/futbolhoy.co\/index.php\/wp-json\/wp\/v2\/users\/5"}],"replies":[{"embeddable":true,"href":"https:\/\/futbolhoy.co\/index.php\/wp-json\/wp\/v2\/comments?post=86836"}],"version-history":[{"count":1,"href":"https:\/\/futbolhoy.co\/index.php\/wp-json\/wp\/v2\/posts\/86836\/revisions"}],"predecessor-version":[{"id":86838,"href":"https:\/\/futbolhoy.co\/index.php\/wp-json\/wp\/v2\/posts\/86836\/revisions\/86838"}],"wp:featuredmedia":[{"embeddable":true,"href":"https:\/\/futbolhoy.co\/index.php\/wp-json\/wp\/v2\/media\/86837"}],"wp:attachment":[{"href":"https:\/\/futbolhoy.co\/index.php\/wp-json\/wp\/v2\/media?parent=86836"}],"wp:term":[{"taxonomy":"category","embeddable":true,"href":"https:\/\/futbolhoy.co\/index.php\/wp-json\/wp\/v2\/categories?post=86836"},{"taxonomy":"post_tag","embeddable":true,"href":"https:\/\/futbolhoy.co\/index.php\/wp-json\/wp\/v2\/tags?post=86836"}],"curies":[{"name":"wp","href":"https:\/\/api.w.org\/{rel}","templated":true}]}}