{"id":86839,"date":"2022-10-28T08:59:35","date_gmt":"2022-10-28T13:59:35","guid":{"rendered":"https:\/\/futbolhoy.co\/?p=86839"},"modified":"2022-10-29T11:36:41","modified_gmt":"2022-10-29T16:36:41","slug":"mindeportes-anuncio-premios-para-la-seleccion-femenina-sub-17","status":"publish","type":"post","link":"https:\/\/futbolhoy.co\/index.php\/2022\/10\/28\/mindeportes-anuncio-premios-para-la-seleccion-femenina-sub-17\/","title":{"rendered":"MinDeportes anunci\u00f3 premios para la Selecci\u00f3n Femenina sub 17"},"content":{"rendered":"<p class=\"x_ydp57f704fdMsoNormal\" style=\"text-align: justify;\"><span style=\"font-family: helvetica, arial, sans-serif;\"><b><span lang=\"ES-MX\">La ministra del Deporte, Mar\u00eda Isabel Urrutia<\/span><\/b><span lang=\"ES-MX\">, anunci\u00f3 que las jugadoras y los integrantes del cuerpo t\u00e9cnico de la\u00a0<b>Selecci\u00f3n Colombia Femenina sub 17<\/b> recibir\u00e1n <strong>11.5<\/strong><b>\u00a0millones de pesos<\/b>\u00a0cada uno si logran el t\u00edtulo en el\u00a0<b>Mundial de la India y 8.3 millones<\/b>\u00a0si se quedan con el subt\u00edtulo.<\/span><\/span><\/p>\n<p class=\"x_ydp57f704fdMsoNormal\" style=\"text-align: justify;\"><span lang=\"ES-MX\" style=\"font-family: helvetica, arial, sans-serif;\">Este dinero ser\u00e1 del gobierno y nada tiene que ver con lo que en determinado momento pueda entregar la\u00a0<b>Federaci\u00f3n Colombiana de F\u00fatbol (FCF),<\/b>\u00a0que seg\u00fan el t\u00e9cnico del equipo\u00a0<b>Carlos Paniagua<\/b>\u00a0ya ten\u00eda acordado un plan de premios, aunque el presidente de la entidad\u00a0<b>Ram\u00f3n Jesurun<\/b>\u00a0parec\u00eda desconocer cuando declar\u00f3 que \u201cson jugadoras amateurs y no recibir\u00e1n ning\u00fan reconocimiento en met\u00e1lico\u201d.<\/span><\/p>\n<p class=\"x_ydp57f704fdMsoNormal\" style=\"text-align: justify;\"><span lang=\"ES-MX\" style=\"font-family: helvetica, arial, sans-serif;\">Colombia jugar\u00e1 este domingo a las\u00a0<b>9.30AM ante Espa\u00f1a la final de la Copa Mundo,<\/b>\u00a0la primera en la historia del pa\u00eds en cualquier categor\u00eda o rama en este deporte.<\/span><\/p>\n<p class=\"x_ydp57f704fdMsoNormal\" style=\"text-align: justify;\"><span lang=\"ES-MX\" style=\"font-family: helvetica, arial, sans-serif;\">Las colombianas ya cayeron 1-0 en su partido de estreno ante las espa\u00f1olas.<\/span><\/p>\n","protected":false},"excerpt":{"rendered":"<p>La ministra del Deporte, Mar\u00eda Isabel Urrutia, anunci\u00f3 que las jugadoras y los integrantes del cuerpo t\u00e9cnico de la\u00a0Selecci\u00f3n Colombia Femenina sub 17 recibir\u00e1n 11.5\u00a0millones de pesos\u00a0cada uno si logran el t\u00edtulo en el\u00a0Mundial de la India y 8.3 millones\u00a0si se quedan con el subt\u00edtulo. Este dinero ser\u00e1 del gobierno y nada tiene que ver [&hellip;]<\/p>\n","protected":false},"author":5,"featured_media":86321,"comment_status":"open","ping_status":"closed","sticky":false,"template":"","format":"standard","meta":{"_acf_changed":false,"footnotes":""},"categories":[418],"tags":[],"class_list":{"0":"post-86839","1":"post","2":"type-post","3":"status-publish","4":"format-standard","5":"has-post-thumbnail","7":"category-colombia"},"acf":[],"_links":{"self":[{"href":"https:\/\/futbolhoy.co\/index.php\/wp-json\/wp\/v2\/posts\/86839","targetHints":{"allow":["GET"]}}],"collection":[{"href":"https:\/\/futbolhoy.co\/index.php\/wp-json\/wp\/v2\/posts"}],"about":[{"href":"https:\/\/futbolhoy.co\/index.php\/wp-json\/wp\/v2\/types\/post"}],"author":[{"embeddable":true,"href":"https:\/\/futbolhoy.co\/index.php\/wp-json\/wp\/v2\/users\/5"}],"replies":[{"embeddable":true,"href":"https:\/\/futbolhoy.co\/index.php\/wp-json\/wp\/v2\/comments?post=86839"}],"version-history":[{"count":2,"href":"https:\/\/futbolhoy.co\/index.php\/wp-json\/wp\/v2\/posts\/86839\/revisions"}],"predecessor-version":[{"id":86848,"href":"https:\/\/futbolhoy.co\/index.php\/wp-json\/wp\/v2\/posts\/86839\/revisions\/86848"}],"wp:featuredmedia":[{"embeddable":true,"href":"https:\/\/futbolhoy.co\/index.php\/wp-json\/wp\/v2\/media\/86321"}],"wp:attachment":[{"href":"https:\/\/futbolhoy.co\/index.php\/wp-json\/wp\/v2\/media?parent=86839"}],"wp:term":[{"taxonomy":"category","embeddable":true,"href":"https:\/\/futbolhoy.co\/index.php\/wp-json\/wp\/v2\/categories?post=86839"},{"taxonomy":"post_tag","embeddable":true,"href":"https:\/\/futbolhoy.co\/index.php\/wp-json\/wp\/v2\/tags?post=86839"}],"curies":[{"name":"wp","href":"https:\/\/api.w.org\/{rel}","templated":true}]}}