{"id":86842,"date":"2022-10-28T09:10:49","date_gmt":"2022-10-28T14:10:49","guid":{"rendered":"https:\/\/futbolhoy.co\/?p=86842"},"modified":"2022-10-29T12:17:17","modified_gmt":"2022-10-29T17:17:17","slug":"falcao-sigue-lesionado-2","status":"publish","type":"post","link":"https:\/\/futbolhoy.co\/index.php\/2022\/10\/28\/falcao-sigue-lesionado-2\/","title":{"rendered":"Falcao sigue lesionado"},"content":{"rendered":"<p class=\"x_ydp6142473fMsoNormal\" style=\"text-align: justify;\"><span lang=\"ES-MX\" style=\"font-family: helvetica, arial, sans-serif;\">El delantero colombiano\u00a0<b>Falcao Garc\u00eda<\/b>, quien ya se perdi\u00f3 por lesi\u00f3n el partido de la pasada jornada de\u00a0<b>LaLiga frente al C\u00e1diz (5-1),<\/b>\u00a0tampoco jugar\u00e1 contra el\u00a0<b>Sevilla<\/b>\u00a0este s\u00e1bado (11.30AM), seg\u00fan inform\u00f3 su t\u00e9cnico,\u00a0<b>Andoni Iraola<\/b>.<\/span><\/p>\n<p class=\"x_ydp6142473fMsoNormal\" style=\"text-align: justify;\"><span lang=\"ES-MX\" style=\"font-family: helvetica, arial, sans-serif;\">Falcao arrastra una\u00a0<b>lesi\u00f3n en un isquiotibial<\/b>\u00a0desde el pasado 18 de octubre, fecha del partido contra el\u00a0<b>Atl\u00e9tico de Madrid<\/b>\u00a0en el que marc\u00f3 el gol del empate y \u201cno llegar\u00e1 a este encuentro contra el Sevilla\u201d, dijo Iraola.<\/span><\/p>\n<p class=\"x_ydp6142473fMsoNormal\" style=\"text-align: justify;\"><span lang=\"ES-MX\" style=\"font-family: helvetica, arial, sans-serif;\">La baja de\u00a0<b>\u2018El Tigre\u2019<\/b>\u00a0es sensible para el Rayo porque se une a la del franc\u00e9s\u00a0<b>Randy Nteka<\/b>\u00a0y deja a\u00a0<b>Sergio Camello<\/b>\u00a0como \u00fanico delantero disponible de la plantilla contra los andaluces.<\/span><\/p>\n<p class=\"x_ydp6142473fMsoNormal\" style=\"text-align: justify;\"><span lang=\"ES-MX\" style=\"font-family: helvetica, arial, sans-serif;\">Otro futbolista que tampoco estar\u00e1 en el\u00a0<b>S\u00e1nchez Pizju\u00e1n<\/b>\u00a0es el mediapunta argentino\u00a0<b>Jos\u00e9 Pozo<\/b>, que tiene \u00abun golpe en un dedo que es muy molesto, lleva d\u00edas intentando aguantar el dolor, y se ha decidido que pare\u00bb.<\/span><\/p>\n","protected":false},"excerpt":{"rendered":"<p>El delantero colombiano\u00a0Falcao Garc\u00eda, quien ya se perdi\u00f3 por lesi\u00f3n el partido de la pasada jornada de\u00a0LaLiga frente al C\u00e1diz (5-1),\u00a0tampoco jugar\u00e1 contra el\u00a0Sevilla\u00a0este s\u00e1bado (11.30AM), seg\u00fan inform\u00f3 su t\u00e9cnico,\u00a0Andoni Iraola. Falcao arrastra una\u00a0lesi\u00f3n en un isquiotibial\u00a0desde el pasado 18 de octubre, fecha del partido contra el\u00a0Atl\u00e9tico de Madrid\u00a0en el que marc\u00f3 el gol del [&hellip;]<\/p>\n","protected":false},"author":5,"featured_media":86654,"comment_status":"open","ping_status":"closed","sticky":false,"template":"","format":"standard","meta":{"_acf_changed":false,"footnotes":""},"categories":[418],"tags":[],"class_list":{"0":"post-86842","1":"post","2":"type-post","3":"status-publish","4":"format-standard","5":"has-post-thumbnail","7":"category-colombia"},"acf":[],"_links":{"self":[{"href":"https:\/\/futbolhoy.co\/index.php\/wp-json\/wp\/v2\/posts\/86842","targetHints":{"allow":["GET"]}}],"collection":[{"href":"https:\/\/futbolhoy.co\/index.php\/wp-json\/wp\/v2\/posts"}],"about":[{"href":"https:\/\/futbolhoy.co\/index.php\/wp-json\/wp\/v2\/types\/post"}],"author":[{"embeddable":true,"href":"https:\/\/futbolhoy.co\/index.php\/wp-json\/wp\/v2\/users\/5"}],"replies":[{"embeddable":true,"href":"https:\/\/futbolhoy.co\/index.php\/wp-json\/wp\/v2\/comments?post=86842"}],"version-history":[{"count":1,"href":"https:\/\/futbolhoy.co\/index.php\/wp-json\/wp\/v2\/posts\/86842\/revisions"}],"predecessor-version":[{"id":86843,"href":"https:\/\/futbolhoy.co\/index.php\/wp-json\/wp\/v2\/posts\/86842\/revisions\/86843"}],"wp:featuredmedia":[{"embeddable":true,"href":"https:\/\/futbolhoy.co\/index.php\/wp-json\/wp\/v2\/media\/86654"}],"wp:attachment":[{"href":"https:\/\/futbolhoy.co\/index.php\/wp-json\/wp\/v2\/media?parent=86842"}],"wp:term":[{"taxonomy":"category","embeddable":true,"href":"https:\/\/futbolhoy.co\/index.php\/wp-json\/wp\/v2\/categories?post=86842"},{"taxonomy":"post_tag","embeddable":true,"href":"https:\/\/futbolhoy.co\/index.php\/wp-json\/wp\/v2\/tags?post=86842"}],"curies":[{"name":"wp","href":"https:\/\/api.w.org\/{rel}","templated":true}]}}