{"id":86852,"date":"2022-10-28T18:35:17","date_gmt":"2022-10-28T23:35:17","guid":{"rendered":"https:\/\/futbolhoy.co\/?p=86852"},"modified":"2022-10-29T17:20:07","modified_gmt":"2022-10-29T22:20:07","slug":"definidos-los-arbitros-de-la-ultima-fecha","status":"publish","type":"post","link":"https:\/\/futbolhoy.co\/index.php\/2022\/10\/28\/definidos-los-arbitros-de-la-ultima-fecha\/","title":{"rendered":"Definidos los \u00e1rbitros de la \u00faltima fecha"},"content":{"rendered":"<p class=\"x_ydpd704eda6MsoNormal\" style=\"text-align: justify;\"><span style=\"font-family: helvetica, arial, sans-serif;\"><b><span lang=\"ES-MX\">El quindiano Jhon Ospina<\/span><\/b><span lang=\"ES-MX\">\u00a0fue designado por la\u00a0<\/span><b><span lang=\"ES-MX\">Comisi\u00f3n Arbitral<\/span><\/b><span lang=\"ES-MX\">\u00a0para dirigir el partido entre\u00a0<\/span><b><span lang=\"ES-MX\">Uni\u00f3n Magdalena y Am\u00e9rica<\/span><\/b><span lang=\"ES-MX\">\u00a0en la \u00faltima jornada de la fase Todos contra Todos de la\u00a0<\/span><b><span lang=\"ES-MX\">Liga colombiana<\/span><\/b><span lang=\"ES-MX\">.<\/span><\/span><\/p>\n<p class=\"x_ydpd704eda6MsoNormal\" style=\"text-align: justify;\"><span style=\"font-family: helvetica, arial, sans-serif;\"><span lang=\"ES-MX\">Por su parte,\u00a0<\/span><b><span lang=\"ES-MX\">el chocoano<\/span><\/b><span lang=\"ES-MX\">\u00a0<\/span><b><span lang=\"ES-MX\">Jhon Hinestroza<\/span><\/b><span lang=\"ES-MX\">\u00a0tendr\u00e1 a su cargo el duelo entre\u00a0<\/span><b><span lang=\"ES-MX\">Bucaramanga y Pereira<\/span><\/b><span lang=\"ES-MX\">; mientras que\u00a0<\/span><b><span lang=\"ES-MX\">Diego Escalante de Antioquia<\/span><\/b><span lang=\"ES-MX\">\u00a0conducir\u00e1 el juego\u00a0<\/span><b><span lang=\"ES-MX\">Santa Fe-Once Caldas<\/span><\/b><span lang=\"ES-MX\">.<\/span><\/span><\/p>\n<p class=\"x_ydpd704eda6MsoNormal\" style=\"text-align: justify;\"><span style=\"font-family: helvetica, arial, sans-serif;\"><span lang=\"ES-MX\">Para el compromiso\u00a0<\/span><b><span lang=\"ES-MX\">Atl\u00e9tico Nacional-La Equidad<\/span><\/b><span lang=\"ES-MX\">\u00a0fue encargado\u00a0<\/span><b><span lang=\"ES-MX\">Luis Matorel de Bol\u00edvar y Bismarks Santiago, del Atl\u00e1ntico<\/span><\/b><span lang=\"ES-MX\">, estar\u00e1 en\u00a0<\/span><b><span lang=\"ES-MX\">Barrancabermeja<\/span><\/b><span lang=\"ES-MX\">\u00a0para el partido\u00a0<\/span><b><span lang=\"ES-MX\">Alianza Petrolera-Millonarios<\/span><\/b><span lang=\"ES-MX\">.<\/span><\/span><\/p>\n<p class=\"x_ydpd704eda6MsoNormal\" style=\"text-align: justify;\"><span style=\"font-family: helvetica, arial, sans-serif;\"><b><span lang=\"ES-MX\">Pasto-Medell\u00edn<\/span><\/b><span lang=\"ES-MX\">\u00a0ser\u00e1 orientado por el bolivarense\u00a0<\/span><b><span lang=\"ES-MX\">Carlos Ortega; y Jaguares Junior por el vallecaucano Carlos Betancur<\/span><\/b><span lang=\"ES-MX\">.<\/span><\/span><\/p>\n<p class=\"x_ydpd704eda6MsoNormal\" style=\"text-align: justify;\"><span style=\"font-family: helvetica, arial, sans-serif;\"><b><span lang=\"ES-MX\">Mauricio Mercado de Sucre<\/span><\/b><span lang=\"ES-MX\">\u00a0fue designado para\u00a0<\/span><b><span lang=\"ES-MX\">Cortulu\u00e1-\u00c1guilas Doradas<\/span><\/b><span lang=\"ES-MX\">.<\/span><\/span><\/p>\n<p class=\"x_ydpd704eda6MsoNormal\" style=\"text-align: justify;\"><span lang=\"ES-MX\" style=\"font-family: helvetica, arial, sans-serif;\">Los anteriores juegos se llevar\u00e1n a cabo el domingo en horario unificado de las 4PM.<\/span><\/p>\n<p class=\"x_ydpd704eda6MsoNormal\" style=\"text-align: justify;\"><span lang=\"ES-MX\" style=\"font-family: helvetica, arial, sans-serif;\">Los otros partidos, que se disputar\u00e1n el s\u00e1bado estar\u00e1n as\u00ed:<\/span><\/p>\n<p class=\"x_ydpd704eda6MsoNormal\" style=\"text-align: justify;\"><span style=\"font-family: helvetica, arial, sans-serif;\"><b><span lang=\"ES-MX\">Envigado-Tolima (4PM), Ferney Trujillo de Casanare.<\/span><\/b><\/span><\/p>\n<p class=\"x_ydpd704eda6MsoNormal\" style=\"text-align: justify;\"><span style=\"font-family: helvetica, arial, sans-serif;\"><b><span lang=\"ES-MX\">Cali-Patriotas (6PM), W\u00e1nder Mosquera.<\/span><\/b><\/span><\/p>\n","protected":false},"excerpt":{"rendered":"<p>El quindiano Jhon Ospina\u00a0fue designado por la\u00a0Comisi\u00f3n Arbitral\u00a0para dirigir el partido entre\u00a0Uni\u00f3n Magdalena y Am\u00e9rica\u00a0en la \u00faltima jornada de la fase Todos contra Todos de la\u00a0Liga colombiana. Por su parte,\u00a0el chocoano\u00a0Jhon Hinestroza\u00a0tendr\u00e1 a su cargo el duelo entre\u00a0Bucaramanga y Pereira; mientras que\u00a0Diego Escalante de Antioquia\u00a0conducir\u00e1 el juego\u00a0Santa Fe-Once Caldas. Para el compromiso\u00a0Atl\u00e9tico Nacional-La Equidad\u00a0fue encargado\u00a0Luis [&hellip;]<\/p>\n","protected":false},"author":5,"featured_media":83361,"comment_status":"open","ping_status":"closed","sticky":false,"template":"","format":"standard","meta":{"_acf_changed":false,"footnotes":""},"categories":[7],"tags":[],"class_list":{"0":"post-86852","1":"post","2":"type-post","3":"status-publish","4":"format-standard","5":"has-post-thumbnail","7":"category-liga-betplay"},"acf":[],"_links":{"self":[{"href":"https:\/\/futbolhoy.co\/index.php\/wp-json\/wp\/v2\/posts\/86852","targetHints":{"allow":["GET"]}}],"collection":[{"href":"https:\/\/futbolhoy.co\/index.php\/wp-json\/wp\/v2\/posts"}],"about":[{"href":"https:\/\/futbolhoy.co\/index.php\/wp-json\/wp\/v2\/types\/post"}],"author":[{"embeddable":true,"href":"https:\/\/futbolhoy.co\/index.php\/wp-json\/wp\/v2\/users\/5"}],"replies":[{"embeddable":true,"href":"https:\/\/futbolhoy.co\/index.php\/wp-json\/wp\/v2\/comments?post=86852"}],"version-history":[{"count":1,"href":"https:\/\/futbolhoy.co\/index.php\/wp-json\/wp\/v2\/posts\/86852\/revisions"}],"predecessor-version":[{"id":86853,"href":"https:\/\/futbolhoy.co\/index.php\/wp-json\/wp\/v2\/posts\/86852\/revisions\/86853"}],"wp:featuredmedia":[{"embeddable":true,"href":"https:\/\/futbolhoy.co\/index.php\/wp-json\/wp\/v2\/media\/83361"}],"wp:attachment":[{"href":"https:\/\/futbolhoy.co\/index.php\/wp-json\/wp\/v2\/media?parent=86852"}],"wp:term":[{"taxonomy":"category","embeddable":true,"href":"https:\/\/futbolhoy.co\/index.php\/wp-json\/wp\/v2\/categories?post=86852"},{"taxonomy":"post_tag","embeddable":true,"href":"https:\/\/futbolhoy.co\/index.php\/wp-json\/wp\/v2\/tags?post=86852"}],"curies":[{"name":"wp","href":"https:\/\/api.w.org\/{rel}","templated":true}]}}