{"id":86854,"date":"2022-10-28T18:00:47","date_gmt":"2022-10-28T23:00:47","guid":{"rendered":"https:\/\/futbolhoy.co\/?p=86854"},"modified":"2022-10-28T18:52:16","modified_gmt":"2022-10-28T23:52:16","slug":"munoz-marco-gol-en-belgica","status":"publish","type":"post","link":"https:\/\/futbolhoy.co\/index.php\/2022\/10\/28\/munoz-marco-gol-en-belgica\/","title":{"rendered":"Mu\u00f1oz marc\u00f3 gol en B\u00e9lgica"},"content":{"rendered":"<p class=\"x_ydpd704eda6MsoNormal\" style=\"text-align: justify;\"><span style=\"font-family: helvetica, arial, sans-serif;\"><span lang=\"ES-MX\">El lateral derecho colombiano\u00a0<\/span><b><span lang=\"ES-MX\">Daniel Mu\u00f1oz<\/span><\/b><span lang=\"ES-MX\">\u00a0abri\u00f3 la cuenta del\u00a0<\/span><b><span lang=\"ES-MX\">Genk<\/span><\/b><span lang=\"ES-MX\">\u00a0en su victoria 3-1 sobre el\u00a0<\/span><b><span lang=\"ES-MX\">Mechelen<\/span><\/b><span lang=\"ES-MX\">\u00a0en el inicio de la jornada 15 de la\u00a0<\/span><b><span lang=\"ES-MX\">Jupiler Pro League de B\u00e9lgica.<\/span><\/b><\/span><\/p>\n<p class=\"x_ydpd704eda6MsoNormal\" style=\"text-align: justify;\"><span style=\"font-family: helvetica, arial, sans-serif;\"><span lang=\"ES-MX\">Mu\u00f1oz (23) tuvo una excelente combinaci\u00f3n por su banda con\u00a0<\/span><b><span lang=\"ES-MX\">Bilal El Khannouss<\/span><\/b><span lang=\"ES-MX\">\u00a0a los nueve minutos y defini\u00f3 de zurda, para sumar su quinta anotaci\u00f3n de la temporada en la que ha actuado en la totalidad de partidos de su club.<\/span><\/span><\/p>\n<p class=\"x_ydpd704eda6MsoNormal\" style=\"text-align: justify;\"><span style=\"font-family: helvetica, arial, sans-serif;\"><span lang=\"ES-MX\">Los otros goles del equipo del colombiano fueron obra de\u00a0<\/span><b><span lang=\"ES-MX\">Gerardo Arteaga (57\u2019) y Joseph Paintsil (90\u2019+1\u2019).<\/span><\/b><span lang=\"ES-MX\">\u00a0El Khannouss fue expulsado a los 64 minutos.<\/span><\/span><\/p>\n<p class=\"x_ydpd704eda6MsoNormal\" style=\"text-align: justify;\"><span style=\"font-family: helvetica, arial, sans-serif;\"><span lang=\"ES-MX\">Genk es l\u00edder del campeonato con 40 puntos y teniendo un partido m\u00e1s, aventaja en 7 unidades al\u00a0<\/span><b><span lang=\"ES-MX\">Royal Antwerpen.<\/span><\/b><\/span><\/p>\n","protected":false},"excerpt":{"rendered":"<p>El lateral derecho colombiano\u00a0Daniel Mu\u00f1oz\u00a0abri\u00f3 la cuenta del\u00a0Genk\u00a0en su victoria 3-1 sobre el\u00a0Mechelen\u00a0en el inicio de la jornada 15 de la\u00a0Jupiler Pro League de B\u00e9lgica. Mu\u00f1oz (23) tuvo una excelente combinaci\u00f3n por su banda con\u00a0Bilal El Khannouss\u00a0a los nueve minutos y defini\u00f3 de zurda, para sumar su quinta anotaci\u00f3n de la temporada en la que [&hellip;]<\/p>\n","protected":false},"author":5,"featured_media":86855,"comment_status":"open","ping_status":"closed","sticky":false,"template":"","format":"standard","meta":{"_acf_changed":false,"footnotes":""},"categories":[5],"tags":[],"class_list":{"0":"post-86854","1":"post","2":"type-post","3":"status-publish","4":"format-standard","5":"has-post-thumbnail","7":"category-destacados"},"acf":[],"_links":{"self":[{"href":"https:\/\/futbolhoy.co\/index.php\/wp-json\/wp\/v2\/posts\/86854","targetHints":{"allow":["GET"]}}],"collection":[{"href":"https:\/\/futbolhoy.co\/index.php\/wp-json\/wp\/v2\/posts"}],"about":[{"href":"https:\/\/futbolhoy.co\/index.php\/wp-json\/wp\/v2\/types\/post"}],"author":[{"embeddable":true,"href":"https:\/\/futbolhoy.co\/index.php\/wp-json\/wp\/v2\/users\/5"}],"replies":[{"embeddable":true,"href":"https:\/\/futbolhoy.co\/index.php\/wp-json\/wp\/v2\/comments?post=86854"}],"version-history":[{"count":1,"href":"https:\/\/futbolhoy.co\/index.php\/wp-json\/wp\/v2\/posts\/86854\/revisions"}],"predecessor-version":[{"id":86856,"href":"https:\/\/futbolhoy.co\/index.php\/wp-json\/wp\/v2\/posts\/86854\/revisions\/86856"}],"wp:featuredmedia":[{"embeddable":true,"href":"https:\/\/futbolhoy.co\/index.php\/wp-json\/wp\/v2\/media\/86855"}],"wp:attachment":[{"href":"https:\/\/futbolhoy.co\/index.php\/wp-json\/wp\/v2\/media?parent=86854"}],"wp:term":[{"taxonomy":"category","embeddable":true,"href":"https:\/\/futbolhoy.co\/index.php\/wp-json\/wp\/v2\/categories?post=86854"},{"taxonomy":"post_tag","embeddable":true,"href":"https:\/\/futbolhoy.co\/index.php\/wp-json\/wp\/v2\/tags?post=86854"}],"curies":[{"name":"wp","href":"https:\/\/api.w.org\/{rel}","templated":true}]}}