{"id":86861,"date":"2022-10-29T09:45:27","date_gmt":"2022-10-29T14:45:27","guid":{"rendered":"https:\/\/futbolhoy.co\/?p=86861"},"modified":"2022-10-29T17:26:36","modified_gmt":"2022-10-29T22:26:36","slug":"psg-registro-millonarias-perdidas","status":"publish","type":"post","link":"https:\/\/futbolhoy.co\/index.php\/2022\/10\/29\/psg-registro-millonarias-perdidas\/","title":{"rendered":"PSG registr\u00f3 millonarias p\u00e9rdidas"},"content":{"rendered":"<p class=\"x_ydpf6c8e0e7MsoNormal\" style=\"text-align: justify;\"><span style=\"font-family: helvetica, arial, sans-serif;\"><b><span lang=\"ES-MX\">El Par\u00eds Saint Germain tuvo 370 millones de euros de p\u00e9rdidas<\/span><\/b><span lang=\"ES-MX\">\u00a0la pasada temporada, seg\u00fan el diario franc\u00e9s\u00a0<b>L&#8217;\u00c9quipe<\/b>, una cifra que se explica por incluir la totalidad del nuevo contrato firmado con su estrella\u00a0<b>Kylian Mbapp\u00e9<\/b>, y que justifica la multa que le impuso la\u00a0<b>UEFA<\/b>.<\/span><\/span><\/p>\n<p class=\"x_ydpf6c8e0e7MsoNormal\" style=\"text-align: justify;\"><span lang=\"ES-MX\" style=\"font-family: helvetica, arial, sans-serif;\">La publicaci\u00f3n indic\u00f3 que, con algunos ajustes m\u00ednimos, esos 370 millones de d\u00e9ficit son los que aparecer\u00e1n cuando la\u00a0<b>Direcci\u00f3n Nacional de Gesti\u00f3n y de Control de la Liga de F\u00fatbol Profesional<\/b>\u00a0(DNCG) oficialice las cuentas del ejercicio 2021-2022 en unas semanas.<\/span><\/p>\n<p class=\"x_ydpf6c8e0e7MsoNormal\" style=\"text-align: justify;\"><span lang=\"ES-MX\" style=\"font-family: helvetica, arial, sans-serif;\">La principal explicaci\u00f3n de ese agujero es que el club ha querido contabilizar en esa temporada pasada, en contra de lo que ser\u00eda l\u00f3gico, la remuneraci\u00f3n de Mbapp\u00e9 para los tres ejercicios siguientes y que, de acuerdo con\u00a0<b>Le Parisien<\/b>, es de\u00a0<b>630 millones de euros<\/b>, una cantidad negada por el equipo.<\/span><\/p>\n<p class=\"x_ydpf6c8e0e7MsoNormal\" style=\"text-align: justify;\"><span lang=\"ES-MX\" style=\"font-family: helvetica, arial, sans-serif;\">La UEFA -precisa un especialista en cuestiones financieras citado por L&#8217;\u00c9quipe- ha autorizado a hacerlo, sabiendo que a partir de la temporada actual se inicia un nuevo ciclo de tres a\u00f1os en el que va a entrar en vigor el nuevo marco de control del juego limpio financiero que pretende garantizar una equidad entre los clubes europeos.<\/span><\/p>\n","protected":false},"excerpt":{"rendered":"<p>El Par\u00eds Saint Germain tuvo 370 millones de euros de p\u00e9rdidas\u00a0la pasada temporada, seg\u00fan el diario franc\u00e9s\u00a0L&#8217;\u00c9quipe, una cifra que se explica por incluir la totalidad del nuevo contrato firmado con su estrella\u00a0Kylian Mbapp\u00e9, y que justifica la multa que le impuso la\u00a0UEFA. La publicaci\u00f3n indic\u00f3 que, con algunos ajustes m\u00ednimos, esos 370 millones de [&hellip;]<\/p>\n","protected":false},"author":5,"featured_media":34429,"comment_status":"open","ping_status":"closed","sticky":false,"template":"","format":"standard","meta":{"_acf_changed":false,"footnotes":""},"categories":[152],"tags":[],"class_list":{"0":"post-86861","1":"post","2":"type-post","3":"status-publish","4":"format-standard","5":"has-post-thumbnail","7":"category-mundo-futbol"},"acf":[],"_links":{"self":[{"href":"https:\/\/futbolhoy.co\/index.php\/wp-json\/wp\/v2\/posts\/86861","targetHints":{"allow":["GET"]}}],"collection":[{"href":"https:\/\/futbolhoy.co\/index.php\/wp-json\/wp\/v2\/posts"}],"about":[{"href":"https:\/\/futbolhoy.co\/index.php\/wp-json\/wp\/v2\/types\/post"}],"author":[{"embeddable":true,"href":"https:\/\/futbolhoy.co\/index.php\/wp-json\/wp\/v2\/users\/5"}],"replies":[{"embeddable":true,"href":"https:\/\/futbolhoy.co\/index.php\/wp-json\/wp\/v2\/comments?post=86861"}],"version-history":[{"count":1,"href":"https:\/\/futbolhoy.co\/index.php\/wp-json\/wp\/v2\/posts\/86861\/revisions"}],"predecessor-version":[{"id":86862,"href":"https:\/\/futbolhoy.co\/index.php\/wp-json\/wp\/v2\/posts\/86861\/revisions\/86862"}],"wp:featuredmedia":[{"embeddable":true,"href":"https:\/\/futbolhoy.co\/index.php\/wp-json\/wp\/v2\/media\/34429"}],"wp:attachment":[{"href":"https:\/\/futbolhoy.co\/index.php\/wp-json\/wp\/v2\/media?parent=86861"}],"wp:term":[{"taxonomy":"category","embeddable":true,"href":"https:\/\/futbolhoy.co\/index.php\/wp-json\/wp\/v2\/categories?post=86861"},{"taxonomy":"post_tag","embeddable":true,"href":"https:\/\/futbolhoy.co\/index.php\/wp-json\/wp\/v2\/tags?post=86861"}],"curies":[{"name":"wp","href":"https:\/\/api.w.org\/{rel}","templated":true}]}}