{"id":86878,"date":"2022-10-29T18:31:11","date_gmt":"2022-10-29T23:31:11","guid":{"rendered":"https:\/\/futbolhoy.co\/?p=86878"},"modified":"2022-10-30T11:12:52","modified_gmt":"2022-10-30T16:12:52","slug":"colombia-por-su-primer-titulo-mundial","status":"publish","type":"post","link":"https:\/\/futbolhoy.co\/index.php\/2022\/10\/29\/colombia-por-su-primer-titulo-mundial\/","title":{"rendered":"Colombia, por su primer t\u00edtulo mundial"},"content":{"rendered":"<p class=\"x_ydpb41911d2MsoNormal\" style=\"text-align: justify;\"><span style=\"font-family: helvetica, arial, sans-serif;\"><b><span lang=\"ES-MX\">La Selecci\u00f3n Colombia<\/span><\/b><span lang=\"ES-MX\">\u00a0buscar\u00e1 este domingo, ante el campe\u00f3n defensor,\u00a0<b>Espa\u00f1a<\/b>, el primer t\u00edtulo mundial de su historia, cuando dispute la final de\u00a0<b>la Copa sub 17 Femenina de la India.<\/b><\/span><\/span><\/p>\n<p class=\"x_ydpb41911d2MsoNormal\" style=\"text-align: justify;\"><span lang=\"ES-MX\" style=\"font-family: helvetica, arial, sans-serif;\">Colombia no tiene jugadoras suspendidas y lesionadas y conf\u00eda en el talento de su capitana\u00a0<b>Linda Caicedo<\/b>; y la solidez de su portera\u00a0<b>Luisa Agudelo<\/b>, gran figura de la clasificaci\u00f3n al detener el cobro definitivo en los lanzamientos desde el punto penalti en el juego contra\u00a0<b>Nigeria<\/b>.<\/span><\/p>\n<p class=\"x_ydpb41911d2MsoNormal\" style=\"text-align: justify;\"><span lang=\"ES-MX\" style=\"font-family: helvetica, arial, sans-serif;\">Espa\u00f1a llega con el plus de haberse impuesto 1-0 en el partido de debut de ambos conjuntos en el torneo en la fase de grupos.<\/span><\/p>\n<p class=\"x_ydpb41911d2MsoNormal\" style=\"text-align: justify;\"><span style=\"font-family: helvetica, arial, sans-serif;\"><b><span lang=\"ES-MX\">Probables formaciones:<\/span><\/b><\/span><\/p>\n<p class=\"x_ydpb41911d2MsoNormal\" style=\"text-align: justify;\"><span style=\"font-family: helvetica, arial, sans-serif;\"><b><span lang=\"ES-MX\">Colombia:<\/span><\/b><span lang=\"ES-MX\">\u00a0Luisa Agudelo; Mary Espitaleta, Cristina Motta, Stefan\u00eda Perlaza, Natalia Hern\u00e1ndez; Yesica Mu\u00f1oz, Gabriela Rodr\u00edguez, Ana Mar\u00eda Guzm\u00e1n, Juana Orteg\u00f3n; Linda Caicedo (c) y Orianna Quintero.<\/span><\/span><\/p>\n<p class=\"x_ydpb41911d2MsoNormal\" style=\"text-align: justify;\"><span style=\"font-family: helvetica, arial, sans-serif;\"><b><span lang=\"ES-MX\">Espa\u00f1a:<\/span><\/b><span lang=\"ES-MX\">\u00a0Sof\u00eda Fuente; Judit Pujols, Sandra Villafane, Marina Artero (c), Luc\u00eda Corrales; Jone Amezaga, Sara Ortega, Cristina Libran; Vicky L\u00f3pez, Carla Camacho y Marina Rivas.<\/span><\/span><\/p>\n<p class=\"x_ydpb41911d2MsoNormal\" style=\"text-align: justify;\"><span style=\"font-family: helvetica, arial, sans-serif;\"><b><span lang=\"ES-MX\">\u00c1rbitra:<\/span><\/b><span lang=\"ES-MX\">\u00a0Katia Garc\u00eda (MEX).<\/span><\/span><\/p>\n","protected":false},"excerpt":{"rendered":"<p>La Selecci\u00f3n Colombia\u00a0buscar\u00e1 este domingo, ante el campe\u00f3n defensor,\u00a0Espa\u00f1a, el primer t\u00edtulo mundial de su historia, cuando dispute la final de\u00a0la Copa sub 17 Femenina de la India. Colombia no tiene jugadoras suspendidas y lesionadas y conf\u00eda en el talento de su capitana\u00a0Linda Caicedo; y la solidez de su portera\u00a0Luisa Agudelo, gran figura de la [&hellip;]<\/p>\n","protected":false},"author":5,"featured_media":86879,"comment_status":"open","ping_status":"closed","sticky":false,"template":"","format":"standard","meta":{"_acf_changed":false,"footnotes":""},"categories":[418],"tags":[],"class_list":{"0":"post-86878","1":"post","2":"type-post","3":"status-publish","4":"format-standard","5":"has-post-thumbnail","7":"category-colombia"},"acf":[],"_links":{"self":[{"href":"https:\/\/futbolhoy.co\/index.php\/wp-json\/wp\/v2\/posts\/86878","targetHints":{"allow":["GET"]}}],"collection":[{"href":"https:\/\/futbolhoy.co\/index.php\/wp-json\/wp\/v2\/posts"}],"about":[{"href":"https:\/\/futbolhoy.co\/index.php\/wp-json\/wp\/v2\/types\/post"}],"author":[{"embeddable":true,"href":"https:\/\/futbolhoy.co\/index.php\/wp-json\/wp\/v2\/users\/5"}],"replies":[{"embeddable":true,"href":"https:\/\/futbolhoy.co\/index.php\/wp-json\/wp\/v2\/comments?post=86878"}],"version-history":[{"count":1,"href":"https:\/\/futbolhoy.co\/index.php\/wp-json\/wp\/v2\/posts\/86878\/revisions"}],"predecessor-version":[{"id":86880,"href":"https:\/\/futbolhoy.co\/index.php\/wp-json\/wp\/v2\/posts\/86878\/revisions\/86880"}],"wp:featuredmedia":[{"embeddable":true,"href":"https:\/\/futbolhoy.co\/index.php\/wp-json\/wp\/v2\/media\/86879"}],"wp:attachment":[{"href":"https:\/\/futbolhoy.co\/index.php\/wp-json\/wp\/v2\/media?parent=86878"}],"wp:term":[{"taxonomy":"category","embeddable":true,"href":"https:\/\/futbolhoy.co\/index.php\/wp-json\/wp\/v2\/categories?post=86878"},{"taxonomy":"post_tag","embeddable":true,"href":"https:\/\/futbolhoy.co\/index.php\/wp-json\/wp\/v2\/tags?post=86878"}],"curies":[{"name":"wp","href":"https:\/\/api.w.org\/{rel}","templated":true}]}}