{"id":8986,"date":"2017-11-02T19:39:35","date_gmt":"2017-11-03T00:39:35","guid":{"rendered":"http:\/\/futbolhoy.co\/?p=8986"},"modified":"2017-11-04T12:21:02","modified_gmt":"2017-11-04T17:21:02","slug":"bacca-marca-golazo-en-triunfo-del-villarreal","status":"publish","type":"post","link":"https:\/\/futbolhoy.co\/index.php\/2017\/11\/02\/bacca-marca-golazo-en-triunfo-del-villarreal\/","title":{"rendered":"Bacca marca golazo en triunfo del Villarreal"},"content":{"rendered":"<p style=\"text-align: justify;\">El\u00a0<b>Villarreal<\/b>\u00a0de Espa\u00f1a se acerc\u00f3 a su clasificaci\u00f3n a la segunda ronda de la Europa League gracias a su victoria 0-2 en el campo del\u00a0<b>Slavia<\/b><b>\u00a0Praga<\/b>\u00a0en la cuarta jornada de la fase de grupos, con goles del delantero colombiano\u00a0<b>Carlos Bacca<\/b>\u00a0y el marfile\u00f1o\u00a0Sim\u00f3n\u00a0Deli.<span data-ccp-props=\"{&quot;134233117&quot;:true,&quot;134233118&quot;:true,&quot;201341983&quot;:0,&quot;335559740&quot;:240}\">\u00a0<\/span><\/p>\n<p style=\"text-align: justify;\">Bacca, el \u00fanico colombiano con actividad en la jornada,\u00a0abri\u00f3 el marcador a los 15 minutos en una acrob\u00e1tica jugada desde el punto penal, definiendo de volea\u00a0un rechazo del arquero del equipo checo; mientras que Deli sentenci\u00f3 el juego en el minuto 89.<span data-ccp-props=\"{&quot;134233117&quot;:true,&quot;134233118&quot;:true,&quot;201341983&quot;:0,&quot;335559740&quot;:240}\">\u00a0<\/span><\/p>\n<p style=\"text-align: justify;\"><b>\u2018El submarino amarillo\u2019<\/b>\u00a0asumi\u00f3 el liderato del grupo A con 8 puntos, dejando en el segundo lugar al\u00a0<b>Astana<\/b>\u00a0con\u00a07\u00a0y el\u00a0Slavia\u00a0ocupa la tercera casilla con\u00a05\u00a0unidades.<span data-ccp-props=\"{&quot;134233117&quot;:true,&quot;134233118&quot;:true,&quot;201341983&quot;:0,&quot;335559740&quot;:240}\">\u00a0<\/span><\/p>\n<p style=\"text-align: justify;\">En otros partidos destacados, el\u00a0<b>Arsenal<\/b>, sin\u00a0<b>David Ospina<\/b>, lesionado, igual\u00f3 0-0 con el\u00a0<b>Estrella Roja de Serbia<\/b>\u00a0y avanz\u00f3 a la ronda de dieciseisavos de final.<span data-ccp-props=\"{&quot;134233117&quot;:true,&quot;134233118&quot;:true,&quot;201341983&quot;:0,&quot;335559740&quot;:240}\">\u00a0<\/span><\/p>\n<p style=\"text-align: justify;\"><b>Cristian Zapata<\/b>\u00a0fue suplente en el\u00a0<b>Mil\u00e1n<\/b>\u00a0que empat\u00f3\u00a00-0\u00a0en casa del AEK Atenas;\u00a0<b>Jhon<\/b><b>\u00a0C\u00f3rdoba<\/b>\u00a0no concentr\u00f3 con el\u00a0<b>Colonia<\/b>\u00a0alem\u00e1n\u00a0por una lesi\u00f3n muscular que padece hace un mes y su equipo\u00a0gole\u00f3 5-2 al\u00a0BATE\u00a0Borisov; mientras que\u00a0Guillermo Celis tambi\u00e9n fue emergente del\u00a0Vitoria\u00a0Guimaraes\u202fen su triunfo 1-0 sobre el\u00a0<b>Marsella<\/b>.<span data-ccp-props=\"{&quot;134233117&quot;:true,&quot;134233118&quot;:true,&quot;201341983&quot;:0,&quot;335559740&quot;:240}\">\u00a0<\/span><\/p>\n<p style=\"text-align: justify;\">Adem\u00e1s del Arsenal ingl\u00e9s se aseguraron su cupo en la siguiente fase la\u00a0<b>Lazio<\/b>\u00a0italiana,\u00a0el\u00a0Dinamo de Kiev,\u00a0el\u00a0<b>Zenit\u00a0<\/b>de San Petersburgo y\u00a0el\u00a0Steaua\u00a0de Bucarest.<span data-ccp-props=\"{&quot;134233117&quot;:true,&quot;134233118&quot;:true,&quot;201341983&quot;:0,&quot;335559740&quot;:240}\">\u00a0<\/span><\/p>\n<p>&nbsp;<\/p>\n","protected":false},"excerpt":{"rendered":"<p>El\u00a0Villarreal\u00a0de Espa\u00f1a se acerc\u00f3 a su clasificaci\u00f3n a la segunda ronda de la Europa League gracias a su victoria 0-2 en el campo del\u00a0Slavia\u00a0Praga\u00a0en la cuarta jornada de la fase de grupos, con goles del delantero colombiano\u00a0Carlos Bacca\u00a0y el marfile\u00f1o\u00a0Sim\u00f3n\u00a0Deli.\u00a0 Bacca, el \u00fanico colombiano con actividad en la jornada,\u00a0abri\u00f3 el marcador a los 15 minutos [&hellip;]<\/p>\n","protected":false},"author":5,"featured_media":8987,"comment_status":"open","ping_status":"closed","sticky":false,"template":"","format":"standard","meta":{"_acf_changed":false,"footnotes":""},"categories":[152],"tags":[160,132,161],"class_list":{"0":"post-8986","1":"post","2":"type-post","3":"status-publish","4":"format-standard","5":"has-post-thumbnail","7":"category-mundo-futbol","8":"tag-carlos-bacca","9":"tag-europa-league","10":"tag-villarreal"},"acf":[],"_links":{"self":[{"href":"https:\/\/futbolhoy.co\/index.php\/wp-json\/wp\/v2\/posts\/8986","targetHints":{"allow":["GET"]}}],"collection":[{"href":"https:\/\/futbolhoy.co\/index.php\/wp-json\/wp\/v2\/posts"}],"about":[{"href":"https:\/\/futbolhoy.co\/index.php\/wp-json\/wp\/v2\/types\/post"}],"author":[{"embeddable":true,"href":"https:\/\/futbolhoy.co\/index.php\/wp-json\/wp\/v2\/users\/5"}],"replies":[{"embeddable":true,"href":"https:\/\/futbolhoy.co\/index.php\/wp-json\/wp\/v2\/comments?post=8986"}],"version-history":[{"count":1,"href":"https:\/\/futbolhoy.co\/index.php\/wp-json\/wp\/v2\/posts\/8986\/revisions"}],"predecessor-version":[{"id":8988,"href":"https:\/\/futbolhoy.co\/index.php\/wp-json\/wp\/v2\/posts\/8986\/revisions\/8988"}],"wp:featuredmedia":[{"embeddable":true,"href":"https:\/\/futbolhoy.co\/index.php\/wp-json\/wp\/v2\/media\/8987"}],"wp:attachment":[{"href":"https:\/\/futbolhoy.co\/index.php\/wp-json\/wp\/v2\/media?parent=8986"}],"wp:term":[{"taxonomy":"category","embeddable":true,"href":"https:\/\/futbolhoy.co\/index.php\/wp-json\/wp\/v2\/categories?post=8986"},{"taxonomy":"post_tag","embeddable":true,"href":"https:\/\/futbolhoy.co\/index.php\/wp-json\/wp\/v2\/tags?post=8986"}],"curies":[{"name":"wp","href":"https:\/\/api.w.org\/{rel}","templated":true}]}}