{"id":8989,"date":"2017-11-02T19:41:52","date_gmt":"2017-11-03T00:41:52","guid":{"rendered":"http:\/\/futbolhoy.co\/?p=8989"},"modified":"2017-11-02T19:58:55","modified_gmt":"2017-11-03T00:58:55","slug":"el-bayern-despidio-a-willy-sagnol","status":"publish","type":"post","link":"https:\/\/futbolhoy.co\/index.php\/2017\/11\/02\/el-bayern-despidio-a-willy-sagnol\/","title":{"rendered":"El Bayern despidi\u00f3 a Willy Sagnol"},"content":{"rendered":"<p style=\"text-align: justify;\">El diario\u00a0Bild\u00a0de Alemania asegur\u00f3 que el franc\u00e9s <strong>Willy\u00a0Sagnol<\/strong>, quien fuera encargado de la direcci\u00f3n t\u00e9cnica del <strong>Bayern M\u00fanich<\/strong> ante la destituci\u00f3n del italiano <strong>Carlo Ancelotti<\/strong>, fue despedido.<span data-ccp-props=\"{&quot;134233117&quot;:true,&quot;134233118&quot;:true,&quot;201341983&quot;:0,&quot;335559740&quot;:240}\">\u00a0<\/span><\/p>\n<p style=\"text-align: justify;\"><strong>Hasan\u00a0Salihamdzic<\/strong>, director deportivo del club \u2018b\u00e1varo\u2019 se\u00f1al\u00f3 que el nuevo entrenador,\u00a0<strong>Jupp\u00a0Heynckes<\/strong>, \u00abquer\u00eda a sus hombres de confianza a su lado, quer\u00eda automatismos bien establecidos\u00bb.<span data-ccp-props=\"{&quot;134233117&quot;:true,&quot;134233118&quot;:true,&quot;201341983&quot;:0,&quot;335559739&quot;:160,&quot;335559740&quot;:240}\">\u00a0<\/span><\/p>\n<p style=\"text-align: justify;\">Sagnol\u00a0solo dirigi\u00f3 un partido al Bayern, en el empate 2-2 como visitante contra el\u00a0<strong>Hertha\u00a0Berl\u00edn<\/strong> en la s\u00e9ptima jornada de la Bundesliga, donde el colombiano James Rodr\u00edguez fue suplente.<span data-ccp-props=\"{&quot;201341983&quot;:0,&quot;335559739&quot;:160,&quot;335559740&quot;:259}\">\u00a0<\/span><\/p>\n<p style=\"text-align: justify;\"><b>\u00a0<\/b><\/p>\n","protected":false},"excerpt":{"rendered":"<p>El diario\u00a0Bild\u00a0de Alemania asegur\u00f3 que el franc\u00e9s Willy\u00a0Sagnol, quien fuera encargado de la direcci\u00f3n t\u00e9cnica del Bayern M\u00fanich ante la destituci\u00f3n del italiano Carlo Ancelotti, fue despedido.\u00a0 Hasan\u00a0Salihamdzic, director deportivo del club \u2018b\u00e1varo\u2019 se\u00f1al\u00f3 que el nuevo entrenador,\u00a0Jupp\u00a0Heynckes, \u00abquer\u00eda a sus hombres de confianza a su lado, quer\u00eda automatismos bien establecidos\u00bb.\u00a0 Sagnol\u00a0solo dirigi\u00f3 un partido [&hellip;]<\/p>\n","protected":false},"author":5,"featured_media":8990,"comment_status":"open","ping_status":"closed","sticky":false,"template":"","format":"standard","meta":{"_acf_changed":false,"footnotes":""},"categories":[152],"tags":[88,402],"class_list":{"0":"post-8989","1":"post","2":"type-post","3":"status-publish","4":"format-standard","5":"has-post-thumbnail","7":"category-mundo-futbol","8":"tag-bayern-munich","9":"tag-willy-sagnol"},"acf":[],"_links":{"self":[{"href":"https:\/\/futbolhoy.co\/index.php\/wp-json\/wp\/v2\/posts\/8989","targetHints":{"allow":["GET"]}}],"collection":[{"href":"https:\/\/futbolhoy.co\/index.php\/wp-json\/wp\/v2\/posts"}],"about":[{"href":"https:\/\/futbolhoy.co\/index.php\/wp-json\/wp\/v2\/types\/post"}],"author":[{"embeddable":true,"href":"https:\/\/futbolhoy.co\/index.php\/wp-json\/wp\/v2\/users\/5"}],"replies":[{"embeddable":true,"href":"https:\/\/futbolhoy.co\/index.php\/wp-json\/wp\/v2\/comments?post=8989"}],"version-history":[{"count":2,"href":"https:\/\/futbolhoy.co\/index.php\/wp-json\/wp\/v2\/posts\/8989\/revisions"}],"predecessor-version":[{"id":8992,"href":"https:\/\/futbolhoy.co\/index.php\/wp-json\/wp\/v2\/posts\/8989\/revisions\/8992"}],"wp:featuredmedia":[{"embeddable":true,"href":"https:\/\/futbolhoy.co\/index.php\/wp-json\/wp\/v2\/media\/8990"}],"wp:attachment":[{"href":"https:\/\/futbolhoy.co\/index.php\/wp-json\/wp\/v2\/media?parent=8989"}],"wp:term":[{"taxonomy":"category","embeddable":true,"href":"https:\/\/futbolhoy.co\/index.php\/wp-json\/wp\/v2\/categories?post=8989"},{"taxonomy":"post_tag","embeddable":true,"href":"https:\/\/futbolhoy.co\/index.php\/wp-json\/wp\/v2\/tags?post=8989"}],"curies":[{"name":"wp","href":"https:\/\/api.w.org\/{rel}","templated":true}]}}