{"id":90807,"date":"2023-02-17T07:43:35","date_gmt":"2023-02-17T12:43:35","guid":{"rendered":"https:\/\/futbolhoy.co\/?p=90807"},"modified":"2023-02-20T08:31:23","modified_gmt":"2023-02-20T13:31:23","slug":"pedri-fuera-del-barcelona-cerca-de-un-mes","status":"publish","type":"post","link":"https:\/\/futbolhoy.co\/index.php\/2023\/02\/17\/pedri-fuera-del-barcelona-cerca-de-un-mes\/","title":{"rendered":"Pedri, fuera del Barcelona cerca de un mes"},"content":{"rendered":"<p style=\"text-align: justify;\"><span lang=\"ES-MX\" style=\"font-family: helvetica, arial, sans-serif;\">El volante espa\u00f1ol\u00a0<b>Pedri<\/b>\u00a0(20) estar\u00e1 ausente de las canchas alrededor de cuatro semanas, debido a la lesi\u00f3n que sufre en el recto anterior del muslo derecho.<\/span><\/p>\n<p><span lang=\"ES-MX\" style=\"font-family: helvetica, arial, sans-serif;\">El jugador del l\u00edder de\u00a0<b>LaLiga<\/b>\u00a0debi\u00f3 abandonar el campo de juego a los 41 minutos, en el empate\u00a0<b>2-2 con el<\/b>\u00a0<b>Manchester United<\/b>, en la ida por la repesca de la\u00a0<b>Europa League<\/b>.<\/span><\/p>\n<p><span lang=\"ES-MX\" style=\"font-family: helvetica, arial, sans-serif;\">Pedri se perder\u00e1 el juego de vuelta de la serie la pr\u00f3xima semana en\u00a0<b>Old Trafford<\/b>, la ida de las semifinales de la\u00a0<b>Copa del Rey<\/b>\u00a0contra el\u00a0<b>Real Madrid<\/b>\u00a0el 2 de marzo y est\u00e1 en duda su presencia en\u00a0<b>el Cl\u00e1sico<\/b>\u00a0del 19 del mismo mes por el campeonato espa\u00f1ol.<\/span><\/p>\n","protected":false},"excerpt":{"rendered":"<p>El volante espa\u00f1ol\u00a0Pedri\u00a0(20) estar\u00e1 ausente de las canchas alrededor de cuatro semanas, debido a la lesi\u00f3n que sufre en el recto anterior del muslo derecho. El jugador del l\u00edder de\u00a0LaLiga\u00a0debi\u00f3 abandonar el campo de juego a los 41 minutos, en el empate\u00a02-2 con el\u00a0Manchester United, en la ida por la repesca de la\u00a0Europa League. Pedri [&hellip;]<\/p>\n","protected":false},"author":5,"featured_media":90809,"comment_status":"open","ping_status":"closed","sticky":false,"template":"","format":"standard","meta":{"_acf_changed":false,"footnotes":""},"categories":[152],"tags":[],"class_list":{"0":"post-90807","1":"post","2":"type-post","3":"status-publish","4":"format-standard","5":"has-post-thumbnail","7":"category-mundo-futbol"},"acf":[],"_links":{"self":[{"href":"https:\/\/futbolhoy.co\/index.php\/wp-json\/wp\/v2\/posts\/90807","targetHints":{"allow":["GET"]}}],"collection":[{"href":"https:\/\/futbolhoy.co\/index.php\/wp-json\/wp\/v2\/posts"}],"about":[{"href":"https:\/\/futbolhoy.co\/index.php\/wp-json\/wp\/v2\/types\/post"}],"author":[{"embeddable":true,"href":"https:\/\/futbolhoy.co\/index.php\/wp-json\/wp\/v2\/users\/5"}],"replies":[{"embeddable":true,"href":"https:\/\/futbolhoy.co\/index.php\/wp-json\/wp\/v2\/comments?post=90807"}],"version-history":[{"count":2,"href":"https:\/\/futbolhoy.co\/index.php\/wp-json\/wp\/v2\/posts\/90807\/revisions"}],"predecessor-version":[{"id":90812,"href":"https:\/\/futbolhoy.co\/index.php\/wp-json\/wp\/v2\/posts\/90807\/revisions\/90812"}],"wp:featuredmedia":[{"embeddable":true,"href":"https:\/\/futbolhoy.co\/index.php\/wp-json\/wp\/v2\/media\/90809"}],"wp:attachment":[{"href":"https:\/\/futbolhoy.co\/index.php\/wp-json\/wp\/v2\/media?parent=90807"}],"wp:term":[{"taxonomy":"category","embeddable":true,"href":"https:\/\/futbolhoy.co\/index.php\/wp-json\/wp\/v2\/categories?post=90807"},{"taxonomy":"post_tag","embeddable":true,"href":"https:\/\/futbolhoy.co\/index.php\/wp-json\/wp\/v2\/tags?post=90807"}],"curies":[{"name":"wp","href":"https:\/\/api.w.org\/{rel}","templated":true}]}}